{"id":2431,"date":"2023-03-23T15:19:10","date_gmt":"2023-03-23T14:19:10","guid":{"rendered":"https:\/\/blog.fondation-ove.fr\/villanelles\/?p=2431"},"modified":"2023-03-23T15:19:11","modified_gmt":"2023-03-23T14:19:11","slug":"inauguration-du-beauty-linstitut-de-beaute-ephemere-de-la-fondation-ove-au-centre-les-villanelles-ove-le-vendredi-3-mars-2023","status":"publish","type":"post","link":"https:\/\/blog.fondation-ove.fr\/villanelles\/2023\/03\/23\/inauguration-du-beauty-linstitut-de-beaute-ephemere-de-la-fondation-ove-au-centre-les-villanelles-ove-le-vendredi-3-mars-2023\/","title":{"rendered":"Inauguration du Beauty, l\u2019institut de Beaut\u00e9 \u00e9ph\u00e9m\u00e8re de la Fondation OVE, au Centre les Villanelles OVE, le vendredi 3 mars 2023"},"content":{"rendered":"\n<p><strong>Ce projet est port\u00e9 par le Centre les Villanelles, en collaboration avec le SESSAD Aline Renard. Son salon d&rsquo;entrainement, dont les travaux viennent de s&rsquo;achever, sont situ\u00e9s dans les locaux du Centre les Villanelles<\/strong><\/p>\n\n\n\n<p><strong><em>A propos de nous\u2026.&nbsp;<\/em><\/strong><strong><em>&nbsp;<\/em><\/strong><\/p>\n\n\n\n<p><em>\u00ab L\u2019institut de beaut\u00e9 et de bien-\u00eatre solidaire \u00bb ? C\u2019est ce que vous lisez sur ce v\u00e9hicule qui vient \u00e0 vous, pour vous, comme le carrosse de la belle au bois dormant. Nous venons jusqu\u2019au plus pr\u00e8s de vous, sur votre lieu de vie, dans votre entreprise, votre association ou votre boutique, pour vous proposer des soins individualis\u00e9s ou des ateliers collectifs. Il existe une autre conception du bien-\u00eatre et de la beaut\u00e9 o\u00f9 les ambitions sont simples, l\u2019\u00e9coute est bienveillante et les conseils experts. Une parenth\u00e8se o\u00f9 l\u2019on prend du temps pour soi. Un moment pour soi, pour les autres.&nbsp;<\/em><em>&nbsp;<\/em><\/p>\n\n\n\n<p><em>Les stagiaires de l\u2019institut sont des personnes en situation de handicap avec troubles du d\u00e9veloppement intellectuel, accueillies et accompagn\u00e9es par des \u00e9tablissements de la Fondation OVE. Les objectifs de l\u2019institut sont pluriels :&nbsp;<\/em><em>&nbsp;<\/em><\/p>\n\n\n\n<p><em>\u2022 Permettre \u00e0 ces personnes de d\u00e9couvrir le monde du travail et du bien-\u00eatre : les aider \u00e0 d\u00e9velopper les comp\u00e9tences li\u00e9es aux savoir-\u00eatre, ainsi qu\u2019aux savoir-faire professionnels, les aider \u00e0 prendre confiance, \u00e0 d\u00e9velopper une meilleure estime d\u2019elle-m\u00eame. Cela passe tout d\u2019abord par des apprentissages dans notre salon d\u2019entrainement (situ\u00e9 au Centre les Villanelles OVE, 56 rue Pierre Brunier \u00e0 Caluire-et-Cuire), dont les travaux viennent de se terminer et qui sera inaugur\u00e9 le 3 mars 2023&nbsp;<\/em><em>&nbsp;<\/em><\/p>\n\n\n\n<p><em>\u2022 D\u00e9velopper des actions solidaires et interg\u00e9n\u00e9rationnelles : nos stagiaires vont \u00e0 la rencontre des publics fragilis\u00e9s par l\u2019\u00e2ge, la maladie, le handicap ou la situation sociale, en leur proposant des soins esth\u00e9tiques&nbsp;<\/em><em>&nbsp;<\/em><\/p>\n\n\n\n<p><em>\u2022 D\u00e9velopper des prestations esth\u00e9tiques en entreprise. Cela s&rsquo;inscrit, pour l&rsquo;entreprise, tant dans sa QVT que dans sa RSE : il s&rsquo;agit en effet de proposer une \u00ab\u00a0bulle de bien-\u00eatre\u00a0\u00bb \u00e0 ses salari\u00e9s, mais aussi de travailler l&rsquo;approche de la diff\u00e9rence, de sensibiliser au handicap et de favoriser l\u2019inclusion au sein de ses salari\u00e9s. Ce peut-\u00eatre, par exemple, la constitution de bin\u00f4mes (une personne en situation de handicap et un salari\u00e9) qui vont \u00e0 la rencontre l\u2019un de l\u2019autre en confectionnant, ensemble, un cosm\u00e9tique \u00ab\u00a0maison\u00a0\u00bb. Puis, la personne en situation de handicap prend en charge le salari\u00e9 en lui prodiguant un massage de main (attention, nos stagiaires ont des doigts de f\u00e9es !)\u00a0<\/em><\/p>\n\n\n\n<figure class=\"wp-block-gallery has-nested-images columns-default is-cropped wp-block-gallery-1 is-layout-flex wp-block-gallery-is-layout-flex\">\n<figure class=\"wp-block-image size-large\"><a href=\"https:\/\/blog.fondation-ove.fr\/villanelles\/wp-content\/uploads\/sites\/29\/2023\/03\/1677920116089.jpg\"><img loading=\"lazy\" decoding=\"async\" width=\"1200\" height=\"675\" data-id=\"2435\" src=\"https:\/\/blog.fondation-ove.fr\/villanelles\/wp-content\/uploads\/sites\/29\/2023\/03\/1677920116089-1200x675.jpg\" alt=\"\" class=\"wp-image-2435\" srcset=\"https:\/\/blog.fondation-ove.fr\/villanelles\/wp-content\/uploads\/sites\/29\/2023\/03\/1677920116089-1200x675.jpg 1200w, https:\/\/blog.fondation-ove.fr\/villanelles\/wp-content\/uploads\/sites\/29\/2023\/03\/1677920116089-850x478.jpg 850w, https:\/\/blog.fondation-ove.fr\/villanelles\/wp-content\/uploads\/sites\/29\/2023\/03\/1677920116089-250x141.jpg 250w\" sizes=\"auto, (max-width: 1200px) 100vw, 1200px\" \/><\/a><\/figure>\n\n\n\n<figure class=\"wp-block-image size-large\"><a href=\"https:\/\/blog.fondation-ove.fr\/villanelles\/wp-content\/uploads\/sites\/29\/2023\/03\/image0000001_censored.jpg\"><img loading=\"lazy\" decoding=\"async\" width=\"723\" height=\"542\" data-id=\"2432\" src=\"https:\/\/blog.fondation-ove.fr\/villanelles\/wp-content\/uploads\/sites\/29\/2023\/03\/image0000001_censored.jpg\" alt=\"\" class=\"wp-image-2432\" \/><\/a><\/figure>\n\n\n\n<figure class=\"wp-block-image size-large\"><a href=\"https:\/\/blog.fondation-ove.fr\/villanelles\/wp-content\/uploads\/sites\/29\/2023\/03\/image00000211.jpg\"><img loading=\"lazy\" decoding=\"async\" width=\"1023\" height=\"675\" data-id=\"2436\" src=\"https:\/\/blog.fondation-ove.fr\/villanelles\/wp-content\/uploads\/sites\/29\/2023\/03\/image00000211-1023x675.jpg\" alt=\"\" class=\"wp-image-2436\" \/><\/a><\/figure>\n\n\n\n<figure class=\"wp-block-image size-large\"><a href=\"https:\/\/blog.fondation-ove.fr\/villanelles\/wp-content\/uploads\/sites\/29\/2023\/03\/image00000211_censored.jpg\"><img loading=\"lazy\" decoding=\"async\" width=\"1023\" height=\"675\" data-id=\"2434\" src=\"https:\/\/blog.fondation-ove.fr\/villanelles\/wp-content\/uploads\/sites\/29\/2023\/03\/image00000211_censored-1023x675.jpg\" alt=\"\" class=\"wp-image-2434\" \/><\/a><\/figure>\n\n\n\n<figure class=\"wp-block-image size-large\"><a href=\"https:\/\/blog.fondation-ove.fr\/villanelles\/wp-content\/uploads\/sites\/29\/2023\/03\/image00000311.jpg\"><img loading=\"lazy\" decoding=\"async\" width=\"1023\" height=\"675\" data-id=\"2437\" src=\"https:\/\/blog.fondation-ove.fr\/villanelles\/wp-content\/uploads\/sites\/29\/2023\/03\/image00000311-1023x675.jpg\" alt=\"\" class=\"wp-image-2437\" \/><\/a><\/figure>\n\n\n\n<figure class=\"wp-block-image size-large\"><a href=\"https:\/\/blog.fondation-ove.fr\/villanelles\/wp-content\/uploads\/sites\/29\/2023\/03\/image00000312-1.jpg\"><img loading=\"lazy\" decoding=\"async\" width=\"723\" height=\"542\" data-id=\"2438\" src=\"https:\/\/blog.fondation-ove.fr\/villanelles\/wp-content\/uploads\/sites\/29\/2023\/03\/image00000312-1.jpg\" alt=\"\" class=\"wp-image-2438\" \/><\/a><\/figure>\n\n\n\n<figure class=\"wp-block-image size-large\"><a href=\"https:\/\/blog.fondation-ove.fr\/villanelles\/wp-content\/uploads\/sites\/29\/2023\/03\/PHOTO-2023-03-03-17-18-583.jpg\"><img loading=\"lazy\" decoding=\"async\" width=\"1200\" height=\"675\" data-id=\"2439\" src=\"https:\/\/blog.fondation-ove.fr\/villanelles\/wp-content\/uploads\/sites\/29\/2023\/03\/PHOTO-2023-03-03-17-18-583-1200x675.jpg\" alt=\"\" class=\"wp-image-2439\" srcset=\"https:\/\/blog.fondation-ove.fr\/villanelles\/wp-content\/uploads\/sites\/29\/2023\/03\/PHOTO-2023-03-03-17-18-583-1200x675.jpg 1200w, https:\/\/blog.fondation-ove.fr\/villanelles\/wp-content\/uploads\/sites\/29\/2023\/03\/PHOTO-2023-03-03-17-18-583-850x478.jpg 850w, https:\/\/blog.fondation-ove.fr\/villanelles\/wp-content\/uploads\/sites\/29\/2023\/03\/PHOTO-2023-03-03-17-18-583-250x141.jpg 250w\" sizes=\"auto, (max-width: 1200px) 100vw, 1200px\" \/><\/a><\/figure>\n<\/figure>\n\n\n\n<figure class=\"wp-block-image size-large\"><a href=\"https:\/\/blog.fondation-ove.fr\/villanelles\/wp-content\/uploads\/sites\/29\/2023\/03\/IMG_20230303_153852_censored.jpg\"><img loading=\"lazy\" decoding=\"async\" width=\"1200\" height=\"675\" src=\"https:\/\/blog.fondation-ove.fr\/villanelles\/wp-content\/uploads\/sites\/29\/2023\/03\/IMG_20230303_153852_censored-1200x675.jpg\" alt=\"\" class=\"wp-image-2445\" srcset=\"https:\/\/blog.fondation-ove.fr\/villanelles\/wp-content\/uploads\/sites\/29\/2023\/03\/IMG_20230303_153852_censored-1200x675.jpg 1200w, https:\/\/blog.fondation-ove.fr\/villanelles\/wp-content\/uploads\/sites\/29\/2023\/03\/IMG_20230303_153852_censored-850x478.jpg 850w, https:\/\/blog.fondation-ove.fr\/villanelles\/wp-content\/uploads\/sites\/29\/2023\/03\/IMG_20230303_153852_censored-250x141.jpg 250w\" sizes=\"auto, (max-width: 1200px) 100vw, 1200px\" \/><\/a><\/figure>\n\n\n\n<figure class=\"wp-block-gallery has-nested-images columns-default is-cropped wp-block-gallery-2 is-layout-flex wp-block-gallery-is-layout-flex\">\n<figure class=\"wp-block-image size-large\"><a href=\"https:\/\/blog.fondation-ove.fr\/villanelles\/wp-content\/uploads\/sites\/29\/2023\/03\/IMG_20230303_160808-scaled.jpg\"><img loading=\"lazy\" decoding=\"async\" width=\"1200\" height=\"675\" data-id=\"2441\" src=\"https:\/\/blog.fondation-ove.fr\/villanelles\/wp-content\/uploads\/sites\/29\/2023\/03\/IMG_20230303_160808-1200x675.jpg\" alt=\"\" class=\"wp-image-2441\" srcset=\"https:\/\/blog.fondation-ove.fr\/villanelles\/wp-content\/uploads\/sites\/29\/2023\/03\/IMG_20230303_160808-1200x675.jpg 1200w, https:\/\/blog.fondation-ove.fr\/villanelles\/wp-content\/uploads\/sites\/29\/2023\/03\/IMG_20230303_160808-850x478.jpg 850w, https:\/\/blog.fondation-ove.fr\/villanelles\/wp-content\/uploads\/sites\/29\/2023\/03\/IMG_20230303_160808-250x141.jpg 250w\" sizes=\"auto, (max-width: 1200px) 100vw, 1200px\" \/><\/a><\/figure>\n\n\n\n<figure class=\"wp-block-image size-large\"><a href=\"https:\/\/blog.fondation-ove.fr\/villanelles\/wp-content\/uploads\/sites\/29\/2023\/03\/image00000312-1-1.jpg\"><img loading=\"lazy\" decoding=\"async\" width=\"723\" height=\"542\" data-id=\"2440\" src=\"https:\/\/blog.fondation-ove.fr\/villanelles\/wp-content\/uploads\/sites\/29\/2023\/03\/image00000312-1-1.jpg\" alt=\"\" class=\"wp-image-2440\" \/><\/a><\/figure>\n\n\n\n<figure class=\"wp-block-image size-large\"><a href=\"https:\/\/blog.fondation-ove.fr\/villanelles\/wp-content\/uploads\/sites\/29\/2023\/03\/IMG_20230303_153829-scaled.jpg\"><img loading=\"lazy\" decoding=\"async\" width=\"1200\" height=\"675\" data-id=\"2443\" src=\"https:\/\/blog.fondation-ove.fr\/villanelles\/wp-content\/uploads\/sites\/29\/2023\/03\/IMG_20230303_153829-1200x675.jpg\" alt=\"\" class=\"wp-image-2443\" srcset=\"https:\/\/blog.fondation-ove.fr\/villanelles\/wp-content\/uploads\/sites\/29\/2023\/03\/IMG_20230303_153829-1200x675.jpg 1200w, https:\/\/blog.fondation-ove.fr\/villanelles\/wp-content\/uploads\/sites\/29\/2023\/03\/IMG_20230303_153829-850x478.jpg 850w, https:\/\/blog.fondation-ove.fr\/villanelles\/wp-content\/uploads\/sites\/29\/2023\/03\/IMG_20230303_153829-250x141.jpg 250w\" sizes=\"auto, (max-width: 1200px) 100vw, 1200px\" \/><\/a><\/figure>\n\n\n\n<figure class=\"wp-block-image size-large\"><a href=\"https:\/\/blog.fondation-ove.fr\/villanelles\/wp-content\/uploads\/sites\/29\/2023\/03\/IMG_20230303_153905-scaled.jpg\"><img loading=\"lazy\" decoding=\"async\" width=\"1200\" height=\"675\" data-id=\"2442\" src=\"https:\/\/blog.fondation-ove.fr\/villanelles\/wp-content\/uploads\/sites\/29\/2023\/03\/IMG_20230303_153905-1200x675.jpg\" alt=\"\" class=\"wp-image-2442\" srcset=\"https:\/\/blog.fondation-ove.fr\/villanelles\/wp-content\/uploads\/sites\/29\/2023\/03\/IMG_20230303_153905-1200x675.jpg 1200w, https:\/\/blog.fondation-ove.fr\/villanelles\/wp-content\/uploads\/sites\/29\/2023\/03\/IMG_20230303_153905-850x478.jpg 850w, https:\/\/blog.fondation-ove.fr\/villanelles\/wp-content\/uploads\/sites\/29\/2023\/03\/IMG_20230303_153905-250x141.jpg 250w\" sizes=\"auto, (max-width: 1200px) 100vw, 1200px\" \/><\/a><\/figure>\n<\/figure>\n\n\n","protected":false},"excerpt":{"rendered":"<p>Ce projet est port\u00e9 par le Centre les Villanelles, en collaboration avec le SESSAD Aline Renard. Son salon d&rsquo;entrainement, dont les travaux viennent de s&rsquo;achever, sont situ\u00e9s dans les locaux du Centre les Villanelles A propos de nous\u2026.&nbsp;&nbsp; \u00ab L\u2019institut de beaut\u00e9 et de bien-\u00eatre solidaire \u00bb ? C\u2019est ce que vous lisez sur ce &hellip; <a href=\"https:\/\/blog.fondation-ove.fr\/villanelles\/2023\/03\/23\/inauguration-du-beauty-linstitut-de-beaute-ephemere-de-la-fondation-ove-au-centre-les-villanelles-ove-le-vendredi-3-mars-2023\/\" class=\"more-link\">Continuer la lecture de <span class=\"screen-reader-text\">Inauguration du Beauty, l\u2019institut de Beaut\u00e9 \u00e9ph\u00e9m\u00e8re de la Fondation OVE, au Centre les Villanelles OVE, le vendredi 3 mars 2023<\/span>  <span class=\"meta-nav\">&rarr;<\/span><\/a><\/p>\n","protected":false},"author":561,"featured_media":0,"comment_status":"open","ping_status":"open","sticky":false,"template":"","format":"standard","meta":{"ngg_post_thumbnail":0,"footnotes":""},"categories":[1],"tags":[],"class_list":["post-2431","post","type-post","status-publish","format-standard","hentry","category-non-classe"],"_links":{"self":[{"href":"https:\/\/blog.fondation-ove.fr\/villanelles\/wp-json\/wp\/v2\/posts\/2431","targetHints":{"allow":["GET"]}}],"collection":[{"href":"https:\/\/blog.fondation-ove.fr\/villanelles\/wp-json\/wp\/v2\/posts"}],"about":[{"href":"https:\/\/blog.fondation-ove.fr\/villanelles\/wp-json\/wp\/v2\/types\/post"}],"author":[{"embeddable":true,"href":"https:\/\/blog.fondation-ove.fr\/villanelles\/wp-json\/wp\/v2\/users\/561"}],"replies":[{"embeddable":true,"href":"https:\/\/blog.fondation-ove.fr\/villanelles\/wp-json\/wp\/v2\/comments?post=2431"}],"version-history":[{"count":3,"href":"https:\/\/blog.fondation-ove.fr\/villanelles\/wp-json\/wp\/v2\/posts\/2431\/revisions"}],"predecessor-version":[{"id":2447,"href":"https:\/\/blog.fondation-ove.fr\/villanelles\/wp-json\/wp\/v2\/posts\/2431\/revisions\/2447"}],"wp:attachment":[{"href":"https:\/\/blog.fondation-ove.fr\/villanelles\/wp-json\/wp\/v2\/media?parent=2431"}],"wp:term":[{"taxonomy":"category","embeddable":true,"href":"https:\/\/blog.fondation-ove.fr\/villanelles\/wp-json\/wp\/v2\/categories?post=2431"},{"taxonomy":"post_tag","embeddable":true,"href":"https:\/\/blog.fondation-ove.fr\/villanelles\/wp-json\/wp\/v2\/tags?post=2431"}],"curies":[{"name":"wp","href":"https:\/\/api.w.org\/{rel}","templated":true}]}}