{"id":2174,"date":"2022-07-13T10:05:05","date_gmt":"2022-07-13T09:05:05","guid":{"rendered":"https:\/\/blog.fondation-ove.fr\/villanelles\/?p=2174"},"modified":"2022-07-13T10:05:06","modified_gmt":"2022-07-13T09:05:06","slug":"beauty-truck-a-la-direction-generale-dove","status":"publish","type":"post","link":"https:\/\/blog.fondation-ove.fr\/villanelles\/2022\/07\/13\/beauty-truck-a-la-direction-generale-dove\/","title":{"rendered":"Beauty Truck a la Direction G\u00e9n\u00e9rale d&rsquo;OVE"},"content":{"rendered":"\n<figure class=\"wp-block-gallery has-nested-images columns-default is-cropped wp-block-gallery-1 is-layout-flex wp-block-gallery-is-layout-flex\">\n<figure class=\"wp-block-image size-large\"><a href=\"https:\/\/blog.fondation-ove.fr\/villanelles\/wp-content\/uploads\/sites\/29\/2022\/07\/20220627_124902_censored.jpg\"><img loading=\"lazy\" decoding=\"async\" width=\"1200\" height=\"675\" data-id=\"2176\" src=\"https:\/\/blog.fondation-ove.fr\/villanelles\/wp-content\/uploads\/sites\/29\/2022\/07\/20220627_124902_censored-1200x675.jpg\" alt=\"\" class=\"wp-image-2176\" srcset=\"https:\/\/blog.fondation-ove.fr\/villanelles\/wp-content\/uploads\/sites\/29\/2022\/07\/20220627_124902_censored-1200x675.jpg 1200w, https:\/\/blog.fondation-ove.fr\/villanelles\/wp-content\/uploads\/sites\/29\/2022\/07\/20220627_124902_censored-850x478.jpg 850w, https:\/\/blog.fondation-ove.fr\/villanelles\/wp-content\/uploads\/sites\/29\/2022\/07\/20220627_124902_censored-250x141.jpg 250w\" sizes=\"auto, (max-width: 1200px) 100vw, 1200px\" \/><\/a><\/figure>\n\n\n\n<figure class=\"wp-block-image size-large\"><a href=\"https:\/\/blog.fondation-ove.fr\/villanelles\/wp-content\/uploads\/sites\/29\/2022\/07\/20220627_130037-scaled.jpg\"><img loading=\"lazy\" decoding=\"async\" width=\"1200\" height=\"675\" data-id=\"2177\" src=\"https:\/\/blog.fondation-ove.fr\/villanelles\/wp-content\/uploads\/sites\/29\/2022\/07\/20220627_130037-1200x675.jpg\" alt=\"\" class=\"wp-image-2177\" srcset=\"https:\/\/blog.fondation-ove.fr\/villanelles\/wp-content\/uploads\/sites\/29\/2022\/07\/20220627_130037-1200x675.jpg 1200w, https:\/\/blog.fondation-ove.fr\/villanelles\/wp-content\/uploads\/sites\/29\/2022\/07\/20220627_130037-850x478.jpg 850w, https:\/\/blog.fondation-ove.fr\/villanelles\/wp-content\/uploads\/sites\/29\/2022\/07\/20220627_130037-250x141.jpg 250w\" sizes=\"auto, (max-width: 1200px) 100vw, 1200px\" \/><\/a><\/figure>\n\n\n\n<figure class=\"wp-block-image size-large\"><a href=\"https:\/\/blog.fondation-ove.fr\/villanelles\/wp-content\/uploads\/sites\/29\/2022\/07\/20220627_124054_censored.jpg\"><img loading=\"lazy\" decoding=\"async\" width=\"1200\" height=\"675\" data-id=\"2175\" src=\"https:\/\/blog.fondation-ove.fr\/villanelles\/wp-content\/uploads\/sites\/29\/2022\/07\/20220627_124054_censored-1200x675.jpg\" alt=\"\" class=\"wp-image-2175\" srcset=\"https:\/\/blog.fondation-ove.fr\/villanelles\/wp-content\/uploads\/sites\/29\/2022\/07\/20220627_124054_censored-1200x675.jpg 1200w, https:\/\/blog.fondation-ove.fr\/villanelles\/wp-content\/uploads\/sites\/29\/2022\/07\/20220627_124054_censored-850x478.jpg 850w, https:\/\/blog.fondation-ove.fr\/villanelles\/wp-content\/uploads\/sites\/29\/2022\/07\/20220627_124054_censored-250x141.jpg 250w\" sizes=\"auto, (max-width: 1200px) 100vw, 1200px\" \/><\/a><\/figure>\n\n\n\n<figure class=\"wp-block-image size-large\"><a href=\"https:\/\/blog.fondation-ove.fr\/villanelles\/wp-content\/uploads\/sites\/29\/2022\/07\/20220627_124120-scaled.jpg\"><img loading=\"lazy\" decoding=\"async\" width=\"1200\" height=\"675\" data-id=\"2178\" src=\"https:\/\/blog.fondation-ove.fr\/villanelles\/wp-content\/uploads\/sites\/29\/2022\/07\/20220627_124120-1200x675.jpg\" alt=\"\" class=\"wp-image-2178\" srcset=\"https:\/\/blog.fondation-ove.fr\/villanelles\/wp-content\/uploads\/sites\/29\/2022\/07\/20220627_124120-1200x675.jpg 1200w, https:\/\/blog.fondation-ove.fr\/villanelles\/wp-content\/uploads\/sites\/29\/2022\/07\/20220627_124120-850x478.jpg 850w, https:\/\/blog.fondation-ove.fr\/villanelles\/wp-content\/uploads\/sites\/29\/2022\/07\/20220627_124120-250x141.jpg 250w\" sizes=\"auto, (max-width: 1200px) 100vw, 1200px\" \/><\/a><\/figure>\n<\/figure>\n\n\n\n<p class=\"has-text-align-center\"><em>Merci a C\u00e9line, Mirabelle, In\u00e8s, St\u00e9phanie et \u00e0 nos \u00e9ducatrices Natacha et Nelly pour leurs prestations au sein de la Direction G\u00e9n\u00e9rale d&rsquo;OVE. <\/em><\/p>\n","protected":false},"excerpt":{"rendered":"<p>Merci a C\u00e9line, Mirabelle, In\u00e8s, St\u00e9phanie et \u00e0 nos \u00e9ducatrices Natacha et Nelly pour leurs prestations au sein de la Direction G\u00e9n\u00e9rale d&rsquo;OVE.<\/p>\n","protected":false},"author":561,"featured_media":0,"comment_status":"open","ping_status":"open","sticky":false,"template":"","format":"standard","meta":{"ngg_post_thumbnail":0,"footnotes":""},"categories":[1],"tags":[],"class_list":["post-2174","post","type-post","status-publish","format-standard","hentry","category-non-classe"],"_links":{"self":[{"href":"https:\/\/blog.fondation-ove.fr\/villanelles\/wp-json\/wp\/v2\/posts\/2174","targetHints":{"allow":["GET"]}}],"collection":[{"href":"https:\/\/blog.fondation-ove.fr\/villanelles\/wp-json\/wp\/v2\/posts"}],"about":[{"href":"https:\/\/blog.fondation-ove.fr\/villanelles\/wp-json\/wp\/v2\/types\/post"}],"author":[{"embeddable":true,"href":"https:\/\/blog.fondation-ove.fr\/villanelles\/wp-json\/wp\/v2\/users\/561"}],"replies":[{"embeddable":true,"href":"https:\/\/blog.fondation-ove.fr\/villanelles\/wp-json\/wp\/v2\/comments?post=2174"}],"version-history":[{"count":2,"href":"https:\/\/blog.fondation-ove.fr\/villanelles\/wp-json\/wp\/v2\/posts\/2174\/revisions"}],"predecessor-version":[{"id":2180,"href":"https:\/\/blog.fondation-ove.fr\/villanelles\/wp-json\/wp\/v2\/posts\/2174\/revisions\/2180"}],"wp:attachment":[{"href":"https:\/\/blog.fondation-ove.fr\/villanelles\/wp-json\/wp\/v2\/media?parent=2174"}],"wp:term":[{"taxonomy":"category","embeddable":true,"href":"https:\/\/blog.fondation-ove.fr\/villanelles\/wp-json\/wp\/v2\/categories?post=2174"},{"taxonomy":"post_tag","embeddable":true,"href":"https:\/\/blog.fondation-ove.fr\/villanelles\/wp-json\/wp\/v2\/tags?post=2174"}],"curies":[{"name":"wp","href":"https:\/\/api.w.org\/{rel}","templated":true}]}}