{"id":1904,"date":"2022-03-15T15:58:09","date_gmt":"2022-03-15T14:58:09","guid":{"rendered":"https:\/\/blog.fondation-ove.fr\/villanelles\/?p=1904"},"modified":"2022-03-16T15:34:17","modified_gmt":"2022-03-16T14:34:17","slug":"sortie-cirque-du-8-mars","status":"publish","type":"post","link":"https:\/\/blog.fondation-ove.fr\/villanelles\/2022\/03\/15\/sortie-cirque-du-8-mars\/","title":{"rendered":"CIRQUE &#8211; 3 MARS 2022"},"content":{"rendered":"\n<figure class=\"wp-block-gallery columns-3 is-cropped wp-block-gallery-1 is-layout-flex wp-block-gallery-is-layout-flex\"><ul class=\"blocks-gallery-grid\"><li class=\"blocks-gallery-item\"><figure><a href=\"https:\/\/blog.fondation-ove.fr\/villanelles\/wp-content\/uploads\/sites\/29\/2022\/03\/CAJ-20220303_114703-2-scaled.jpg\"><img loading=\"lazy\" decoding=\"async\" width=\"1200\" height=\"675\" src=\"https:\/\/blog.fondation-ove.fr\/villanelles\/wp-content\/uploads\/sites\/29\/2022\/03\/CAJ-20220303_114703-2-1200x675.jpg\" alt=\"\" data-id=\"1907\" data-full-url=\"https:\/\/blog.fondation-ove.fr\/villanelles\/wp-content\/uploads\/sites\/29\/2022\/03\/CAJ-20220303_114703-2-scaled.jpg\" data-link=\"https:\/\/blog.fondation-ove.fr\/villanelles\/?attachment_id=1907\" class=\"wp-image-1907\" srcset=\"https:\/\/blog.fondation-ove.fr\/villanelles\/wp-content\/uploads\/sites\/29\/2022\/03\/CAJ-20220303_114703-2-1200x675.jpg 1200w, https:\/\/blog.fondation-ove.fr\/villanelles\/wp-content\/uploads\/sites\/29\/2022\/03\/CAJ-20220303_114703-2-850x478.jpg 850w, https:\/\/blog.fondation-ove.fr\/villanelles\/wp-content\/uploads\/sites\/29\/2022\/03\/CAJ-20220303_114703-2-250x141.jpg 250w\" sizes=\"auto, (max-width: 1200px) 100vw, 1200px\" \/><\/a><\/figure><\/li><li class=\"blocks-gallery-item\"><figure><a href=\"https:\/\/blog.fondation-ove.fr\/villanelles\/wp-content\/uploads\/sites\/29\/2022\/03\/CAJ-20220303_134035-scaled.jpg\"><img loading=\"lazy\" decoding=\"async\" width=\"1200\" height=\"675\" src=\"https:\/\/blog.fondation-ove.fr\/villanelles\/wp-content\/uploads\/sites\/29\/2022\/03\/CAJ-20220303_134035-1200x675.jpg\" alt=\"\" data-id=\"1908\" data-full-url=\"https:\/\/blog.fondation-ove.fr\/villanelles\/wp-content\/uploads\/sites\/29\/2022\/03\/CAJ-20220303_134035-scaled.jpg\" data-link=\"https:\/\/blog.fondation-ove.fr\/villanelles\/?attachment_id=1908\" class=\"wp-image-1908\" srcset=\"https:\/\/blog.fondation-ove.fr\/villanelles\/wp-content\/uploads\/sites\/29\/2022\/03\/CAJ-20220303_134035-1200x675.jpg 1200w, https:\/\/blog.fondation-ove.fr\/villanelles\/wp-content\/uploads\/sites\/29\/2022\/03\/CAJ-20220303_134035-850x478.jpg 850w, https:\/\/blog.fondation-ove.fr\/villanelles\/wp-content\/uploads\/sites\/29\/2022\/03\/CAJ-20220303_134035-250x141.jpg 250w\" sizes=\"auto, (max-width: 1200px) 100vw, 1200px\" \/><\/a><\/figure><\/li><li class=\"blocks-gallery-item\"><figure><a href=\"https:\/\/blog.fondation-ove.fr\/villanelles\/wp-content\/uploads\/sites\/29\/2022\/03\/CAJ-20220303_141044-scaled.jpg\"><img loading=\"lazy\" decoding=\"async\" width=\"1200\" height=\"675\" src=\"https:\/\/blog.fondation-ove.fr\/villanelles\/wp-content\/uploads\/sites\/29\/2022\/03\/CAJ-20220303_141044-1200x675.jpg\" alt=\"\" data-id=\"1909\" data-full-url=\"https:\/\/blog.fondation-ove.fr\/villanelles\/wp-content\/uploads\/sites\/29\/2022\/03\/CAJ-20220303_141044-scaled.jpg\" data-link=\"https:\/\/blog.fondation-ove.fr\/villanelles\/?attachment_id=1909\" class=\"wp-image-1909\" srcset=\"https:\/\/blog.fondation-ove.fr\/villanelles\/wp-content\/uploads\/sites\/29\/2022\/03\/CAJ-20220303_141044-1200x675.jpg 1200w, https:\/\/blog.fondation-ove.fr\/villanelles\/wp-content\/uploads\/sites\/29\/2022\/03\/CAJ-20220303_141044-850x478.jpg 850w, https:\/\/blog.fondation-ove.fr\/villanelles\/wp-content\/uploads\/sites\/29\/2022\/03\/CAJ-20220303_141044-250x141.jpg 250w\" sizes=\"auto, (max-width: 1200px) 100vw, 1200px\" \/><\/a><\/figure><\/li><li class=\"blocks-gallery-item\"><figure><a href=\"https:\/\/blog.fondation-ove.fr\/villanelles\/wp-content\/uploads\/sites\/29\/2022\/03\/CAJ-IMG_6830-scaled.jpg\"><img loading=\"lazy\" decoding=\"async\" width=\"1200\" height=\"675\" src=\"https:\/\/blog.fondation-ove.fr\/villanelles\/wp-content\/uploads\/sites\/29\/2022\/03\/CAJ-IMG_6830-1200x675.jpg\" alt=\"\" data-id=\"1910\" data-full-url=\"https:\/\/blog.fondation-ove.fr\/villanelles\/wp-content\/uploads\/sites\/29\/2022\/03\/CAJ-IMG_6830-scaled.jpg\" data-link=\"https:\/\/blog.fondation-ove.fr\/villanelles\/?attachment_id=1910\" class=\"wp-image-1910\" srcset=\"https:\/\/blog.fondation-ove.fr\/villanelles\/wp-content\/uploads\/sites\/29\/2022\/03\/CAJ-IMG_6830-1200x675.jpg 1200w, https:\/\/blog.fondation-ove.fr\/villanelles\/wp-content\/uploads\/sites\/29\/2022\/03\/CAJ-IMG_6830-850x478.jpg 850w, https:\/\/blog.fondation-ove.fr\/villanelles\/wp-content\/uploads\/sites\/29\/2022\/03\/CAJ-IMG_6830-250x141.jpg 250w\" sizes=\"auto, (max-width: 1200px) 100vw, 1200px\" \/><\/a><\/figure><\/li><li class=\"blocks-gallery-item\"><figure><a href=\"https:\/\/blog.fondation-ove.fr\/villanelles\/wp-content\/uploads\/sites\/29\/2022\/03\/CAJ-IMG_6831-scaled.jpg\"><img loading=\"lazy\" decoding=\"async\" width=\"1200\" height=\"675\" src=\"https:\/\/blog.fondation-ove.fr\/villanelles\/wp-content\/uploads\/sites\/29\/2022\/03\/CAJ-IMG_6831-1200x675.jpg\" alt=\"\" data-id=\"1911\" data-full-url=\"https:\/\/blog.fondation-ove.fr\/villanelles\/wp-content\/uploads\/sites\/29\/2022\/03\/CAJ-IMG_6831-scaled.jpg\" data-link=\"https:\/\/blog.fondation-ove.fr\/villanelles\/?attachment_id=1911\" class=\"wp-image-1911\" srcset=\"https:\/\/blog.fondation-ove.fr\/villanelles\/wp-content\/uploads\/sites\/29\/2022\/03\/CAJ-IMG_6831-1200x675.jpg 1200w, https:\/\/blog.fondation-ove.fr\/villanelles\/wp-content\/uploads\/sites\/29\/2022\/03\/CAJ-IMG_6831-850x478.jpg 850w, https:\/\/blog.fondation-ove.fr\/villanelles\/wp-content\/uploads\/sites\/29\/2022\/03\/CAJ-IMG_6831-250x141.jpg 250w\" sizes=\"auto, (max-width: 1200px) 100vw, 1200px\" \/><\/a><\/figure><\/li><li class=\"blocks-gallery-item\"><figure><a href=\"https:\/\/blog.fondation-ove.fr\/villanelles\/wp-content\/uploads\/sites\/29\/2022\/03\/CAJ-IMG_6832-scaled.jpg\"><img loading=\"lazy\" decoding=\"async\" width=\"1200\" height=\"675\" src=\"https:\/\/blog.fondation-ove.fr\/villanelles\/wp-content\/uploads\/sites\/29\/2022\/03\/CAJ-IMG_6832-1200x675.jpg\" alt=\"\" data-id=\"1912\" data-full-url=\"https:\/\/blog.fondation-ove.fr\/villanelles\/wp-content\/uploads\/sites\/29\/2022\/03\/CAJ-IMG_6832-scaled.jpg\" data-link=\"https:\/\/blog.fondation-ove.fr\/villanelles\/?attachment_id=1912\" class=\"wp-image-1912\" srcset=\"https:\/\/blog.fondation-ove.fr\/villanelles\/wp-content\/uploads\/sites\/29\/2022\/03\/CAJ-IMG_6832-1200x675.jpg 1200w, https:\/\/blog.fondation-ove.fr\/villanelles\/wp-content\/uploads\/sites\/29\/2022\/03\/CAJ-IMG_6832-850x478.jpg 850w, https:\/\/blog.fondation-ove.fr\/villanelles\/wp-content\/uploads\/sites\/29\/2022\/03\/CAJ-IMG_6832-250x141.jpg 250w\" sizes=\"auto, (max-width: 1200px) 100vw, 1200px\" \/><\/a><\/figure><\/li><li class=\"blocks-gallery-item\"><figure><a href=\"https:\/\/blog.fondation-ove.fr\/villanelles\/wp-content\/uploads\/sites\/29\/2022\/03\/CAJ-IMG_6837-scaled.jpg\"><img loading=\"lazy\" decoding=\"async\" width=\"1200\" height=\"675\" src=\"https:\/\/blog.fondation-ove.fr\/villanelles\/wp-content\/uploads\/sites\/29\/2022\/03\/CAJ-IMG_6837-1200x675.jpg\" alt=\"\" data-id=\"1913\" data-full-url=\"https:\/\/blog.fondation-ove.fr\/villanelles\/wp-content\/uploads\/sites\/29\/2022\/03\/CAJ-IMG_6837-scaled.jpg\" data-link=\"https:\/\/blog.fondation-ove.fr\/villanelles\/?attachment_id=1913\" class=\"wp-image-1913\" srcset=\"https:\/\/blog.fondation-ove.fr\/villanelles\/wp-content\/uploads\/sites\/29\/2022\/03\/CAJ-IMG_6837-1200x675.jpg 1200w, https:\/\/blog.fondation-ove.fr\/villanelles\/wp-content\/uploads\/sites\/29\/2022\/03\/CAJ-IMG_6837-850x478.jpg 850w, https:\/\/blog.fondation-ove.fr\/villanelles\/wp-content\/uploads\/sites\/29\/2022\/03\/CAJ-IMG_6837-250x141.jpg 250w\" sizes=\"auto, (max-width: 1200px) 100vw, 1200px\" \/><\/a><\/figure><\/li><li class=\"blocks-gallery-item\"><figure><a href=\"https:\/\/blog.fondation-ove.fr\/villanelles\/wp-content\/uploads\/sites\/29\/2022\/03\/CAJ-IMG_6839-scaled.jpg\"><img loading=\"lazy\" decoding=\"async\" width=\"1200\" height=\"675\" src=\"https:\/\/blog.fondation-ove.fr\/villanelles\/wp-content\/uploads\/sites\/29\/2022\/03\/CAJ-IMG_6839-1200x675.jpg\" alt=\"\" data-id=\"1914\" data-full-url=\"https:\/\/blog.fondation-ove.fr\/villanelles\/wp-content\/uploads\/sites\/29\/2022\/03\/CAJ-IMG_6839-scaled.jpg\" data-link=\"https:\/\/blog.fondation-ove.fr\/villanelles\/?attachment_id=1914\" class=\"wp-image-1914\" srcset=\"https:\/\/blog.fondation-ove.fr\/villanelles\/wp-content\/uploads\/sites\/29\/2022\/03\/CAJ-IMG_6839-1200x675.jpg 1200w, https:\/\/blog.fondation-ove.fr\/villanelles\/wp-content\/uploads\/sites\/29\/2022\/03\/CAJ-IMG_6839-850x478.jpg 850w, https:\/\/blog.fondation-ove.fr\/villanelles\/wp-content\/uploads\/sites\/29\/2022\/03\/CAJ-IMG_6839-250x141.jpg 250w\" sizes=\"auto, (max-width: 1200px) 100vw, 1200px\" \/><\/a><\/figure><\/li><li class=\"blocks-gallery-item\"><figure><a href=\"https:\/\/blog.fondation-ove.fr\/villanelles\/wp-content\/uploads\/sites\/29\/2022\/03\/CAJ-IMG_6845-scaled.jpg\"><img loading=\"lazy\" decoding=\"async\" width=\"1200\" height=\"675\" src=\"https:\/\/blog.fondation-ove.fr\/villanelles\/wp-content\/uploads\/sites\/29\/2022\/03\/CAJ-IMG_6845-1200x675.jpg\" alt=\"\" data-id=\"1915\" data-full-url=\"https:\/\/blog.fondation-ove.fr\/villanelles\/wp-content\/uploads\/sites\/29\/2022\/03\/CAJ-IMG_6845-scaled.jpg\" data-link=\"https:\/\/blog.fondation-ove.fr\/villanelles\/?attachment_id=1915\" class=\"wp-image-1915\" srcset=\"https:\/\/blog.fondation-ove.fr\/villanelles\/wp-content\/uploads\/sites\/29\/2022\/03\/CAJ-IMG_6845-1200x675.jpg 1200w, https:\/\/blog.fondation-ove.fr\/villanelles\/wp-content\/uploads\/sites\/29\/2022\/03\/CAJ-IMG_6845-850x478.jpg 850w, https:\/\/blog.fondation-ove.fr\/villanelles\/wp-content\/uploads\/sites\/29\/2022\/03\/CAJ-IMG_6845-250x141.jpg 250w\" sizes=\"auto, (max-width: 1200px) 100vw, 1200px\" \/><\/a><\/figure><\/li><\/ul><figcaption class=\"blocks-gallery-caption\">Journ\u00e9e cirque organis\u00e9e par le Sport Adapt\u00e9 \u00e0 V\u00e9nissieux<\/figcaption><\/figure>\n\n\n\n<p><\/p>\n","protected":false},"excerpt":{"rendered":"","protected":false},"author":561,"featured_media":0,"comment_status":"open","ping_status":"open","sticky":false,"template":"","format":"standard","meta":{"ngg_post_thumbnail":0,"footnotes":""},"categories":[1],"tags":[],"class_list":["post-1904","post","type-post","status-publish","format-standard","hentry","category-non-classe"],"_links":{"self":[{"href":"https:\/\/blog.fondation-ove.fr\/villanelles\/wp-json\/wp\/v2\/posts\/1904","targetHints":{"allow":["GET"]}}],"collection":[{"href":"https:\/\/blog.fondation-ove.fr\/villanelles\/wp-json\/wp\/v2\/posts"}],"about":[{"href":"https:\/\/blog.fondation-ove.fr\/villanelles\/wp-json\/wp\/v2\/types\/post"}],"author":[{"embeddable":true,"href":"https:\/\/blog.fondation-ove.fr\/villanelles\/wp-json\/wp\/v2\/users\/561"}],"replies":[{"embeddable":true,"href":"https:\/\/blog.fondation-ove.fr\/villanelles\/wp-json\/wp\/v2\/comments?post=1904"}],"version-history":[{"count":3,"href":"https:\/\/blog.fondation-ove.fr\/villanelles\/wp-json\/wp\/v2\/posts\/1904\/revisions"}],"predecessor-version":[{"id":1942,"href":"https:\/\/blog.fondation-ove.fr\/villanelles\/wp-json\/wp\/v2\/posts\/1904\/revisions\/1942"}],"wp:attachment":[{"href":"https:\/\/blog.fondation-ove.fr\/villanelles\/wp-json\/wp\/v2\/media?parent=1904"}],"wp:term":[{"taxonomy":"category","embeddable":true,"href":"https:\/\/blog.fondation-ove.fr\/villanelles\/wp-json\/wp\/v2\/categories?post=1904"},{"taxonomy":"post_tag","embeddable":true,"href":"https:\/\/blog.fondation-ove.fr\/villanelles\/wp-json\/wp\/v2\/tags?post=1904"}],"curies":[{"name":"wp","href":"https:\/\/api.w.org\/{rel}","templated":true}]}}