{"id":1726,"date":"2021-07-20T14:32:12","date_gmt":"2021-07-20T13:32:12","guid":{"rendered":"https:\/\/blog.fondation-ove.fr\/villanelles\/?p=1726"},"modified":"2022-03-15T14:30:29","modified_gmt":"2022-03-15T13:30:29","slug":"barbecue","status":"publish","type":"post","link":"https:\/\/blog.fondation-ove.fr\/villanelles\/2021\/07\/20\/barbecue\/","title":{"rendered":"Barbecue organis\u00e9 par le groupe March\u00e9"},"content":{"rendered":"\n<figure class=\"wp-block-gallery columns-2 is-cropped wp-block-gallery-1 is-layout-flex wp-block-gallery-is-layout-flex\"><ul class=\"blocks-gallery-grid\"><li class=\"blocks-gallery-item\"><figure><a href=\"https:\/\/blog.fondation-ove.fr\/villanelles\/wp-content\/uploads\/sites\/29\/2021\/07\/UWAY8942.jpg\"><img loading=\"lazy\" decoding=\"async\" width=\"900\" height=\"675\" src=\"https:\/\/blog.fondation-ove.fr\/villanelles\/wp-content\/uploads\/sites\/29\/2021\/07\/UWAY8942-900x675.jpg\" alt=\"\" data-id=\"1731\" data-full-url=\"https:\/\/blog.fondation-ove.fr\/villanelles\/wp-content\/uploads\/sites\/29\/2021\/07\/UWAY8942.jpg\" data-link=\"https:\/\/blog.fondation-ove.fr\/villanelles\/?attachment_id=1731\" class=\"wp-image-1731\" \/><\/a><\/figure><\/li><li class=\"blocks-gallery-item\"><figure><a href=\"https:\/\/blog.fondation-ove.fr\/villanelles\/wp-content\/uploads\/sites\/29\/2021\/07\/YDCG0410.jpg\"><img loading=\"lazy\" decoding=\"async\" width=\"900\" height=\"675\" src=\"https:\/\/blog.fondation-ove.fr\/villanelles\/wp-content\/uploads\/sites\/29\/2021\/07\/YDCG0410-900x675.jpg\" alt=\"\" data-id=\"1733\" data-full-url=\"https:\/\/blog.fondation-ove.fr\/villanelles\/wp-content\/uploads\/sites\/29\/2021\/07\/YDCG0410.jpg\" data-link=\"https:\/\/blog.fondation-ove.fr\/villanelles\/?attachment_id=1733\" class=\"wp-image-1733\" \/><\/a><\/figure><\/li><\/ul><\/figure>\n\n\n\n<p>Pour finaliser d&rsquo;une fa\u00e7on festive l\u2019activit\u00e9 march\u00e9 du mardi matin, nous avons organis\u00e9 avec le groupe un Barbecue. Les r\u00e9sidents ont ador\u00e9 \ud83d\ude42 \ud83d\ude42 <\/p>\n","protected":false},"excerpt":{"rendered":"<p>Pour finaliser d&rsquo;une fa\u00e7on festive l\u2019activit\u00e9 march\u00e9 du mardi matin, nous avons organis\u00e9 avec le groupe un Barbecue. Les r\u00e9sidents ont ador\u00e9 \ud83d\ude42 \ud83d\ude42<\/p>\n","protected":false},"author":561,"featured_media":0,"comment_status":"open","ping_status":"open","sticky":false,"template":"","format":"standard","meta":{"ngg_post_thumbnail":0,"footnotes":""},"categories":[1],"tags":[],"class_list":["post-1726","post","type-post","status-publish","format-standard","hentry","category-non-classe"],"_links":{"self":[{"href":"https:\/\/blog.fondation-ove.fr\/villanelles\/wp-json\/wp\/v2\/posts\/1726","targetHints":{"allow":["GET"]}}],"collection":[{"href":"https:\/\/blog.fondation-ove.fr\/villanelles\/wp-json\/wp\/v2\/posts"}],"about":[{"href":"https:\/\/blog.fondation-ove.fr\/villanelles\/wp-json\/wp\/v2\/types\/post"}],"author":[{"embeddable":true,"href":"https:\/\/blog.fondation-ove.fr\/villanelles\/wp-json\/wp\/v2\/users\/561"}],"replies":[{"embeddable":true,"href":"https:\/\/blog.fondation-ove.fr\/villanelles\/wp-json\/wp\/v2\/comments?post=1726"}],"version-history":[{"count":4,"href":"https:\/\/blog.fondation-ove.fr\/villanelles\/wp-json\/wp\/v2\/posts\/1726\/revisions"}],"predecessor-version":[{"id":1896,"href":"https:\/\/blog.fondation-ove.fr\/villanelles\/wp-json\/wp\/v2\/posts\/1726\/revisions\/1896"}],"wp:attachment":[{"href":"https:\/\/blog.fondation-ove.fr\/villanelles\/wp-json\/wp\/v2\/media?parent=1726"}],"wp:term":[{"taxonomy":"category","embeddable":true,"href":"https:\/\/blog.fondation-ove.fr\/villanelles\/wp-json\/wp\/v2\/categories?post=1726"},{"taxonomy":"post_tag","embeddable":true,"href":"https:\/\/blog.fondation-ove.fr\/villanelles\/wp-json\/wp\/v2\/tags?post=1726"}],"curies":[{"name":"wp","href":"https:\/\/api.w.org\/{rel}","templated":true}]}}