{"id":1674,"date":"2021-07-08T09:45:21","date_gmt":"2021-07-08T08:45:21","guid":{"rendered":"https:\/\/blog.fondation-ove.fr\/villanelles\/?p=1674"},"modified":"2022-03-15T14:34:00","modified_gmt":"2022-03-15T13:34:00","slug":"sortit-restaurant-groupe-esthetique","status":"publish","type":"post","link":"https:\/\/blog.fondation-ove.fr\/villanelles\/2021\/07\/08\/sortit-restaurant-groupe-esthetique\/","title":{"rendered":"Restaurant pour le groupe Esth\u00e9tique"},"content":{"rendered":"\n<p>Dans le cadre de l&rsquo;activit\u00e9 esth\u00e9tique autonomie, les filles sont all\u00e9es d\u00e9jeuner au restaurant avec leur \u00e9ducatrice Natacha. Afin de les remercier de leur investissement au sein de cette activit\u00e9. Tout au cours de l&rsquo;ann\u00e9e elles ont pris soin des autres en proposant des prestations esth\u00e9tiques diverses et vari\u00e9es. Nous les remercions \ud83d\ude42<\/p>\n\n\n\n<figure class=\"wp-block-gallery columns-2 is-cropped wp-block-gallery-1 is-layout-flex wp-block-gallery-is-layout-flex\"><ul class=\"blocks-gallery-grid\"><li class=\"blocks-gallery-item\"><figure><a href=\"https:\/\/blog.fondation-ove.fr\/villanelles\/wp-content\/uploads\/sites\/29\/2022\/03\/resto-natacha_censored.jpg\"><img loading=\"lazy\" decoding=\"async\" width=\"486\" height=\"648\" src=\"https:\/\/blog.fondation-ove.fr\/villanelles\/wp-content\/uploads\/sites\/29\/2022\/03\/resto-natacha_censored.jpg\" alt=\"\" data-id=\"1897\" data-link=\"https:\/\/blog.fondation-ove.fr\/villanelles\/2021\/07\/08\/sortit-restaurant-groupe-esthetique\/resto-natacha_censored\/\" class=\"wp-image-1897\" \/><\/a><\/figure><\/li><li class=\"blocks-gallery-item\"><figure><a href=\"https:\/\/blog.fondation-ove.fr\/villanelles\/wp-content\/uploads\/sites\/29\/2022\/03\/natacha-restooo-1040x675_censored.jpg\"><img loading=\"lazy\" decoding=\"async\" width=\"1040\" height=\"675\" src=\"https:\/\/blog.fondation-ove.fr\/villanelles\/wp-content\/uploads\/sites\/29\/2022\/03\/natacha-restooo-1040x675_censored.jpg\" alt=\"\" data-id=\"1899\" data-full-url=\"https:\/\/blog.fondation-ove.fr\/villanelles\/wp-content\/uploads\/sites\/29\/2022\/03\/natacha-restooo-1040x675_censored.jpg\" data-link=\"https:\/\/blog.fondation-ove.fr\/villanelles\/2021\/07\/08\/sortit-restaurant-groupe-esthetique\/natacha-restooo-1040x675_censored\/\" class=\"wp-image-1899\" srcset=\"https:\/\/blog.fondation-ove.fr\/villanelles\/wp-content\/uploads\/sites\/29\/2022\/03\/natacha-restooo-1040x675_censored.jpg 1040w, https:\/\/blog.fondation-ove.fr\/villanelles\/wp-content\/uploads\/sites\/29\/2022\/03\/natacha-restooo-1040x675_censored-768x498.jpg 768w\" sizes=\"auto, (max-width: 1040px) 100vw, 1040px\" \/><\/a><\/figure><\/li><\/ul><\/figure>\n\n\n\n<p><\/p>\n","protected":false},"excerpt":{"rendered":"<p>Dans le cadre de l&rsquo;activit\u00e9 esth\u00e9tique autonomie, les filles sont all\u00e9es d\u00e9jeuner au restaurant avec leur \u00e9ducatrice Natacha. Afin de les remercier de leur investissement au sein de cette activit\u00e9. Tout au cours de l&rsquo;ann\u00e9e elles ont pris soin des autres en proposant des prestations esth\u00e9tiques diverses et vari\u00e9es. Nous les remercions \ud83d\ude42<\/p>\n","protected":false},"author":561,"featured_media":0,"comment_status":"open","ping_status":"open","sticky":false,"template":"","format":"standard","meta":{"ngg_post_thumbnail":0,"footnotes":""},"categories":[1],"tags":[],"class_list":["post-1674","post","type-post","status-publish","format-standard","hentry","category-non-classe"],"_links":{"self":[{"href":"https:\/\/blog.fondation-ove.fr\/villanelles\/wp-json\/wp\/v2\/posts\/1674","targetHints":{"allow":["GET"]}}],"collection":[{"href":"https:\/\/blog.fondation-ove.fr\/villanelles\/wp-json\/wp\/v2\/posts"}],"about":[{"href":"https:\/\/blog.fondation-ove.fr\/villanelles\/wp-json\/wp\/v2\/types\/post"}],"author":[{"embeddable":true,"href":"https:\/\/blog.fondation-ove.fr\/villanelles\/wp-json\/wp\/v2\/users\/561"}],"replies":[{"embeddable":true,"href":"https:\/\/blog.fondation-ove.fr\/villanelles\/wp-json\/wp\/v2\/comments?post=1674"}],"version-history":[{"count":5,"href":"https:\/\/blog.fondation-ove.fr\/villanelles\/wp-json\/wp\/v2\/posts\/1674\/revisions"}],"predecessor-version":[{"id":1900,"href":"https:\/\/blog.fondation-ove.fr\/villanelles\/wp-json\/wp\/v2\/posts\/1674\/revisions\/1900"}],"wp:attachment":[{"href":"https:\/\/blog.fondation-ove.fr\/villanelles\/wp-json\/wp\/v2\/media?parent=1674"}],"wp:term":[{"taxonomy":"category","embeddable":true,"href":"https:\/\/blog.fondation-ove.fr\/villanelles\/wp-json\/wp\/v2\/categories?post=1674"},{"taxonomy":"post_tag","embeddable":true,"href":"https:\/\/blog.fondation-ove.fr\/villanelles\/wp-json\/wp\/v2\/tags?post=1674"}],"curies":[{"name":"wp","href":"https:\/\/api.w.org\/{rel}","templated":true}]}}