{"id":1303,"date":"2020-04-21T15:57:06","date_gmt":"2020-04-21T14:57:06","guid":{"rendered":"http:\/\/blog.fondation-ove.fr\/thonon\/?p=1303"},"modified":"2020-04-28T16:35:36","modified_gmt":"2020-04-28T15:35:36","slug":"challenge-confinement-theme-n3-la-gourmandise","status":"publish","type":"post","link":"https:\/\/blog.fondation-ove.fr\/thonon\/2020\/04\/21\/challenge-confinement-theme-n3-la-gourmandise\/","title":{"rendered":"Challenge confinement &#8211; Th\u00e8me n\u00b03: La Gourmandise &#8230;"},"content":{"rendered":"\n<p><strong>\u00ab\u00a0La Gourmandise est un bien joli d\u00e9faut&#8230;\u00a0\u00bb <\/strong><\/p>\n\n\n\n<p>Vous l&rsquo;aurez compris, le prochain th\u00e8me du challenge sera La Gourmandise. A vous d&rsquo;illustrer au mieux ce que vous inspire ce mot, et <strong>\u00e0 votre fa\u00e7on<\/strong> ! <\/p>\n\n\n\n<p>Comme les fois pr\u00e9c\u00e9dentes, <strong>tous types de travaux sont accept\u00e9s<\/strong>, la gourmandise ne se traduit pas n\u00e9cessairement par le biais d&rsquo;une recette. Ce peut \u00eatre une photo, un dessin, un collage &#8230; comme l&rsquo;illustre plut\u00f4t bien la photo ci-dessous. <\/p>\n\n\n\n<p>Nous esp\u00e9rons recevoir de nombreuses r\u00e9alisations qui nous en mettrons plein la vue et &#8230; les papilles \ud83d\ude42 <\/p>\n\n\n\n<p>Bon challenge \u00e0 tous ! <\/p>\n\n\n\n<figure class=\"wp-block-image size-large\"><img loading=\"lazy\" decoding=\"async\" width=\"960\" height=\"640\" src=\"https:\/\/blog.fondation-ove.fr\/thonon\/wp-content\/uploads\/sites\/10\/2020\/04\/smarties-991229_1280.jpg\" alt=\"\" class=\"wp-image-1304\" srcset=\"https:\/\/blog.fondation-ove.fr\/thonon\/wp-content\/uploads\/sites\/10\/2020\/04\/smarties-991229_1280.jpg 960w, https:\/\/blog.fondation-ove.fr\/thonon\/wp-content\/uploads\/sites\/10\/2020\/04\/smarties-991229_1280-300x200.jpg 300w, https:\/\/blog.fondation-ove.fr\/thonon\/wp-content\/uploads\/sites\/10\/2020\/04\/smarties-991229_1280-768x512.jpg 768w, https:\/\/blog.fondation-ove.fr\/thonon\/wp-content\/uploads\/sites\/10\/2020\/04\/smarties-991229_1280-450x300.jpg 450w\" sizes=\"auto, (max-width: 960px) 100vw, 960px\" \/><\/figure>\n","protected":false},"excerpt":{"rendered":"<p>\u00ab\u00a0La Gourmandise est un bien joli d\u00e9faut&#8230;\u00a0\u00bb Vous l&rsquo;aurez compris, le prochain th\u00e8me du challenge sera La Gourmandise. A vous d&rsquo;illustrer au mieux ce que vous inspire ce mot, et \u00e0 votre fa\u00e7on ! Comme les fois pr\u00e9c\u00e9dentes, tous types &hellip; <a href=\"https:\/\/blog.fondation-ove.fr\/thonon\/2020\/04\/21\/challenge-confinement-theme-n3-la-gourmandise\/\">Continuer la lecture <span class=\"meta-nav\">&rarr;<\/span><\/a><\/p>\n","protected":false},"author":503,"featured_media":0,"comment_status":"open","ping_status":"open","sticky":false,"template":"","format":"standard","meta":{"ngg_post_thumbnail":0,"footnotes":""},"categories":[9,1],"tags":[],"class_list":["post-1303","post","type-post","status-publish","format-standard","hentry","category-ime","category-non-classe"],"_links":{"self":[{"href":"https:\/\/blog.fondation-ove.fr\/thonon\/wp-json\/wp\/v2\/posts\/1303","targetHints":{"allow":["GET"]}}],"collection":[{"href":"https:\/\/blog.fondation-ove.fr\/thonon\/wp-json\/wp\/v2\/posts"}],"about":[{"href":"https:\/\/blog.fondation-ove.fr\/thonon\/wp-json\/wp\/v2\/types\/post"}],"author":[{"embeddable":true,"href":"https:\/\/blog.fondation-ove.fr\/thonon\/wp-json\/wp\/v2\/users\/503"}],"replies":[{"embeddable":true,"href":"https:\/\/blog.fondation-ove.fr\/thonon\/wp-json\/wp\/v2\/comments?post=1303"}],"version-history":[{"count":1,"href":"https:\/\/blog.fondation-ove.fr\/thonon\/wp-json\/wp\/v2\/posts\/1303\/revisions"}],"predecessor-version":[{"id":1305,"href":"https:\/\/blog.fondation-ove.fr\/thonon\/wp-json\/wp\/v2\/posts\/1303\/revisions\/1305"}],"wp:attachment":[{"href":"https:\/\/blog.fondation-ove.fr\/thonon\/wp-json\/wp\/v2\/media?parent=1303"}],"wp:term":[{"taxonomy":"category","embeddable":true,"href":"https:\/\/blog.fondation-ove.fr\/thonon\/wp-json\/wp\/v2\/categories?post=1303"},{"taxonomy":"post_tag","embeddable":true,"href":"https:\/\/blog.fondation-ove.fr\/thonon\/wp-json\/wp\/v2\/tags?post=1303"}],"curies":[{"name":"wp","href":"https:\/\/api.w.org\/{rel}","templated":true}]}}