{"id":1291,"date":"2020-04-14T15:10:09","date_gmt":"2020-04-14T14:10:09","guid":{"rendered":"http:\/\/blog.fondation-ove.fr\/thonon\/?p=1291"},"modified":"2020-04-14T15:12:32","modified_gmt":"2020-04-14T14:12:32","slug":"challenge-confinement-theme-n2-asterix-et-obelix","status":"publish","type":"post","link":"https:\/\/blog.fondation-ove.fr\/thonon\/2020\/04\/14\/challenge-confinement-theme-n2-asterix-et-obelix\/","title":{"rendered":"Challenge confinement &#8211; Th\u00e8me n\u00b02: Ast\u00e9rix et Ob\u00e9lix"},"content":{"rendered":"\n<p>Le th\u00e8me n\u00b02 que nous avons s\u00e9lectionn\u00e9 est donc celui d&rsquo;Ast\u00e9rix et Ob\u00e9lix ! L&rsquo;occasion de rendre un dernier hommage au dessinateur de ces joyeux Gaulois, r\u00e9cemment disparu. <\/p>\n\n\n\n<p>Encore une fois, nous comptons sur vous et votre cr\u00e9ativit\u00e9 ! <br><br>Pour rappel, vous avez jusqu&rsquo;au lundi 20 avril pour nous faire parvenir vos r\u00e9alisations, qui seront ensuite mise en ligne ici. Et n&rsquo;oubliez pas de nous le pr\u00e9ciser si vous ne voulez pas que vos travaux apparaissent sur le blog. <\/p>\n\n\n\n<p>A vos crayons, cuill\u00e8res et autres ustensiles ! <\/p>\n\n\n\n<figure class=\"wp-block-gallery columns-1 is-cropped wp-block-gallery-1 is-layout-flex wp-block-gallery-is-layout-flex\"><ul class=\"blocks-gallery-grid\"><li class=\"blocks-gallery-item\"><figure><img loading=\"lazy\" decoding=\"async\" width=\"986\" height=\"1024\" src=\"https:\/\/blog.fondation-ove.fr\/thonon\/wp-content\/uploads\/sites\/10\/2020\/04\/Ast\u00e9rix-et-Ob\u00e9lix-986x1024.jpg\" alt=\"\" data-id=\"1292\" data-full-url=\"https:\/\/blog.fondation-ove.fr\/thonon\/wp-content\/uploads\/sites\/10\/2020\/04\/Ast\u00e9rix-et-Ob\u00e9lix.jpg\" data-link=\"https:\/\/blog.fondation-ove.fr\/thonon\/?attachment_id=1292\" class=\"wp-image-1292\" srcset=\"https:\/\/blog.fondation-ove.fr\/thonon\/wp-content\/uploads\/sites\/10\/2020\/04\/Ast\u00e9rix-et-Ob\u00e9lix-986x1024.jpg 986w, https:\/\/blog.fondation-ove.fr\/thonon\/wp-content\/uploads\/sites\/10\/2020\/04\/Ast\u00e9rix-et-Ob\u00e9lix-289x300.jpg 289w, https:\/\/blog.fondation-ove.fr\/thonon\/wp-content\/uploads\/sites\/10\/2020\/04\/Ast\u00e9rix-et-Ob\u00e9lix-768x798.jpg 768w, https:\/\/blog.fondation-ove.fr\/thonon\/wp-content\/uploads\/sites\/10\/2020\/04\/Ast\u00e9rix-et-Ob\u00e9lix.jpg 1024w\" sizes=\"auto, (max-width: 986px) 100vw, 986px\" \/><\/figure><\/li><\/ul><\/figure>\n","protected":false},"excerpt":{"rendered":"<p>Le th\u00e8me n\u00b02 que nous avons s\u00e9lectionn\u00e9 est donc celui d&rsquo;Ast\u00e9rix et Ob\u00e9lix ! L&rsquo;occasion de rendre un dernier hommage au dessinateur de ces joyeux Gaulois, r\u00e9cemment disparu. Encore une fois, nous comptons sur vous et votre cr\u00e9ativit\u00e9 ! Pour &hellip; <a href=\"https:\/\/blog.fondation-ove.fr\/thonon\/2020\/04\/14\/challenge-confinement-theme-n2-asterix-et-obelix\/\">Continuer la lecture <span class=\"meta-nav\">&rarr;<\/span><\/a><\/p>\n","protected":false},"author":503,"featured_media":0,"comment_status":"open","ping_status":"open","sticky":false,"template":"","format":"standard","meta":{"ngg_post_thumbnail":0,"footnotes":""},"categories":[9],"tags":[],"class_list":["post-1291","post","type-post","status-publish","format-standard","hentry","category-ime"],"_links":{"self":[{"href":"https:\/\/blog.fondation-ove.fr\/thonon\/wp-json\/wp\/v2\/posts\/1291","targetHints":{"allow":["GET"]}}],"collection":[{"href":"https:\/\/blog.fondation-ove.fr\/thonon\/wp-json\/wp\/v2\/posts"}],"about":[{"href":"https:\/\/blog.fondation-ove.fr\/thonon\/wp-json\/wp\/v2\/types\/post"}],"author":[{"embeddable":true,"href":"https:\/\/blog.fondation-ove.fr\/thonon\/wp-json\/wp\/v2\/users\/503"}],"replies":[{"embeddable":true,"href":"https:\/\/blog.fondation-ove.fr\/thonon\/wp-json\/wp\/v2\/comments?post=1291"}],"version-history":[{"count":2,"href":"https:\/\/blog.fondation-ove.fr\/thonon\/wp-json\/wp\/v2\/posts\/1291\/revisions"}],"predecessor-version":[{"id":1294,"href":"https:\/\/blog.fondation-ove.fr\/thonon\/wp-json\/wp\/v2\/posts\/1291\/revisions\/1294"}],"wp:attachment":[{"href":"https:\/\/blog.fondation-ove.fr\/thonon\/wp-json\/wp\/v2\/media?parent=1291"}],"wp:term":[{"taxonomy":"category","embeddable":true,"href":"https:\/\/blog.fondation-ove.fr\/thonon\/wp-json\/wp\/v2\/categories?post=1291"},{"taxonomy":"post_tag","embeddable":true,"href":"https:\/\/blog.fondation-ove.fr\/thonon\/wp-json\/wp\/v2\/tags?post=1291"}],"curies":[{"name":"wp","href":"https:\/\/api.w.org\/{rel}","templated":true}]}}