{"id":320,"date":"2023-11-14T11:44:30","date_gmt":"2023-11-14T10:44:30","guid":{"rendered":"http:\/\/blog.fondation-ove.fr\/taron\/?p=320"},"modified":"2023-11-14T11:44:30","modified_gmt":"2023-11-14T10:44:30","slug":"catalogue-horticulture","status":"publish","type":"post","link":"https:\/\/blog.fondation-ove.fr\/taron\/2023\/11\/14\/catalogue-horticulture\/","title":{"rendered":"Catalogue Horticulture"},"content":{"rendered":"<div class=\"wp-block-image is-style-rounded\">\n<figure class=\"alignleft size-large is-resized\"><img decoding=\"async\" width=\"125\" height=\"175\" src=\"https:\/\/blog.fondation-ove.fr\/taron\/wp-content\/uploads\/sites\/73\/2020\/10\/image-edited.png\" alt=\"\" class=\"wp-image-488\" style=\"width:179px;height:250.6px\" \/><\/figure><\/div>\n\n<div class=\"wp-block-image is-style-rounded\">\n<figure class=\"alignright size-large\"><img decoding=\"async\" width=\"140\" height=\"160\" src=\"https:\/\/blog.fondation-ove.fr\/taron\/wp-content\/uploads\/sites\/73\/2020\/10\/image-1.png\" alt=\"\" class=\"wp-image-436\" \/><\/figure><\/div>\n\n\n<p class=\"has-text-align-center has-large-font-size\"><strong><span class=\"has-inline-color has-vivid-green-cyan-color\">Vente de fleurs et de l\u00e9gumes<\/span><\/strong><\/p>\n\n\n\n<hr class=\"wp-block-separator has-css-opacity\" \/>\n\n\n\n<p class=\"has-text-align-center has-medium-font-size\"><strong><u><span class=\"has-inline-color has-vivid-red-color\">TARIFS PRINTEMPS&nbsp; 2020<\/span><\/u><\/strong><\/p>\n\n\n\n<p class=\"has-text-align-center\"><strong><em><span class=\"has-inline-color has-vivid-red-color\">L\u2019\u00e9tat sanitaire actuel ne permet pas d\u2019accueillir sur l\u2019\u00e9tablissement plus d\u2019une personne \u00e0 la fois. Merci de votre compr\u00e9hension.<\/span> <\/em><\/strong><\/p>\n\n\n\n<div class=\"wp-block-file\"><a id=\"wp-block-file--media-7ffb2fea-f894-45f6-952c-36ce0602e349\" href=\"https:\/\/blog.fondation-ove.fr\/taron\/wp-content\/uploads\/sites\/73\/2020\/10\/Catalogue-horticulture.pdf\" target=\"_blank\" rel=\"noreferrer noopener\">Catalogue-horticulture<\/a><a href=\"https:\/\/blog.fondation-ove.fr\/taron\/wp-content\/uploads\/sites\/73\/2020\/10\/Catalogue-horticulture.pdf\" class=\"wp-block-file__button wp-element-button\" download aria-describedby=\"wp-block-file--media-7ffb2fea-f894-45f6-952c-36ce0602e349\">T\u00e9l\u00e9charger<\/a><\/div>\n\n\n\n<figure class=\"wp-block-table\"><table><tbody><tr><td class=\"has-text-align-center\" data-align=\"center\"><strong>PLANTES A MASSIFS (annuelles) en godet<\/strong>                  <a href=\"https:\/\/blog.fondation-ove.fr\/taron\/2020\/10\/19\/plantes-a-massif-annuelles-en-godets\/\"><img decoding=\"async\" width=\"183\" height=\"183\" class=\"wp-image-475\" style=\"width: 150px\" src=\"http:\/\/blog.fondation-ove.fr\/taron\/wp-content\/uploads\/sites\/73\/2020\/10\/begonia-massif-edited.jpg\" alt=\"\"><\/a><\/td><\/tr><\/tbody><\/table><\/figure>\n\n\n\n<hr class=\"wp-block-separator has-css-opacity\" \/>\n\n\n\n<figure class=\"wp-block-table\"><table><tbody><tr><td class=\"has-text-align-center\" data-align=\"center\"><strong>PLANTES DE SUSPENSIONS en godet<\/strong>                 <a href=\"https:\/\/blog.fondation-ove.fr\/taron\/2020\/10\/19\/plantes-de-suspension-en-godet\/\"><img loading=\"lazy\" decoding=\"async\" width=\"760\" height=\"760\" class=\"wp-image-508\" style=\"width: 150px\" src=\"http:\/\/blog.fondation-ove.fr\/taron\/wp-content\/uploads\/sites\/73\/2020\/10\/Bidens-suspensions.jpg\" alt=\"\" srcset=\"https:\/\/blog.fondation-ove.fr\/taron\/wp-content\/uploads\/sites\/73\/2020\/10\/Bidens-suspensions.jpg 760w, https:\/\/blog.fondation-ove.fr\/taron\/wp-content\/uploads\/sites\/73\/2020\/10\/Bidens-suspensions-270x270.jpg 270w\" sizes=\"(max-width: 760px) 100vw, 760px\" \/><\/a><\/td><\/tr><\/tbody><\/table><\/figure>\n\n\n\n<hr class=\"wp-block-separator has-css-opacity\" \/>\n\n\n\n<figure class=\"wp-block-table\"><table><tbody><tr><td class=\"has-text-align-center\" data-align=\"center\"><strong>PLANTES GRIMPANTES OU RETOMBANTES ou MASSIF<\/strong> <a href=\"https:\/\/blog.fondation-ove.fr\/taron\/2020\/10\/19\/plantes-grimpantes-ou-retombantes-ou-massif\/\"><img loading=\"lazy\" decoding=\"async\" width=\"458\" height=\"458\" class=\"wp-image-507\" style=\"width: 150px\" src=\"http:\/\/blog.fondation-ove.fr\/taron\/wp-content\/uploads\/sites\/73\/2020\/10\/begonia-dragon-wing-grimpantes.jpg\" alt=\"\" srcset=\"https:\/\/blog.fondation-ove.fr\/taron\/wp-content\/uploads\/sites\/73\/2020\/10\/begonia-dragon-wing-grimpantes.jpg 458w, https:\/\/blog.fondation-ove.fr\/taron\/wp-content\/uploads\/sites\/73\/2020\/10\/begonia-dragon-wing-grimpantes-270x270.jpg 270w\" sizes=\"(max-width: 458px) 100vw, 458px\" \/><\/a><a href=\"https:\/\/blog.fondation-ove.fr\/taron\/2020\/10\/19\/plantes-a-massif-annuelles-en-godets\/\"><\/a><\/td><\/tr><\/tbody><\/table><\/figure>\n\n\n\n<hr class=\"wp-block-separator has-css-opacity\" \/>\n\n\n\n<figure class=\"wp-block-table\"><table><tbody><tr><td class=\"has-text-align-center\" data-align=\"center\"><strong>AROMATIQUES et L\u00c9GUMES en godet<\/strong>    <a href=\"https:\/\/blog.fondation-ove.fr\/taron\/2020\/10\/19\/aromatiques-et-legumes-en-godet\/\"><img loading=\"lazy\" decoding=\"async\" width=\"424\" height=\"283\" class=\"wp-image-509\" style=\"width: 150px\" src=\"http:\/\/blog.fondation-ove.fr\/taron\/wp-content\/uploads\/sites\/73\/2020\/10\/tomate-basilic-aromat-legumes.jpg\" alt=\"\" srcset=\"https:\/\/blog.fondation-ove.fr\/taron\/wp-content\/uploads\/sites\/73\/2020\/10\/tomate-basilic-aromat-legumes.jpg 424w, https:\/\/blog.fondation-ove.fr\/taron\/wp-content\/uploads\/sites\/73\/2020\/10\/tomate-basilic-aromat-legumes-405x270.jpg 405w\" sizes=\"(max-width: 424px) 100vw, 424px\" \/><\/a><a href=\"https:\/\/blog.fondation-ove.fr\/taron\/2020\/10\/19\/plantes-a-massif-annuelles-en-godets\/\"><\/a><\/td><\/tr><\/tbody><\/table><\/figure>\n\n\n\n<hr class=\"wp-block-separator has-css-opacity\" \/>\n\n\n\n<div class=\"wp-block-group\"><div class=\"wp-block-group__inner-container is-layout-flow wp-block-group-is-layout-flow\"><div class=\"wp-block-image is-style-rounded\">\n<figure class=\"aligncenter size-large is-resized\"><img loading=\"lazy\" decoding=\"async\" width=\"506\" height=\"800\" src=\"https:\/\/blog.fondation-ove.fr\/taron\/wp-content\/uploads\/sites\/73\/2020\/10\/geranium-en-pot-2-edited.jpeg\" alt=\"\" class=\"wp-image-505\" style=\"width:253px;height:400px\" srcset=\"https:\/\/blog.fondation-ove.fr\/taron\/wp-content\/uploads\/sites\/73\/2020\/10\/geranium-en-pot-2-edited.jpeg 506w, https:\/\/blog.fondation-ove.fr\/taron\/wp-content\/uploads\/sites\/73\/2020\/10\/geranium-en-pot-2-edited-171x270.jpeg 171w\" sizes=\"(max-width: 506px) 100vw, 506px\" \/><figcaption class=\"wp-element-caption\"><strong><span class=\"has-inline-color has-black-color\">R\u00e9f : G\u00e9raniums en pot<\/span><\/strong> (Simples, doubles ou Zonales) ; <strong>Diam\u00e8tre pot : 12 cm<\/strong> ; Prix unitaire : <strong><span class=\"has-inline-color has-black-color\">2.00 \u20ac<\/span><span class=\"has-inline-color has-vivid-red-color\"> (18.00 \u20ac les 10)<\/span><\/strong><\/figcaption><\/figure><\/div><\/div><\/div>\n\n\n\n<hr class=\"wp-block-separator has-css-opacity\" \/>\n\n\n<div class=\"wp-block-image is-style-rounded\">\n<figure class=\"aligncenter size-large is-resized\"><img loading=\"lazy\" decoding=\"async\" width=\"512\" height=\"360\" src=\"https:\/\/blog.fondation-ove.fr\/taron\/wp-content\/uploads\/sites\/73\/2020\/10\/Terreau.jpg\" alt=\"\" class=\"wp-image-525\" style=\"width:366px;height:257px\" srcset=\"https:\/\/blog.fondation-ove.fr\/taron\/wp-content\/uploads\/sites\/73\/2020\/10\/Terreau.jpg 512w, https:\/\/blog.fondation-ove.fr\/taron\/wp-content\/uploads\/sites\/73\/2020\/10\/Terreau-384x270.jpg 384w\" sizes=\"(max-width: 512px) 100vw, 512px\" \/><figcaption class=\"wp-element-caption\"><strong><span class=\"has-inline-color has-black-color\">R\u00e9f : Terreau<\/span><\/strong> sac de <strong><span class=\"has-inline-color has-vivid-red-color\">70 Litres<\/span><\/strong> ; Prix unitaire<strong><span class=\"has-inline-color has-black-color\"> 8.00 \u20ac<\/span><\/strong><\/figcaption><\/figure><\/div>\n\n\n<hr class=\"wp-block-separator has-css-opacity\" \/>\n\n\n\n<p class=\"has-text-align-center\"><span class=\"has-inline-color has-vivid-red-color\"> <strong><em>L\u2019\u00e9tat sanitaire actuel ne permet pas d\u2019accueillir sur l\u2019\u00e9tablissement plus d\u2019une personne \u00e0 la fois.<\/em><\/strong><\/span><\/p>\n\n\n\n<p class=\"has-text-align-center\"><strong><em><span class=\"has-inline-color has-vivid-red-color\">Merci de pr\u00e9venir par t\u00e9l\u00e9phone de votre venue et de respecter les r\u00e8gles de s\u00e9curit\u00e9.<\/span><\/em><\/strong><\/p>\n\n\n\n<p class=\"has-text-align-center\"><strong><em><span class=\"has-inline-color has-vivid-red-color\">Merci de privil\u00e9gier les commandes par retour de mail afin de fixer ensemble un rendez-vous pour venir \u00e0 l\u2019IME.<\/span><\/em><\/strong><\/p>\n\n\n\n<p class=\"has-text-align-center\"><strong><em><span class=\"has-inline-color has-vivid-red-color\">Possibilit\u00e9 de livraisons si besoin.<\/span><\/em><\/strong><\/p>\n\n\n\n<p>Si l&#8217;un de ces articles vous int\u00e9resse, vous pouvez remplir le bon de commande ci-apr\u00e8s puis nous le faire parvenir<\/p>\n\n\n\n<p>Par mail : <a href=\"contact.blogtaron@fondation-ove.fr\" data-type=\"URL\" data-id=\"contact.blogtaron@fondation-ove.fr\">marielaure.billet@fondation-ove.fr<\/a> <\/p>\n\n\n\n<p>T\u00e9l\u00e9phone <strong>Mme BILLET<\/strong><em> (responsable atelier horticole) <\/em>: <strong>06.19.20.82.28.<\/strong><\/p>\n\n\n\n<p>Ou par courrier \u00e0 l&#8217;adresse :<span class=\"has-inline-color has-vivid-cyan-blue-color\"> <strong>IME Ch\u00e2teau de Taron<\/strong> 141 route du clos normand <strong>42370<\/strong> Renaison<\/span><\/p>\n\n\n\n<div class=\"wp-block-file\"><a id=\"wp-block-file--media-093ced39-af8a-47f3-b08b-78a0365e0102\" href=\"https:\/\/blog.fondation-ove.fr\/taron\/wp-content\/uploads\/sites\/73\/2020\/10\/Bon-de-commande-Horticulture.pdf\" target=\"_blank\" rel=\"noreferrer noopener\">Bon-de-commande-Horticulture<\/a><a href=\"https:\/\/blog.fondation-ove.fr\/taron\/wp-content\/uploads\/sites\/73\/2020\/10\/Bon-de-commande-Horticulture.pdf\" class=\"wp-block-file__button wp-element-button\" download aria-describedby=\"wp-block-file--media-093ced39-af8a-47f3-b08b-78a0365e0102\">T\u00e9l\u00e9charger<\/a><\/div>\n","protected":false},"excerpt":{"rendered":"<p>Vente de fleurs et de l\u00e9gumes TARIFS PRINTEMPS&nbsp; 2020 L\u2019\u00e9tat sanitaire actuel ne permet pas d\u2019accueillir sur l\u2019\u00e9tablissement plus d\u2019une personne \u00e0 la fois. Merci de votre compr\u00e9hension. PLANTES A MASSIFS (annuelles) en godet PLANTES DE SUSPENSIONS en godet PLANTES GRIMPANTES OU RETOMBANTES ou MASSIF AROMATIQUES et L\u00c9GUMES en godet L\u2019\u00e9tat sanitaire actuel ne permet pas d\u2019accueillir sur l\u2019\u00e9tablissement plus d\u2019une personne \u00e0 la fois. Merci de pr\u00e9venir par t\u00e9l\u00e9phone de votre venue et de respecter les r\u00e8gles de s\u00e9curit\u00e9&#8230;.<\/p>\n<p class=\"read-more\"><a class=\"btn btn-default\" href=\"https:\/\/blog.fondation-ove.fr\/taron\/2023\/11\/14\/catalogue-horticulture\/\">Lire la suite<span class=\"screen-reader-text\"> Lire la suite<\/span><\/a><\/p>\n","protected":false},"author":515,"featured_media":0,"comment_status":"open","ping_status":"closed","sticky":false,"template":"","format":"standard","meta":{"ngg_post_thumbnail":0,"footnotes":""},"categories":[55],"tags":[15,11,12,10,13,16],"class_list":["post-320","post","type-post","status-publish","format-standard","hentry","category-vente","tag-catalogue","tag-espace-vert","tag-fleurs","tag-horticulture","tag-plantes","tag-vente"],"_links":{"self":[{"href":"https:\/\/blog.fondation-ove.fr\/taron\/wp-json\/wp\/v2\/posts\/320","targetHints":{"allow":["GET"]}}],"collection":[{"href":"https:\/\/blog.fondation-ove.fr\/taron\/wp-json\/wp\/v2\/posts"}],"about":[{"href":"https:\/\/blog.fondation-ove.fr\/taron\/wp-json\/wp\/v2\/types\/post"}],"author":[{"embeddable":true,"href":"https:\/\/blog.fondation-ove.fr\/taron\/wp-json\/wp\/v2\/users\/515"}],"replies":[{"embeddable":true,"href":"https:\/\/blog.fondation-ove.fr\/taron\/wp-json\/wp\/v2\/comments?post=320"}],"version-history":[{"count":32,"href":"https:\/\/blog.fondation-ove.fr\/taron\/wp-json\/wp\/v2\/posts\/320\/revisions"}],"predecessor-version":[{"id":4353,"href":"https:\/\/blog.fondation-ove.fr\/taron\/wp-json\/wp\/v2\/posts\/320\/revisions\/4353"}],"wp:attachment":[{"href":"https:\/\/blog.fondation-ove.fr\/taron\/wp-json\/wp\/v2\/media?parent=320"}],"wp:term":[{"taxonomy":"category","embeddable":true,"href":"https:\/\/blog.fondation-ove.fr\/taron\/wp-json\/wp\/v2\/categories?post=320"},{"taxonomy":"post_tag","embeddable":true,"href":"https:\/\/blog.fondation-ove.fr\/taron\/wp-json\/wp\/v2\/tags?post=320"}],"curies":[{"name":"wp","href":"https:\/\/api.w.org\/{rel}","templated":true}]}}