{"id":236,"date":"2023-11-14T12:00:00","date_gmt":"2023-11-14T11:00:00","guid":{"rendered":"http:\/\/blog.fondation-ove.fr\/taron\/?p=236"},"modified":"2023-12-04T09:50:18","modified_gmt":"2023-12-04T08:50:18","slug":"etablissement","status":"publish","type":"post","link":"https:\/\/blog.fondation-ove.fr\/taron\/2023\/11\/14\/etablissement\/","title":{"rendered":"\u00c9tablissement"},"content":{"rendered":"<p><img loading=\"lazy\" decoding=\"async\" width=\"640\" height=\"400\" src=\"http:\/\/blog.fondation-ove.fr\/taron\/wp-content\/uploads\/sites\/73\/2020\/10\/zoom_721-edited.jpg\" alt=\"\" loading=\"lazy\" \/>\t\t\t\t\t\t\t\t\t\t\t<\/p>\n<p>L\u2019<strong>IME du Ch\u00e2teau de Taron<\/strong> est situ\u00e9 \u00e0 Renaison \u00e0 15 kilom\u00e8tres de Roanne au nord du d\u00e9partement de la Loire. Il est desservi par la ligne de bus n\u00b013 de la STAR. Le cadre est magnifique et apaisant au milieu de ce ch\u00e2teau au jardin taill\u00e9 \u00e0 la fran\u00e7aise et aux all\u00e9es arbor\u00e9es.<\/p>\n<p>L&#8217;IME a \u00e9t\u00e9 install\u00e9 en <strong>1951<\/strong> sur la commune et est g\u00e9r\u00e9 par la Fondation OVE, reconnue d\u2019utilit\u00e9 publique depuis le 20 d\u00e9cembre 2013. La Fondation OVE g\u00e8re plus de 100 \u00e9tablissements et services m\u00e9dico-sociaux en France et compte plus de 2500 salari\u00e9s.<\/p>\n<ul>\n<li><strong><u>Nombres d\u2019\u00e9l\u00e8ves et d\u2019\u00e9ducateurs<\/u><\/strong><\/li>\n<\/ul>\n<p>L\u2019\u00e9tablissement dispose de <strong>30 lits d\u2019internat de semaine<\/strong> (16 filles et 14 gar\u00e7ons) et de <strong>40 places de semi-internat<\/strong> et accueil des<strong> jeunes de 12 \u00e0 20 ans<\/strong> pr\u00e9sentant une d\u00e9ficience intellectuelle l\u00e9g\u00e8re ou moyenne avec ou sans troubles associ\u00e9s. L\u2019internat mixte en chambres individualis\u00e9es \u00e9volutives permet d\u2019exp\u00e9rimenter s\u00e9paration et autonomie.<\/p>\n<p>\u00c0 la rentr\u00e9e de septembre 2020, <strong>64 jeunes<\/strong> sont inscrits.<\/p>\n<p>L\u2019\u00e9quipe du personnel comporte <strong>45 professionnels<\/strong>\u00a0au sein de la structure\u00a0:<\/p>\n<p><strong><a href=\"https:\/\/blog.fondation-ove.fr\/taron\/professionnels\/\">\u00c9quipe interdisciplinaire\u00a0: <\/a><\/strong><\/p>\n<ol>\n<li>\u00c9quipe de <strong>direction<\/strong><\/li>\n<li>\u00c9quipe <strong>p\u00e9dagogique et technique<\/strong><\/li>\n<li>\u00c9quipe <strong>\u00e9ducative<\/strong><\/li>\n<li>P\u00f4le<strong> soin<\/strong> et <strong>service social<\/strong><\/li>\n<li>Service <strong>administratif<\/strong> et <strong>logistique<\/strong><\/li>\n<\/ol>\n<hr \/>\n<ul>\n<li><strong><u>Ateliers et Activit\u00e9s<\/u><\/strong><\/li>\n<\/ul>\n<p>Les jeunes d\u00e9couvrent <strong>des <a href=\"https:\/\/blog.fondation-ove.fr\/taron\/ateliers\/\">ateliers<\/a><\/strong> li\u00e9s \u00e0 l\u2019apprentissage et choisissent ensuite de se sp\u00e9cifier sur l\u2019un d\u2019entre eux. Il y a\u00a0:<\/p>\n<ul>\n<li><a href=\"https:\/\/blog.fondation-ove.fr\/taron\/atelier-bois-2\/\">L\u2019atelier Bois \/ Menuiserie<\/a><\/li>\n<li><a href=\"https:\/\/blog.fondation-ove.fr\/taron\/atelier-conditionnement\/\"> L\u2019atelier Conditionnement<\/a><\/li>\n<li><a href=\"https:\/\/blog.fondation-ove.fr\/taron\/atelier-horticulture\/\">L\u2019atelier Horticole<\/a><\/li>\n<li><a href=\"https:\/\/blog.fondation-ove.fr\/taron\/atelier-lingerie-mhl\/\">L\u2019atelier Lingerie \/ MHL<\/a><\/li>\n<li><a href=\"https:\/\/blog.fondation-ove.fr\/taron\/atelier-apr\/\">L\u2019atelier APR<\/a><\/li>\n<\/ul>\n<p>Et <strong>des <a style=\"color: #000000\" href=\"https:\/\/blog.fondation-ove.fr\/taron\/activites\/\">activit\u00e9s<\/a><\/strong> plut\u00f4t li\u00e9es au bien-\u00eatre\u00a0:<\/p>\n<ul>\n<li><a href=\"https:\/\/blog.fondation-ove.fr\/taron\/activite-sport\/\">L\u2019activit\u00e9 Sport<\/a><\/li>\n<li><a href=\"https:\/\/blog.fondation-ove.fr\/taron\/activite-apa\/\">L\u2019activit\u00e9 APA <\/a><\/li>\n<li><a href=\"https:\/\/blog.fondation-ove.fr\/taron\/activite-natation\/\">L\u2019activit\u00e9 Natation<\/a><\/li>\n<li><a href=\"https:\/\/blog.fondation-ove.fr\/taron\/activite-equitherapie\/\">L\u2019activit\u00e9 \u00c9quith\u00e9rapie<\/a><\/li>\n<li><a href=\"https:\/\/blog.fondation-ove.fr\/taron\/activite-artherapie\/\">L\u2019activit\u00e9 Art-th\u00e9rapie<\/a><\/li>\n<li><a href=\"https:\/\/blog.fondation-ove.fr\/taron\/activite-theatre\/\">L&#8217;activit\u00e9 Th\u00e9\u00e2tre<\/a><\/li>\n<\/ul>\n<p>Les jeunes b\u00e9n\u00e9ficient aussi de temps de <strong><a href=\"https:\/\/blog.fondation-ove.fr\/taron\/classe\/\">classe<\/a><\/strong> et de temps en <strong>groupe accueil <\/strong><\/p>\n<p>Des stages en collectivit\u00e9s locales, en entreprises et artisans du territoire sont organis\u00e9s \u00e0 partir de <strong>16 ans<\/strong>.<\/p>\n<ul>\n<li><strong><u>Vie \u00e0 l\u2019internat<\/u><\/strong><\/li>\n<\/ul>\n<p>Pr\u00e9sentation de l&#8217;internat -&gt;<a href=\"https:\/\/blog.fondation-ove.fr\/taron\/internat\/\" target=\"_blank\" rel=\"noopener\"><em> lien<\/em><\/a><\/p>\n<p><strong>Les mercredi apr\u00e8s-midi<\/strong><strong>,<\/strong> les jeunes ont le choix entre les diff\u00e9rentes activit\u00e9s et chacun s&#8217;occupe comme il le souhaite\u202f!<\/p>\n<ul>\n<li><strong><u>Organisation<\/u><\/strong><\/li>\n<\/ul>\n<p>Dans le cadre du projet d\u2019\u00e9tablissement et des projets individualis\u00e9s d\u2019accompagnement, le parcours des jeunes internes et demi-pensionnaires suit une progression.<\/p>\n<p>L\u2019enseignement est dispens\u00e9 dans la cadre de l\u2019Unit\u00e9 d\u2019Enseignement.<\/p>\n<p>Une formation pr\u00e9 professionnelle est propos\u00e9e autour des r\u00e9f\u00e9rentiels suivants : Atelier polyvalent de restauration, blanchisserie, bois, conditionnement, maintien et hygi\u00e8ne des locaux, espaces verts.<\/p>\n<p>Le service vise essentiellement le d\u00e9veloppement des <strong>potentialit\u00e9s intellectuelles affectives sociales et professionnelles<\/strong>.<\/p>\n<p>L\u2019\u00e9quipe pluridisciplinaire est r\u00e9partie en 4 p\u00f4les,<\/p>\n<ul>\n<li style=\"list-style-type: none\">\n<ul>\n<li>Le p\u00f4le p\u00e9dagogique, charg\u00e9 de <strong>l\u2019enseignement g\u00e9n\u00e9ral<\/strong>, ou du <strong>maintien des acquis<\/strong>.<\/li>\n<li>Le p\u00f4le \u00e9ducatif, charg\u00e9 de <strong>l\u2019accompagnement social<\/strong> et des <strong>modalit\u00e9s d\u2019acc\u00e8s \u00e0 l\u2019autonomie<\/strong>.<\/li>\n<li>Le p\u00f4le technique, charg\u00e9 de <strong>l\u2019apprentissage professionnel<\/strong> en interne ou \u00e0 l\u2019ext\u00e9rieur et d\u2019organiser le <strong>lien avec les lieux d\u2019emploi ou de stage<\/strong>.<\/li>\n<li>Le p\u00f4le soin, charg\u00e9 <strong>d\u2019\u00e9laborer un parcours de prises en charge de r\u00e9\u00e9ducation<\/strong> en interne ou en externe.<\/li>\n<\/ul>\n<\/li>\n<\/ul>\n<ul>\n<li><strong><u>Accompagnement<\/u><\/strong><\/li>\n<\/ul>\n<p>Les accompagnements interdisciplinaires propos\u00e9s sont articul\u00e9s sur le parcours pour\u00a0:<\/p>\n<ul>\n<li style=\"list-style-type: none\">\n<ul>\n<li>D\u00e9velopper les <strong>connaissances scolaires et techniques<\/strong><\/li>\n<li>Favoriser la <strong>confiance<\/strong>, <strong>l\u2019estime de soi<\/strong> et la <strong>capacit\u00e9 \u00e0 vivre avec les autres<\/strong> en tant que citoyen<\/li>\n<li>Soutenir<strong> l\u2019\u00e9quilibre personnel<\/strong> par des soins appropri\u00e9s<\/li>\n<li>Favoriser<strong> l\u2019insertion sociale et professionnelle<\/strong> future dans leur projet de vie.<\/li>\n<\/ul>\n<\/li>\n<\/ul>\n<p>Le projet individualis\u00e9 d\u2019accompagnement avenant au contrat de s\u00e9jour est co-construit avec la famille sur les bases des axes principaux d\u00e9finis par l\u2019\u00e9quipe interdisciplinaire \u00e0 partir des besoins de l\u2019usager.<\/p>\n<p>Il est pilot\u00e9 par un \u00e9ducateur r\u00e9f\u00e9rent charg\u00e9 de sa mise en \u0153uvre.<\/p>\n<p>Chaque jeune dispose donc de son propre emploi du temps qui lui est adapt\u00e9.<\/p>\n<p><strong>La mission est\u00a0:<\/strong><\/p>\n<ul>\n<li style=\"list-style-type: none\">\n<ul>\n<li>D\u2019accompagner : en \u00e9valuant et adaptant les actions \u00e9ducatives pour un parcours individualis\u00e9.<\/li>\n<li>De former : dans les apprentissages scolaires et les formations pr\u00e9 professionnelles organis\u00e9es en interne et en scolarisation ext\u00e9rieure.<\/li>\n<li>De soigner : en apportant les prestations param\u00e9dicales n\u00e9cessaires.<\/li>\n<li>De favoriser l\u2019autonomie : par le d\u00e9veloppement de l\u2019apprentissage de la vie quotidienne et l\u2019exercice de la citoyennet\u00e9.<\/li>\n<li>De favoriser l\u2019inscription de l\u2019usager dans son milieu de vie habituel\u00a0: en accompagnant les projets d\u2019inclusion en milieu scolaire et autres activit\u00e9s (sportives, loisirs).<\/li>\n<\/ul>\n<\/li>\n<\/ul>\n<ul>\n<li><strong><u>L\u2019admission<\/u><\/strong><\/li>\n<\/ul>\n<p>Elle s\u2019effectue sur notification de la <strong>CDAPH<\/strong> (Commission D\u00e9partementale des Droits et de l\u2019Autonomie) du d\u00e9partement de la Loire.<\/p>\n","protected":false},"excerpt":{"rendered":"<p>L\u2019IME du Ch\u00e2teau de Taron est situ\u00e9 \u00e0 Renaison \u00e0 15 kilom\u00e8tres de Roanne au nord du d\u00e9partement de la Loire. Il est desservi par la ligne de bus n\u00b013 de la STAR. Le cadre est magnifique et apaisant au milieu de ce ch\u00e2teau au jardin taill\u00e9 \u00e0 la fran\u00e7aise et aux all\u00e9es arbor\u00e9es. L&#8217;IME a \u00e9t\u00e9 install\u00e9 en 1951 sur la commune et est g\u00e9r\u00e9 par la Fondation OVE, reconnue d\u2019utilit\u00e9 publique depuis le 20 d\u00e9cembre 2013. La Fondation&#8230;<\/p>\n<p class=\"read-more\"><a class=\"btn btn-default\" href=\"https:\/\/blog.fondation-ove.fr\/taron\/2023\/11\/14\/etablissement\/\">Lire la suite<span class=\"screen-reader-text\"> Lire la suite<\/span><\/a><\/p>\n","protected":false},"author":515,"featured_media":0,"comment_status":"closed","ping_status":"closed","sticky":false,"template":"","format":"standard","meta":{"ngg_post_thumbnail":0,"footnotes":""},"categories":[56],"tags":[34,35],"class_list":["post-236","post","type-post","status-publish","format-standard","hentry","category-etablissement","tag-etablissement","tag-presentation"],"_links":{"self":[{"href":"https:\/\/blog.fondation-ove.fr\/taron\/wp-json\/wp\/v2\/posts\/236","targetHints":{"allow":["GET"]}}],"collection":[{"href":"https:\/\/blog.fondation-ove.fr\/taron\/wp-json\/wp\/v2\/posts"}],"about":[{"href":"https:\/\/blog.fondation-ove.fr\/taron\/wp-json\/wp\/v2\/types\/post"}],"author":[{"embeddable":true,"href":"https:\/\/blog.fondation-ove.fr\/taron\/wp-json\/wp\/v2\/users\/515"}],"replies":[{"embeddable":true,"href":"https:\/\/blog.fondation-ove.fr\/taron\/wp-json\/wp\/v2\/comments?post=236"}],"version-history":[{"count":58,"href":"https:\/\/blog.fondation-ove.fr\/taron\/wp-json\/wp\/v2\/posts\/236\/revisions"}],"predecessor-version":[{"id":2076,"href":"https:\/\/blog.fondation-ove.fr\/taron\/wp-json\/wp\/v2\/posts\/236\/revisions\/2076"}],"wp:attachment":[{"href":"https:\/\/blog.fondation-ove.fr\/taron\/wp-json\/wp\/v2\/media?parent=236"}],"wp:term":[{"taxonomy":"category","embeddable":true,"href":"https:\/\/blog.fondation-ove.fr\/taron\/wp-json\/wp\/v2\/categories?post=236"},{"taxonomy":"post_tag","embeddable":true,"href":"https:\/\/blog.fondation-ove.fr\/taron\/wp-json\/wp\/v2\/tags?post=236"}],"curies":[{"name":"wp","href":"https:\/\/api.w.org\/{rel}","templated":true}]}}