{"id":7889,"date":"2023-10-19T14:46:25","date_gmt":"2023-10-19T12:46:25","guid":{"rendered":"https:\/\/blog.fondation-ove.fr\/maschapuis\/?p=7889"},"modified":"2023-10-19T14:48:50","modified_gmt":"2023-10-19T12:48:50","slug":"__trashed","status":"publish","type":"post","link":"https:\/\/blog.fondation-ove.fr\/maschapuis\/2023\/10\/19\/__trashed\/","title":{"rendered":"LA BIENTRAITANCE A LA MAS"},"content":{"rendered":"\n<p>La commission bientraitance \u00e0 d\u00e9but\u00e9 le 16\/06\/2023, cela fait parti des nouveaux th\u00e8mes dans le plan de formation 2024 de la FONDATION OVE. <\/p>\n\n\n\n<p>La Bientraitance sera abord\u00e9e lors de l&rsquo;entretien du nouveau salari\u00e9 aupr\u00e8s de le Direction, du chef de service, de la responsable qualit\u00e9 et la psychologue. <\/p>\n\n\n\n<p>Il y a eu une deuxi\u00e8me rencontre le 08\/09\/2023 en pr\u00e9sence des professionnels de l&rsquo;\u00e9tablissement et d&rsquo;un tuteur. Les dates de commission sont transmises, permettant au tuteur de participer \u00e0 ces temps d&rsquo;\u00e9change.<\/p>\n\n\n\n<p>Le but de la commission est de r\u00e9aliser des proc\u00e9dures bientraitance.<br>Dans la proc\u00e9dure :<\/p>\n\n\n\n<ul class=\"wp-block-list\">\n<li>un volet p\u00e9dagogique, pour am\u00e9liorer la qualit\u00e9 de l&rsquo;accompagnement au quotidien,<\/li>\n\n\n\n<li>les recours possibles pour les usagers ? pour les professionnels ?&nbsp;<\/li>\n\n\n\n<li>Comment est trait\u00e9 le cas de maltraitance ? Quelles sont les pr\u00e9cautions \u00e0 prendre ?<\/li>\n\n\n\n<li>Comment dire \u00e0 son coll\u00e8gue qu&rsquo;il adopte une posture maltraitante ?<\/li>\n\n\n\n<li>D\u00e9finir la maltraitance\/ la bientraitance : pas uniquement envers les r\u00e9sidents, aussi entre pros, ou usagers -pros, ou entres usagers.<\/li>\n<\/ul>\n\n\n\n<p>Prochaine date le 17\/11\/2023.<\/p>\n\n\n\n<p>Ordre du jour de la prochaine commission :<br>&#8211; Travailler le cadre de la proc\u00e9dure.<br>&#8211; Travailler une charte d&rsquo;engagement o\u00f9 chacun s&rsquo;engage.<\/p>\n\n\n\n<p>La d\u00e9finition de la <strong>BIENTRAITANCE<\/strong> DANS LA MAS :<\/p>\n\n\n\n<figure class=\"wp-block-image size-full\"><img loading=\"lazy\" decoding=\"async\" width=\"605\" height=\"605\" src=\"https:\/\/blog.fondation-ove.fr\/maschapuis\/wp-content\/uploads\/sites\/64\/2023\/10\/image-bientraitance-1.png\" alt=\"\" class=\"wp-image-7892\" \/><\/figure>\n\n\n\n<p>La d\u00e9finition de la <strong>MALTRAITANCE<\/strong> :<\/p>\n\n\n\n<figure class=\"wp-block-image size-full\"><img loading=\"lazy\" decoding=\"async\" width=\"605\" height=\"606\" src=\"https:\/\/blog.fondation-ove.fr\/maschapuis\/wp-content\/uploads\/sites\/64\/2023\/10\/image-maltraitance-2.png\" alt=\"\" class=\"wp-image-7896\" \/><\/figure>\n\n\n\n<p>R\u00e9f\u00e9rent de la commission bientraitance Nassera LANGUER (Educateur sp\u00e9cialis\u00e9 sur l&rsquo;unit\u00e9 Traboule) et Jos\u00e9phine HAUTIN (Psychomotricienne)<\/p>\n","protected":false},"excerpt":{"rendered":"<p>La commission bientraitance \u00e0 d\u00e9but\u00e9 le 16\/06\/2023, cela fait parti des nouveaux th\u00e8mes dans le plan de formation 2024 de la FONDATION OVE. La Bientraitance sera abord\u00e9e lors de l&rsquo;entretien du nouveau salari\u00e9 aupr\u00e8s de le Direction, du chef de service, de la responsable qualit\u00e9 et la psychologue. Il y a eu une deuxi\u00e8me rencontre [&hellip;]<\/p>\n","protected":false},"author":684,"featured_media":0,"comment_status":"open","ping_status":"open","sticky":false,"template":"","format":"standard","meta":{"ngg_post_thumbnail":0,"footnotes":""},"categories":[12],"tags":[],"class_list":["post-7889","post","type-post","status-publish","format-standard","hentry","category-commission-bientraitance"],"_links":{"self":[{"href":"https:\/\/blog.fondation-ove.fr\/maschapuis\/wp-json\/wp\/v2\/posts\/7889","targetHints":{"allow":["GET"]}}],"collection":[{"href":"https:\/\/blog.fondation-ove.fr\/maschapuis\/wp-json\/wp\/v2\/posts"}],"about":[{"href":"https:\/\/blog.fondation-ove.fr\/maschapuis\/wp-json\/wp\/v2\/types\/post"}],"author":[{"embeddable":true,"href":"https:\/\/blog.fondation-ove.fr\/maschapuis\/wp-json\/wp\/v2\/users\/684"}],"replies":[{"embeddable":true,"href":"https:\/\/blog.fondation-ove.fr\/maschapuis\/wp-json\/wp\/v2\/comments?post=7889"}],"version-history":[{"count":2,"href":"https:\/\/blog.fondation-ove.fr\/maschapuis\/wp-json\/wp\/v2\/posts\/7889\/revisions"}],"predecessor-version":[{"id":7899,"href":"https:\/\/blog.fondation-ove.fr\/maschapuis\/wp-json\/wp\/v2\/posts\/7889\/revisions\/7899"}],"wp:attachment":[{"href":"https:\/\/blog.fondation-ove.fr\/maschapuis\/wp-json\/wp\/v2\/media?parent=7889"}],"wp:term":[{"taxonomy":"category","embeddable":true,"href":"https:\/\/blog.fondation-ove.fr\/maschapuis\/wp-json\/wp\/v2\/categories?post=7889"},{"taxonomy":"post_tag","embeddable":true,"href":"https:\/\/blog.fondation-ove.fr\/maschapuis\/wp-json\/wp\/v2\/tags?post=7889"}],"curies":[{"name":"wp","href":"https:\/\/api.w.org\/{rel}","templated":true}]}}