{"id":739,"date":"2025-08-08T13:45:49","date_gmt":"2025-08-08T11:45:49","guid":{"rendered":"https:\/\/blog.fondation-ove.fr\/maisonderepitlyon\/?p=739"},"modified":"2025-08-08T13:45:50","modified_gmt":"2025-08-08T11:45:50","slug":"journee-avec-les-chevaux-ouvert-aux-adultes-et-aux-enfants","status":"publish","type":"post","link":"https:\/\/blog.fondation-ove.fr\/maisonderepitlyon\/2025\/08\/08\/journee-avec-les-chevaux-ouvert-aux-adultes-et-aux-enfants\/","title":{"rendered":"JOURN\u00c9E AVEC LES CHEVAUX: ouvert aux adultes et aux enfants"},"content":{"rendered":"\n<figure class=\"wp-block-image size-large\"><img loading=\"lazy\" decoding=\"async\" width=\"520\" height=\"675\" src=\"https:\/\/blog.fondation-ove.fr\/maisonderepitlyon\/wp-content\/uploads\/sites\/91\/2025\/04\/Capture-decran-2025-05-02-144635-520x675.png\" alt=\"\" class=\"wp-image-920\" style=\"aspect-ratio:1;object-fit:cover\" \/><\/figure>\n\n\n\n<p>Il reste encore quelques places, n&#8217;h\u00e9sitez pas \u00e0 vous inscrire pour profiter de cette exp\u00e9rience riche en \u00e9motions ! <strong>Aucune connaissance pr\u00e9alable du monde des chevaux n&#8217;est n\u00e9cessaire et toutes les activit\u00e9s sont r\u00e9alis\u00e9es \u00e0 pied, en s\u00e9curit\u00e9, et non sur le dos des chevaux.<\/strong><\/p>\n\n\n\n<p>Ci-dessous le programme de la journ\u00e9e :<\/p>\n\n\n\n<p>9h30 : Accueil avec petit d\u00e9jeuner<\/p>\n\n\n\n<p>10h00 : Visite des lieux et pr\u00e9sentation de l\u2019<strong>\u00c9QUICOACHING<\/strong><\/p>\n\n\n\n<p>10h30 &#8211; 12h00 :&nbsp;<strong>Ateliers collectifs<\/strong>&nbsp;(adultes et enfants)<\/p>\n\n\n\n<p>o&nbsp;Atelier 1 : Observation du troupeau \u2013 Les relations dans le groupe. Permettre aux aidants de r\u00e9fl\u00e9chir \u00e0 leurs relations et r\u00f4les dans leur quotidien, en s\u2019inspirant des interactions naturelles des chevaux.<\/p>\n\n\n\n<p>o Atelier 2 : Observation des temp\u00e9raments des chevaux. Aider les aidants \u00e0 identifier et accepter leurs \u00e9motions \u00e0 travers l\u2019observation.<\/p>\n\n\n\n<p>12h00 &#8211; 13h30 : Pause d\u00e9jeuner \u2013 Plateaux repas froid<\/p>\n\n\n\n<p>13h30 \u2013 16h00 :&nbsp;<strong>Ateliers d\u2019\u00e9quicoaching en sous-groupes<\/strong>&nbsp;(adultes et enfants)<\/p>\n\n\n\n<p><strong>o&nbsp;<em>Ateliers pour les adultes<\/em>&nbsp;:<\/strong><\/p>\n\n\n\n<p>Activit\u00e9 1 : Le miroir des \u00e9motions. Aider les participants \u00e0 prendre conscience de l\u2019impact de leurs \u00e9motions sur leurs comportements et sur leur entourage et \u00e0 pratiquer le l\u00e2cher prise<\/p>\n\n\n\n<p>Activit\u00e9 2 : Gestion des Priorit\u00e9s pour les Aidants (Fers \u00e0 Cheval). Aider les aidants \u00e0 clarifier et prioriser les ressources n\u00e9cessaires dans leur quotidien, tout en d\u00e9veloppant la prise de d\u00e9cision collective, la communication, et la gestion des priorit\u00e9s en groupe.<\/p>\n\n\n\n<p><strong>o&nbsp;<em>Ateliers pour les enfants<\/em>&nbsp;:<\/strong><\/p>\n\n\n\n<p>Activit\u00e9 1 : Connexion avec le cheval par le jeu<\/p>\n\n\n\n<p>Activit\u00e9 2 : Le parcours de confiance<\/p>\n\n\n\n<p>16h00 &#8211; 16h30 : Cercle de parole final<\/p>\n\n\n\n<p>16h30 &#8211; 17h00 : Collation de cl\u00f4ture<\/p>\n\n\n\n<p>Inscription par mail aupr\u00e8s de L\u00e9titia letitia.villemot@fondation-ove.fr ou par t\u00e9l\u00e9phone au&nbsp;04 69 85 99 87.<\/p>\n","protected":false},"excerpt":{"rendered":"<p>Il reste encore quelques places, n&#8217;h\u00e9sitez pas \u00e0 vous inscrire pour profiter de cette exp\u00e9rience riche en \u00e9motions ! Aucune connaissance pr\u00e9alable du monde des chevaux n&#8217;est n\u00e9cessaire et toutes les activit\u00e9s sont r\u00e9alis\u00e9es \u00e0 pied, en s\u00e9curit\u00e9, et non sur le dos des chevaux. Ci-dessous le programme de la journ\u00e9e : 9h30 : Accueil avec petit d\u00e9jeuner 10h00 : Visite des lieux et pr\u00e9sentation de l\u2019\u00c9QUICOACHING 10h30 &#8211; 12h00 :&nbsp;Ateliers collectifs&nbsp;(adultes et enfants) o&nbsp;Atelier 1 : Observation du troupeau&#8230;<\/p>\n<p class=\"read-more\"><a class=\"btn btn-default\" href=\"https:\/\/blog.fondation-ove.fr\/maisonderepitlyon\/2025\/08\/08\/journee-avec-les-chevaux-ouvert-aux-adultes-et-aux-enfants\/\">Lire la suite<span class=\"screen-reader-text\"> Lire la suite<\/span><\/a><\/p>\n","protected":false},"author":842,"featured_media":0,"comment_status":"open","ping_status":"open","sticky":false,"template":"","format":"standard","meta":{"footnotes":""},"categories":[1],"tags":[],"class_list":["post-739","post","type-post","status-publish","format-standard","hentry","category-non-classe"],"_links":{"self":[{"href":"https:\/\/blog.fondation-ove.fr\/maisonderepitlyon\/wp-json\/wp\/v2\/posts\/739","targetHints":{"allow":["GET"]}}],"collection":[{"href":"https:\/\/blog.fondation-ove.fr\/maisonderepitlyon\/wp-json\/wp\/v2\/posts"}],"about":[{"href":"https:\/\/blog.fondation-ove.fr\/maisonderepitlyon\/wp-json\/wp\/v2\/types\/post"}],"author":[{"embeddable":true,"href":"https:\/\/blog.fondation-ove.fr\/maisonderepitlyon\/wp-json\/wp\/v2\/users\/842"}],"replies":[{"embeddable":true,"href":"https:\/\/blog.fondation-ove.fr\/maisonderepitlyon\/wp-json\/wp\/v2\/comments?post=739"}],"version-history":[{"count":1,"href":"https:\/\/blog.fondation-ove.fr\/maisonderepitlyon\/wp-json\/wp\/v2\/posts\/739\/revisions"}],"predecessor-version":[{"id":921,"href":"https:\/\/blog.fondation-ove.fr\/maisonderepitlyon\/wp-json\/wp\/v2\/posts\/739\/revisions\/921"}],"wp:attachment":[{"href":"https:\/\/blog.fondation-ove.fr\/maisonderepitlyon\/wp-json\/wp\/v2\/media?parent=739"}],"wp:term":[{"taxonomy":"category","embeddable":true,"href":"https:\/\/blog.fondation-ove.fr\/maisonderepitlyon\/wp-json\/wp\/v2\/categories?post=739"},{"taxonomy":"post_tag","embeddable":true,"href":"https:\/\/blog.fondation-ove.fr\/maisonderepitlyon\/wp-json\/wp\/v2\/tags?post=739"}],"curies":[{"name":"wp","href":"https:\/\/api.w.org\/{rel}","templated":true}]}}