{"id":526,"date":"2020-10-07T15:52:14","date_gmt":"2020-10-07T13:52:14","guid":{"rendered":"http:\/\/blog.fondation-ove.fr\/lovefood\/?p=526"},"modified":"2020-10-07T15:52:17","modified_gmt":"2020-10-07T13:52:17","slug":"la-semaine-europeenne-du-developpement-durable-au-self-grosso-2eme-edition","status":"publish","type":"post","link":"https:\/\/blog.fondation-ove.fr\/lovefood\/2020\/10\/07\/la-semaine-europeenne-du-developpement-durable-au-self-grosso-2eme-edition\/","title":{"rendered":"La semaine europ\u00e9enne du d\u00e9veloppement durable au self Grosso \/ 2\u00e8me \u00e9dition."},"content":{"rendered":"\n<div class=\"wp-block-group\"><div class=\"wp-block-group__inner-container is-layout-flow wp-block-group-is-layout-flow\">\n<p>Pour la semaine du d\u00e9veloppement durable, nous souhaitons remercier les nombreux convives du self, qui ont pu participer aux animations.<\/p>\n\n\n\n<figure class=\"wp-block-image size-large\"><img loading=\"lazy\" decoding=\"async\" width=\"1200\" height=\"675\" src=\"http:\/\/blog.fondation-ove.fr\/lovefood\/wp-content\/uploads\/sites\/65\/2020\/10\/planning-semaine-DD-1200x675.jpg\" alt=\"\" class=\"wp-image-527\" srcset=\"https:\/\/blog.fondation-ove.fr\/lovefood\/wp-content\/uploads\/sites\/65\/2020\/10\/planning-semaine-DD-1200x675.jpg 1200w, https:\/\/blog.fondation-ove.fr\/lovefood\/wp-content\/uploads\/sites\/65\/2020\/10\/planning-semaine-DD-850x478.jpg 850w, https:\/\/blog.fondation-ove.fr\/lovefood\/wp-content\/uploads\/sites\/65\/2020\/10\/planning-semaine-DD-250x141.jpg 250w, https:\/\/blog.fondation-ove.fr\/lovefood\/wp-content\/uploads\/sites\/65\/2020\/10\/planning-semaine-DD-768x432.jpg 768w, https:\/\/blog.fondation-ove.fr\/lovefood\/wp-content\/uploads\/sites\/65\/2020\/10\/planning-semaine-DD-1260x709.jpg 1260w, https:\/\/blog.fondation-ove.fr\/lovefood\/wp-content\/uploads\/sites\/65\/2020\/10\/planning-semaine-DD.jpg 1280w\" sizes=\"auto, (max-width: 1200px) 100vw, 1200px\" \/><\/figure>\n\n\n\n<p><strong>Lundi : Pr\u00e9sentation des 5R de C\u00e9line Moser pour une consommation responsable.<\/strong><strong><\/strong><\/p>\n\n\n\n<figure class=\"wp-block-embed-youtube wp-block-embed is-type-video is-provider-youtube wp-embed-aspect-16-9 wp-has-aspect-ratio\"><div class=\"wp-block-embed__wrapper\">\n<iframe loading=\"lazy\" title=\"Semaine du DD OVE\" width=\"1260\" height=\"709\" src=\"https:\/\/www.youtube.com\/embed\/c2e1j6lSpfw?feature=oembed\" frameborder=\"0\" allow=\"accelerometer; autoplay; clipboard-write; encrypted-media; gyroscope; picture-in-picture\" allowfullscreen><\/iframe>\n<\/div><\/figure>\n\n\n\n<figure class=\"wp-block-image size-large\"><img loading=\"lazy\" decoding=\"async\" width=\"395\" height=\"297\" src=\"http:\/\/blog.fondation-ove.fr\/lovefood\/wp-content\/uploads\/sites\/65\/2020\/10\/Celine-semaine-DD-edited.jpg\" alt=\"\" class=\"wp-image-530\" \/><\/figure>\n\n\n\n<p><strong>Mardi&nbsp;: Trucs et Astuces du d\u00e9veloppement durable<\/strong><\/p>\n\n\n\n<div class=\"wp-block-group\"><div class=\"wp-block-group__inner-container is-layout-flow wp-block-group-is-layout-flow\">\n<div class=\"wp-block-image\"><figure class=\"alignleft size-large is-resized\"><img loading=\"lazy\" decoding=\"async\" src=\"http:\/\/blog.fondation-ove.fr\/lovefood\/wp-content\/uploads\/sites\/65\/2020\/10\/Trucs-et-Astuces-du-DD.jpg\" alt=\"\" class=\"wp-image-531\" width=\"240\" height=\"180\" \/><\/figure><\/div>\n\n\n\n<div class=\"wp-block-image\"><figure class=\"alignright size-large is-resized\"><img loading=\"lazy\" decoding=\"async\" src=\"https:\/\/blog.fondation-ove.fr\/lovefood\/wp-content\/uploads\/sites\/65\/2020\/10\/juquizz.png\" alt=\"\" class=\"wp-image-545\" width=\"240\" height=\"180\" \/><\/figure><\/div>\n<\/div><\/div>\n\n\n\n<p>Pr\u00e9sentation du mini potager\u00a0: les fruits et l\u00e9gumes \u00e0 faire repousser \u00e0 partir de restes, les graines \u00e0 faire germer et Le quizz d\u00e9veloppement durable.<\/p>\n\n\n\n<p><strong>Mercredi&nbsp;: Mon Restau Responsable<\/strong><\/p>\n\n\n\n<div class=\"wp-block-group\"><div class=\"wp-block-group__inner-container is-layout-flow wp-block-group-is-layout-flow\">\n<div class=\"wp-block-image\"><figure class=\"alignleft size-large is-resized\"><img loading=\"lazy\" decoding=\"async\" src=\"http:\/\/blog.fondation-ove.fr\/lovefood\/wp-content\/uploads\/sites\/65\/2020\/10\/MRR-mercredi-DD.jpg\" alt=\"\" class=\"wp-image-538\" width=\"240\" height=\"180\" \/><\/figure><\/div>\n\n\n\n<div class=\"wp-block-image\"><figure class=\"alignright size-large is-resized\"><img loading=\"lazy\" decoding=\"async\" src=\"https:\/\/blog.fondation-ove.fr\/lovefood\/wp-content\/uploads\/sites\/65\/2020\/10\/junorvege.png\" alt=\"\" class=\"wp-image-546\" width=\"240\" height=\"180\" \/><\/figure><\/div>\n<\/div><\/div>\n\n\n\n<p>Pr\u00e9sentation des engagements r\u00e9alis\u00e9s dans la d\u00e9marche \u00ab\u00a0Mon Restau Responsable\u00a0\u00bb et d\u00e9monstration d\u2019une cuisson basse temp\u00e9rature avec la marmite norv\u00e9gienne.<br><\/p>\n\n\n\n<p><strong>Jeudi&nbsp;: Le jeu du Tri<\/strong><\/p>\n\n\n\n<p>Le quizz \u00ab\u00a0effet papillon\u00a0\u00bb et sensibilisation pour vous encourager \u00e0 trier. <\/p>\n<\/div><\/div>\n\n\n\n<figure class=\"wp-block-image size-full\"><img loading=\"lazy\" decoding=\"async\" width=\"1095\" height=\"1754\" src=\"https:\/\/blog.fondation-ove.fr\/lovefood\/wp-content\/uploads\/sites\/65\/2020\/10\/Affiche-Teasing-A4_Modifiable_page-0001-edited.jpg\" alt=\"\" class=\"wp-image-547\" srcset=\"https:\/\/blog.fondation-ove.fr\/lovefood\/wp-content\/uploads\/sites\/65\/2020\/10\/Affiche-Teasing-A4_Modifiable_page-0001-edited.jpg 1095w, https:\/\/blog.fondation-ove.fr\/lovefood\/wp-content\/uploads\/sites\/65\/2020\/10\/Affiche-Teasing-A4_Modifiable_page-0001-edited-768x1230.jpg 768w, https:\/\/blog.fondation-ove.fr\/lovefood\/wp-content\/uploads\/sites\/65\/2020\/10\/Affiche-Teasing-A4_Modifiable_page-0001-edited-959x1536.jpg 959w\" sizes=\"auto, (max-width: 1095px) 100vw, 1095px\" \/><\/figure>\n","protected":false},"excerpt":{"rendered":"<p>Pour la semaine du d\u00e9veloppement durable, nous souhaitons remercier les nombreux convives du self, qui ont pu participer aux animations. Lundi : Pr\u00e9sentation des 5R de C\u00e9line Moser pour une consommation responsable. Mardi&nbsp;: Trucs et Astuces du d\u00e9veloppement durable Pr\u00e9sentation du mini potager\u00a0: les fruits et l\u00e9gumes \u00e0 faire repousser \u00e0 partir de restes, les&hellip; <\/p>\n<p class=\"toivo-read-more\"><a href=\"https:\/\/blog.fondation-ove.fr\/lovefood\/2020\/10\/07\/la-semaine-europeenne-du-developpement-durable-au-self-grosso-2eme-edition\/\" class=\"more-link\">Lire la suite <span class=\"screen-reader-text\">La semaine europ\u00e9enne du d\u00e9veloppement durable au self Grosso \/ 2\u00e8me \u00e9dition.<\/span><\/a><\/p>\n","protected":false},"author":463,"featured_media":550,"comment_status":"open","ping_status":"open","sticky":false,"template":"","format":"standard","meta":{"_exactmetrics_skip_tracking":false,"_exactmetrics_sitenote_active":false,"_exactmetrics_sitenote_note":"","_exactmetrics_sitenote_category":0,"ngg_post_thumbnail":0,"footnotes":""},"categories":[1],"tags":[],"class_list":{"0":"post-526","1":"post","2":"type-post","3":"status-publish","4":"format-standard","5":"has-post-thumbnail","7":"category-non-classe","8":"entry"},"_links":{"self":[{"href":"https:\/\/blog.fondation-ove.fr\/lovefood\/wp-json\/wp\/v2\/posts\/526","targetHints":{"allow":["GET"]}}],"collection":[{"href":"https:\/\/blog.fondation-ove.fr\/lovefood\/wp-json\/wp\/v2\/posts"}],"about":[{"href":"https:\/\/blog.fondation-ove.fr\/lovefood\/wp-json\/wp\/v2\/types\/post"}],"author":[{"embeddable":true,"href":"https:\/\/blog.fondation-ove.fr\/lovefood\/wp-json\/wp\/v2\/users\/463"}],"replies":[{"embeddable":true,"href":"https:\/\/blog.fondation-ove.fr\/lovefood\/wp-json\/wp\/v2\/comments?post=526"}],"version-history":[{"count":5,"href":"https:\/\/blog.fondation-ove.fr\/lovefood\/wp-json\/wp\/v2\/posts\/526\/revisions"}],"predecessor-version":[{"id":548,"href":"https:\/\/blog.fondation-ove.fr\/lovefood\/wp-json\/wp\/v2\/posts\/526\/revisions\/548"}],"wp:featuredmedia":[{"embeddable":true,"href":"https:\/\/blog.fondation-ove.fr\/lovefood\/wp-json\/wp\/v2\/media\/550"}],"wp:attachment":[{"href":"https:\/\/blog.fondation-ove.fr\/lovefood\/wp-json\/wp\/v2\/media?parent=526"}],"wp:term":[{"taxonomy":"category","embeddable":true,"href":"https:\/\/blog.fondation-ove.fr\/lovefood\/wp-json\/wp\/v2\/categories?post=526"},{"taxonomy":"post_tag","embeddable":true,"href":"https:\/\/blog.fondation-ove.fr\/lovefood\/wp-json\/wp\/v2\/tags?post=526"}],"curies":[{"name":"wp","href":"https:\/\/api.w.org\/{rel}","templated":true}]}}