{"id":514,"date":"2020-10-01T14:47:35","date_gmt":"2020-10-01T12:47:35","guid":{"rendered":"http:\/\/blog.fondation-ove.fr\/lovefood\/?p=514"},"modified":"2020-10-01T14:47:36","modified_gmt":"2020-10-01T12:47:36","slug":"seance-de-garantie-mon-restau-responsable-a-la-cuisine-centrale-de-venissieux","status":"publish","type":"post","link":"https:\/\/blog.fondation-ove.fr\/lovefood\/2020\/10\/01\/seance-de-garantie-mon-restau-responsable-a-la-cuisine-centrale-de-venissieux\/","title":{"rendered":"S\u00e9ance de Garantie Mon Restau Responsable \u00e0 la cuisine centrale de V\u00e9nissieux"},"content":{"rendered":"\n<p>Voil\u00e0 deux ans que la cuisine centrale OVE de V\u00e9nissieux est rentr\u00e9e dans la d\u00e9marche mon restau responsable  <sup>(r)<\/sup> <\/p>\n\n\n\nngg_shortcode_0_placeholder\n","protected":false},"excerpt":{"rendered":"<p>Voil\u00e0 deux ans que la cuisine centrale OVE de V\u00e9nissieux est rentr\u00e9e dans la d\u00e9marche mon restau responsable (r)<\/p>\n","protected":false},"author":463,"featured_media":0,"comment_status":"open","ping_status":"open","sticky":false,"template":"","format":"standard","meta":{"_exactmetrics_skip_tracking":false,"_exactmetrics_sitenote_active":false,"_exactmetrics_sitenote_note":"","_exactmetrics_sitenote_category":0,"ngg_post_thumbnail":0,"footnotes":""},"categories":[1],"tags":[],"class_list":{"0":"post-514","1":"post","2":"type-post","3":"status-publish","4":"format-standard","6":"category-non-classe","7":"entry"},"_links":{"self":[{"href":"https:\/\/blog.fondation-ove.fr\/lovefood\/wp-json\/wp\/v2\/posts\/514","targetHints":{"allow":["GET"]}}],"collection":[{"href":"https:\/\/blog.fondation-ove.fr\/lovefood\/wp-json\/wp\/v2\/posts"}],"about":[{"href":"https:\/\/blog.fondation-ove.fr\/lovefood\/wp-json\/wp\/v2\/types\/post"}],"author":[{"embeddable":true,"href":"https:\/\/blog.fondation-ove.fr\/lovefood\/wp-json\/wp\/v2\/users\/463"}],"replies":[{"embeddable":true,"href":"https:\/\/blog.fondation-ove.fr\/lovefood\/wp-json\/wp\/v2\/comments?post=514"}],"version-history":[{"count":1,"href":"https:\/\/blog.fondation-ove.fr\/lovefood\/wp-json\/wp\/v2\/posts\/514\/revisions"}],"predecessor-version":[{"id":524,"href":"https:\/\/blog.fondation-ove.fr\/lovefood\/wp-json\/wp\/v2\/posts\/514\/revisions\/524"}],"wp:attachment":[{"href":"https:\/\/blog.fondation-ove.fr\/lovefood\/wp-json\/wp\/v2\/media?parent=514"}],"wp:term":[{"taxonomy":"category","embeddable":true,"href":"https:\/\/blog.fondation-ove.fr\/lovefood\/wp-json\/wp\/v2\/categories?post=514"},{"taxonomy":"post_tag","embeddable":true,"href":"https:\/\/blog.fondation-ove.fr\/lovefood\/wp-json\/wp\/v2\/tags?post=514"}],"curies":[{"name":"wp","href":"https:\/\/api.w.org\/{rel}","templated":true}]}}