{"id":501,"date":"2020-08-31T15:17:10","date_gmt":"2020-08-31T13:17:10","guid":{"rendered":"http:\/\/blog.fondation-ove.fr\/lovefood\/?p=501"},"modified":"2020-08-31T15:17:12","modified_gmt":"2020-08-31T13:17:12","slug":"semaine-du-developpement-durable-2020","status":"publish","type":"post","link":"https:\/\/blog.fondation-ove.fr\/lovefood\/2020\/08\/31\/semaine-du-developpement-durable-2020\/","title":{"rendered":"Semaine du D\u00e9veloppement Durable 2020"},"content":{"rendered":"\n<figure class=\"wp-block-image size-large\"><img loading=\"lazy\" decoding=\"async\" width=\"526\" height=\"526\" src=\"https:\/\/blog.fondation-ove.fr\/lovefood\/wp-content\/uploads\/sites\/65\/2020\/08\/logo-SEDD-edited.png\" alt=\"\" class=\"wp-image-503\" srcset=\"https:\/\/blog.fondation-ove.fr\/lovefood\/wp-content\/uploads\/sites\/65\/2020\/08\/logo-SEDD-edited.png 526w, https:\/\/blog.fondation-ove.fr\/lovefood\/wp-content\/uploads\/sites\/65\/2020\/08\/logo-SEDD-edited-300x300.png 300w, https:\/\/blog.fondation-ove.fr\/lovefood\/wp-content\/uploads\/sites\/65\/2020\/08\/logo-SEDD-edited-140x140.png 140w\" sizes=\"auto, (max-width: 526px) 100vw, 526px\" \/><\/figure>\n\n\n\n<p>A l&#8217;occasion de la semaine europ\u00e9enne du d\u00e9veloppement durable nous vous invitons aux nombreux ateliers au self Grosso.<br>Apr\u00e8s deux ann\u00e9es d&#8217;engagement \u00e0 Mon Restau Responsable la cuisine centrale de V\u00e9nissieux vous convie \u00e0 sa s\u00e9ance participative de garantie.<\/p>\n\n\n\n<figure class=\"wp-block-table\"><table><tbody><tr><td class=\"has-text-align-center\" data-align=\"center\">Lundi 28 septembre<br><br><strong>Venez d\u00e9couvrir les 5 &#8220;R&#8221; pour consommer responsable<\/strong><\/td><td class=\"has-text-align-center\" data-align=\"center\">Lundi 28 septembre \u00e0 16h00<br><strong>S\u00e9ance Participative de Garantie \u00e0 V\u00e9nissieux<\/strong><\/td><td class=\"has-text-align-center\" data-align=\"center\">Mardi 29 septembre<br><br><strong>Atelier trucs et astuces du d\u00e9veloppement durable<\/strong><\/td><\/tr><tr><td class=\"has-text-align-center\" data-align=\"center\"><br>Mercredi 30 septembre<br><br><br><strong>Mon Restau Responsable<\/strong><\/td><td class=\"has-text-align-center\" data-align=\"center\"><img loading=\"lazy\" decoding=\"async\" width=\"260\" height=\"226\" class=\"wp-image-265\" style=\"width: 150px\" src=\"http:\/\/blog.fondation-ove.fr\/lovefood\/wp-content\/uploads\/sites\/65\/2019\/05\/img57.jpg\" alt=\"\"><\/td><td class=\"has-text-align-center\" data-align=\"center\">Jeudi 1er octobre<br><br><strong>Op\u00e9ration le tri pour tous<\/strong><\/td><\/tr><\/tbody><\/table><\/figure>\n\n\n\n<p><span style=\"color:#0d9c67\" class=\"has-inline-color\">Lundi 28 septembre<\/span><\/p>\n\n\n\n<p>Midi au self : atelier les 5 &#8220;R&#8221; pour consommer responsable<\/p>\n\n\n\n<p>\u00e0 16h00 sur V\u00e9nissieux : s\u00e9ance participative de garantie Mon restau responsable (c) <\/p>\n\n\n\n<figure class=\"wp-block-embed-youtube wp-block-embed is-type-video is-provider-youtube wp-embed-aspect-16-9 wp-has-aspect-ratio\"><div class=\"wp-block-embed__wrapper\">\n<iframe loading=\"lazy\" title=\"Qu&#039;est ce que la d\u00e9marche &quot;Mon Restau Responsable ?&quot;\" width=\"1260\" height=\"709\" src=\"https:\/\/www.youtube.com\/embed\/Eo7AZvPE_MA?feature=oembed\" frameborder=\"0\" allow=\"accelerometer; autoplay; encrypted-media; gyroscope; picture-in-picture\" allowfullscreen><\/iframe>\n<\/div><\/figure>\n\n\n\n<p><span style=\"color:#2a9210\" class=\"has-inline-color\">Mardi 29 septembre <\/span><\/p>\n\n\n\n<p>Truc et astuce du d\u00e9veloppement durable, am\u00e9liorer et changer ces habitudes quotidienne.<\/p>\n\n\n\n<p><span style=\"color:#258a65\" class=\"has-inline-color\">Mercredi 30 septembre<\/span><\/p>\n\n\n\n<p>Mon restau responsable au self, qu&#8217;avons nous fait pendant les 2 ans d&#8217;engagement?<\/p>\n\n\n\n<p><span style=\"color:#26a073\" class=\"has-inline-color\">Jeudi 1<sup>er <\/sup>octobre<\/span><\/p>\n\n\n\n<p>L&#8217;op\u00e9ration le tri pour tous<\/p>\n\n\n\n<figure class=\"wp-block-image size-full is-resized\"><img loading=\"lazy\" decoding=\"async\" src=\"https:\/\/blog.fondation-ove.fr\/lovefood\/wp-content\/uploads\/sites\/65\/2020\/08\/Affiche-Teasing-A4_Modifiable_page-0001.jpg\" alt=\"\" class=\"wp-image-504\" width=\"310\" height=\"439\" srcset=\"https:\/\/blog.fondation-ove.fr\/lovefood\/wp-content\/uploads\/sites\/65\/2020\/08\/Affiche-Teasing-A4_Modifiable_page-0001.jpg 1241w, https:\/\/blog.fondation-ove.fr\/lovefood\/wp-content\/uploads\/sites\/65\/2020\/08\/Affiche-Teasing-A4_Modifiable_page-0001-768x1085.jpg 768w, https:\/\/blog.fondation-ove.fr\/lovefood\/wp-content\/uploads\/sites\/65\/2020\/08\/Affiche-Teasing-A4_Modifiable_page-0001-1087x1536.jpg 1087w\" sizes=\"auto, (max-width: 310px) 100vw, 310px\" \/><\/figure>\n","protected":false},"excerpt":{"rendered":"<p>A l&#8217;occasion de la semaine europ\u00e9enne du d\u00e9veloppement durable nous vous invitons aux nombreux ateliers au self Grosso.Apr\u00e8s deux ann\u00e9es d&#8217;engagement \u00e0 Mon Restau Responsable la cuisine centrale de V\u00e9nissieux vous convie \u00e0 sa s\u00e9ance participative de garantie. Lundi 28 septembre Venez d\u00e9couvrir les 5 &#8220;R&#8221; pour consommer responsable Lundi 28 septembre \u00e0 16h00S\u00e9ance Participative&hellip; <\/p>\n<p class=\"toivo-read-more\"><a href=\"https:\/\/blog.fondation-ove.fr\/lovefood\/2020\/08\/31\/semaine-du-developpement-durable-2020\/\" class=\"more-link\">Lire la suite <span class=\"screen-reader-text\">Semaine du D\u00e9veloppement Durable 2020<\/span><\/a><\/p>\n","protected":false},"author":463,"featured_media":507,"comment_status":"open","ping_status":"open","sticky":false,"template":"","format":"standard","meta":{"_exactmetrics_skip_tracking":false,"_exactmetrics_sitenote_active":false,"_exactmetrics_sitenote_note":"","_exactmetrics_sitenote_category":0,"ngg_post_thumbnail":0,"footnotes":""},"categories":[1],"tags":[],"class_list":{"0":"post-501","1":"post","2":"type-post","3":"status-publish","4":"format-standard","5":"has-post-thumbnail","7":"category-non-classe","8":"entry"},"_links":{"self":[{"href":"https:\/\/blog.fondation-ove.fr\/lovefood\/wp-json\/wp\/v2\/posts\/501","targetHints":{"allow":["GET"]}}],"collection":[{"href":"https:\/\/blog.fondation-ove.fr\/lovefood\/wp-json\/wp\/v2\/posts"}],"about":[{"href":"https:\/\/blog.fondation-ove.fr\/lovefood\/wp-json\/wp\/v2\/types\/post"}],"author":[{"embeddable":true,"href":"https:\/\/blog.fondation-ove.fr\/lovefood\/wp-json\/wp\/v2\/users\/463"}],"replies":[{"embeddable":true,"href":"https:\/\/blog.fondation-ove.fr\/lovefood\/wp-json\/wp\/v2\/comments?post=501"}],"version-history":[{"count":1,"href":"https:\/\/blog.fondation-ove.fr\/lovefood\/wp-json\/wp\/v2\/posts\/501\/revisions"}],"predecessor-version":[{"id":505,"href":"https:\/\/blog.fondation-ove.fr\/lovefood\/wp-json\/wp\/v2\/posts\/501\/revisions\/505"}],"wp:featuredmedia":[{"embeddable":true,"href":"https:\/\/blog.fondation-ove.fr\/lovefood\/wp-json\/wp\/v2\/media\/507"}],"wp:attachment":[{"href":"https:\/\/blog.fondation-ove.fr\/lovefood\/wp-json\/wp\/v2\/media?parent=501"}],"wp:term":[{"taxonomy":"category","embeddable":true,"href":"https:\/\/blog.fondation-ove.fr\/lovefood\/wp-json\/wp\/v2\/categories?post=501"},{"taxonomy":"post_tag","embeddable":true,"href":"https:\/\/blog.fondation-ove.fr\/lovefood\/wp-json\/wp\/v2\/tags?post=501"}],"curies":[{"name":"wp","href":"https:\/\/api.w.org\/{rel}","templated":true}]}}