{"id":395,"date":"2020-01-16T11:06:25","date_gmt":"2020-01-16T10:06:25","guid":{"rendered":"http:\/\/blog.fondation-ove.fr\/lovefood\/?p=395"},"modified":"2020-01-16T11:20:15","modified_gmt":"2020-01-16T10:20:15","slug":"seance-participative-de-garantie-mon-restauresponsable-c-a-lime-guy-yver-de-faverges","status":"publish","type":"post","link":"https:\/\/blog.fondation-ove.fr\/lovefood\/2020\/01\/16\/seance-participative-de-garantie-mon-restauresponsable-c-a-lime-guy-yver-de-faverges\/","title":{"rendered":"S\u00e9ance Participative de Garantie Mon Restau&#8217;Responsable (c) \u00e0 l&#8217;IME Guy Yver de Faverges"},"content":{"rendered":"\n<figure class=\"wp-block-gallery columns-2 is-cropped wp-block-gallery-1 is-layout-flex wp-block-gallery-is-layout-flex\"><ul class=\"blocks-gallery-grid\"><li class=\"blocks-gallery-item\"><figure><img loading=\"lazy\" decoding=\"async\" width=\"640\" height=\"480\" src=\"https:\/\/blog.fondation-ove.fr\/lovefood\/wp-content\/uploads\/sites\/65\/2020\/01\/IMG_1157.jpg\" alt=\"\" data-id=\"396\" class=\"wp-image-396\" \/><\/figure><\/li><li class=\"blocks-gallery-item\"><figure><img loading=\"lazy\" decoding=\"async\" width=\"640\" height=\"480\" src=\"https:\/\/blog.fondation-ove.fr\/lovefood\/wp-content\/uploads\/sites\/65\/2020\/01\/IMG_1155.jpg\" alt=\"\" data-id=\"397\" data-full-url=\"https:\/\/blog.fondation-ove.fr\/lovefood\/wp-content\/uploads\/sites\/65\/2020\/01\/IMG_1155.jpg\" data-link=\"https:\/\/blog.fondation-ove.fr\/lovefood\/?attachment_id=397\" class=\"wp-image-397\" \/><\/figure><\/li><\/ul><figcaption class=\"blocks-gallery-caption\">Bravo \u00e0 Sylvie et son \u00e9quipe de la cuisine de l&#8217;IME Guy Yver (\u00e0 Faverges) <br>pour sa garantie \u00e0 la d\u00e9marche mon restau&#8217;responsable (c) <\/figcaption><\/figure>\n\n\n\n<p>Vu sur Resto-connect (le site de RestoCo) : <\/p>\n\n\n\n<p><strong>R\u00e9engagement dans la d\u00e9marche Mon Restau Responsable pour l&#8217;IME Guy Yver \u00e0 Faverges<\/strong><\/p>\n\n\n\n<p>Mercredi\n 15 janvier 2020 s\u2019est r\u00e9engag\u00e9 l\u2019IME (Institut m\u00e9dico-educatif) Guy \nYver de Faverges dans la d\u00e9marche Mon Restau Responsable\u00ae.<\/p>\n\n\n\n<p>Sylvie Michel, a annonc\u00e9 les \nengagements et axes d&#8217;am\u00e9liorations d\u00e9finis avec son \u00e9quipe, soit 6 \nr\u00e9partis sur les 4 piliers de la d\u00e9marche :<\/p>\n\n\n\n<p>&#8211; pour satisfaire le bien \u00eatre de ses convives, l\u2019IME s\u2019engage \u00e0 proposer un salade et dessert \u201cbar\u201d une fois par mois.&nbsp;<\/p>\n\n\n\n<p>&#8211; dans l\u2019objectif de cuisiner une \nassiette responsable, l\u2019IME souhaite trouver de nouveaux producteurs \nlocaux, en particulier pour la viande, le poisson et les oeufs et \npromouvoir les prot\u00e9ines v\u00e9g\u00e9tales.<\/p>\n\n\n\n<p>&#8211; concernant les \u00e9co-gestes, l\u2019IME d\u00e9sire mettre en place la pes\u00e9e de d\u00e9chets de pain \u00e0 la semaine.<\/p>\n\n\n\n<p>&#8211; pour finir sur des engagements \nsociaux et territoriaux, l\u2019IME s\u2019engage \u00e0 continuer leur jardin potager \net \u00e0 mettre en place l\u2019affichage de l\u2019origine des ingr\u00e9dients dans les \nplats au moins une fois par semaine.<\/p>\n\n\n\n<p>F\u00e9licitations \u00e0 eux et \u00e0 dans deux ans pour les prochains engagements.<\/p>\n","protected":false},"excerpt":{"rendered":"<p>Vu sur Resto-connect (le site de RestoCo) : R\u00e9engagement dans la d\u00e9marche Mon Restau Responsable pour l&#8217;IME Guy Yver \u00e0 Faverges Mercredi 15 janvier 2020 s\u2019est r\u00e9engag\u00e9 l\u2019IME (Institut m\u00e9dico-educatif) Guy Yver de Faverges dans la d\u00e9marche Mon Restau Responsable\u00ae. Sylvie Michel, a annonc\u00e9 les engagements et axes d&#8217;am\u00e9liorations d\u00e9finis avec son \u00e9quipe, soit 6&hellip; <\/p>\n<p class=\"toivo-read-more\"><a href=\"https:\/\/blog.fondation-ove.fr\/lovefood\/2020\/01\/16\/seance-participative-de-garantie-mon-restauresponsable-c-a-lime-guy-yver-de-faverges\/\" class=\"more-link\">Lire la suite <span class=\"screen-reader-text\">S\u00e9ance Participative de Garantie Mon Restau&#8217;Responsable (c) \u00e0 l&#8217;IME Guy Yver de Faverges<\/span><\/a><\/p>\n","protected":false},"author":463,"featured_media":0,"comment_status":"open","ping_status":"open","sticky":false,"template":"","format":"standard","meta":{"_exactmetrics_skip_tracking":false,"_exactmetrics_sitenote_active":false,"_exactmetrics_sitenote_note":"","_exactmetrics_sitenote_category":0,"ngg_post_thumbnail":0,"footnotes":""},"categories":[1],"tags":[],"class_list":{"0":"post-395","1":"post","2":"type-post","3":"status-publish","4":"format-standard","6":"category-non-classe","7":"entry"},"_links":{"self":[{"href":"https:\/\/blog.fondation-ove.fr\/lovefood\/wp-json\/wp\/v2\/posts\/395","targetHints":{"allow":["GET"]}}],"collection":[{"href":"https:\/\/blog.fondation-ove.fr\/lovefood\/wp-json\/wp\/v2\/posts"}],"about":[{"href":"https:\/\/blog.fondation-ove.fr\/lovefood\/wp-json\/wp\/v2\/types\/post"}],"author":[{"embeddable":true,"href":"https:\/\/blog.fondation-ove.fr\/lovefood\/wp-json\/wp\/v2\/users\/463"}],"replies":[{"embeddable":true,"href":"https:\/\/blog.fondation-ove.fr\/lovefood\/wp-json\/wp\/v2\/comments?post=395"}],"version-history":[{"count":2,"href":"https:\/\/blog.fondation-ove.fr\/lovefood\/wp-json\/wp\/v2\/posts\/395\/revisions"}],"predecessor-version":[{"id":401,"href":"https:\/\/blog.fondation-ove.fr\/lovefood\/wp-json\/wp\/v2\/posts\/395\/revisions\/401"}],"wp:attachment":[{"href":"https:\/\/blog.fondation-ove.fr\/lovefood\/wp-json\/wp\/v2\/media?parent=395"}],"wp:term":[{"taxonomy":"category","embeddable":true,"href":"https:\/\/blog.fondation-ove.fr\/lovefood\/wp-json\/wp\/v2\/categories?post=395"},{"taxonomy":"post_tag","embeddable":true,"href":"https:\/\/blog.fondation-ove.fr\/lovefood\/wp-json\/wp\/v2\/tags?post=395"}],"curies":[{"name":"wp","href":"https:\/\/api.w.org\/{rel}","templated":true}]}}