{"id":91,"date":"2024-10-22T22:13:16","date_gmt":"2024-10-22T20:13:16","guid":{"rendered":"https:\/\/blog.fondation-ove.fr\/fpa\/?p=91"},"modified":"2024-11-01T15:48:31","modified_gmt":"2024-11-01T14:48:31","slug":"enquete-metier-2","status":"publish","type":"post","link":"https:\/\/blog.fondation-ove.fr\/fpa\/2024\/10\/22\/enquete-metier-2\/","title":{"rendered":"enqu\u00eate m\u00e9tier \u00e0 l&rsquo;AFEC"},"content":{"rendered":"\n<p>Au centre de formation de AFEC(deux centres dans le 78)<\/p>\n\n\n\n<p>Formatrice et Coordinatrice  dans le secteur CAPAEPE. Ce centre de formation pr\u00e9pare \u00e9galement les ADVF, Secr\u00e9taire M\u00e9dico-sociale. L&rsquo;inconv\u00e9nient d&rsquo;exercer dans ce centre est que le formateur a dans l&rsquo;obligation de donner les cours remis par l&rsquo;organisme. Et celui-ci ne peut en aucun cas modifier le contenu avec sa touche personnelle. Les avantages sont: le salaire, un public vari\u00e9: l&rsquo;\u00e9tudiant,  l&rsquo;assistante maternelle en recherche d&rsquo;une qualification \u00e0 une personne en reconversion professionnelle. Le salaire diff\u00e8re en fonction du nombre d&rsquo;heures sur le site et des interventions. La formatrice rencontr\u00e9e est en C.D.I. et son salaire varie de 1900 \u00e0 2100 Eu en fonction de ses missions (coordinatrice et formatrice, jury examen). L&rsquo;AFEC ne prend pas de stagiaire mais uniquement des personnes qualifi\u00e9es.<\/p>\n\n\n\n<p><\/p>\n","protected":false},"excerpt":{"rendered":"<p>Au centre de formation de AFEC(deux centres dans le 78) Formatrice et Coordinatrice dans le secteur CAPAEPE. Ce centre de formation pr\u00e9pare \u00e9galement les ADVF, Secr\u00e9taire M\u00e9dico-sociale. L&rsquo;inconv\u00e9nient d&rsquo;exercer dans ce centre est que le formateur a dans l&rsquo;obligation de donner les cours remis par l&rsquo;organisme. Et celui-ci ne peut en aucun cas modifier le [&hellip;]<\/p>\n","protected":false},"author":741,"featured_media":0,"comment_status":"open","ping_status":"open","sticky":false,"template":"","format":"standard","meta":{"footnotes":""},"categories":[1],"tags":[],"class_list":["post-91","post","type-post","status-publish","format-standard","hentry","category-non-classe"],"_links":{"self":[{"href":"https:\/\/blog.fondation-ove.fr\/fpa\/wp-json\/wp\/v2\/posts\/91","targetHints":{"allow":["GET"]}}],"collection":[{"href":"https:\/\/blog.fondation-ove.fr\/fpa\/wp-json\/wp\/v2\/posts"}],"about":[{"href":"https:\/\/blog.fondation-ove.fr\/fpa\/wp-json\/wp\/v2\/types\/post"}],"author":[{"embeddable":true,"href":"https:\/\/blog.fondation-ove.fr\/fpa\/wp-json\/wp\/v2\/users\/741"}],"replies":[{"embeddable":true,"href":"https:\/\/blog.fondation-ove.fr\/fpa\/wp-json\/wp\/v2\/comments?post=91"}],"version-history":[{"count":2,"href":"https:\/\/blog.fondation-ove.fr\/fpa\/wp-json\/wp\/v2\/posts\/91\/revisions"}],"predecessor-version":[{"id":131,"href":"https:\/\/blog.fondation-ove.fr\/fpa\/wp-json\/wp\/v2\/posts\/91\/revisions\/131"}],"wp:attachment":[{"href":"https:\/\/blog.fondation-ove.fr\/fpa\/wp-json\/wp\/v2\/media?parent=91"}],"wp:term":[{"taxonomy":"category","embeddable":true,"href":"https:\/\/blog.fondation-ove.fr\/fpa\/wp-json\/wp\/v2\/categories?post=91"},{"taxonomy":"post_tag","embeddable":true,"href":"https:\/\/blog.fondation-ove.fr\/fpa\/wp-json\/wp\/v2\/tags?post=91"}],"curies":[{"name":"wp","href":"https:\/\/api.w.org\/{rel}","templated":true}]}}