{"id":76,"date":"2024-10-15T10:02:03","date_gmt":"2024-10-15T08:02:03","guid":{"rendered":"https:\/\/blog.fondation-ove.fr\/fpa\/?p=76"},"modified":"2024-10-15T10:04:05","modified_gmt":"2024-10-15T08:04:05","slug":"acces-a-un-titre-professionnel","status":"publish","type":"post","link":"https:\/\/blog.fondation-ove.fr\/fpa\/2024\/10\/15\/acces-a-un-titre-professionnel\/","title":{"rendered":"acc\u00e8s \u00e0 un titre professionnel"},"content":{"rendered":"\n<p><strong>Acc\u00e8s aux titres professionnels par la voie de l\u2019apprentissage<\/strong><\/p>\n\n\n\n<p>Le contrat d\u2019apprentissage est un syst\u00e8me de formation en alternance fond\u00e9 sur une phase pratique et une phase th\u00e9orique.<\/p>\n\n\n\n<p>L\u2019alternance permet de concilier travail en entreprise et formation th\u00e9orique, elle est mat\u00e9rialis\u00e9e par un contrat d\u2019apprentissage conclu entre un employeur, un salari\u00e9 et un CFA. Le contrat d\u2019apprentissage s\u2019adresse aux jeunes : entre 16 et 29 ans r\u00e9volus.<\/p>\n\n\n\n\n\n<p>Il permet de suivre une formation g\u00e9n\u00e9rale, th\u00e9orique et pratique, en vue d\u2019acqu\u00e9rir un dipl\u00f4me d\u2019\u00c9tat (CAP, BAC, BTS, Licence, Master, etc.) ou un titre \u00e0 finalit\u00e9 professionnelle inscrit au r\u00e9pertoire national des certifications professionnelles (RNCP). Il est toutefois possible de conclure un contrat d\u2019apprentissage, au-del\u00e0 de 30 ans, si vous \u00eates reconnu travailleur handicap\u00e9, sportif de haut niveau ou si vous avez un projet de cr\u00e9ation ou de reprise d\u2019entreprise n\u00e9cessitant le dipl\u00f4me pr\u00e9par\u00e9.<\/p>\n\n\n\n<p><a><\/a><strong>Avec qui ?<\/strong><strong><\/strong><\/p>\n\n\n\n<h1 class=\"wp-block-heading\">L\u2019apprenti suit un enseignement g\u00e9n\u00e9ral, th\u00e9orique et pratique dans l\u2019organisme de formation (CFA) et travaille en alternance chez un employeur priv\u00e9 ou public pour mettre en \u0153uvre les savoirs acquis. L\u2019apprenti est obligatoirement accompagn\u00e9 par un ma\u00eetre d\u2019apprentissage, justifiant d\u2019une exp\u00e9rience professionnelle et d\u2019une qualit\u00e9<\/h1>\n\n\n\n<h1 class=\"wp-block-heading\"><strong>Conditions d\u2019obtention du titre<\/strong><\/h1>\n\n\n\n<p>La d\u00e9livrance d\u2019un titre professionnel n\u00e9cessite le passage d\u2019une session de certification au cours de laquelle des membres du jury d\u00e9lib\u00e8reront quant \u00e0 vos comp\u00e9tences et savoir-faire.<\/p>\n\n\n\n<p>L\u2019\u00e9valuation s\u2019appuie sur plusieurs r\u00e9f\u00e9rentiels qui d\u00e9crivent l\u2019organisation, les modalit\u00e9s de l\u2019\u00e9valuation et les crit\u00e8res qui permettent \u00e0 l\u2019\u00e9valuateur d\u2019appr\u00e9cier la ma\u00eetrise des comp\u00e9tences professionnelles.<\/p>\n\n\n\n<p>Ces r\u00e9f\u00e9rentiels permettent une guidance pour les \u00e9valuateurs ainsi qu\u2019une harmonisation des \u00e9valuations favorisant une meilleure \u00e9quit\u00e9 et pr\u00e9paration des candidats.<\/p>\n\n\n\n<p>frication suffisante.<\/p>\n","protected":false},"excerpt":{"rendered":"<p>Acc\u00e8s aux titres professionnels par la voie de l\u2019apprentissage Le contrat d\u2019apprentissage est un syst\u00e8me de formation en alternance fond\u00e9 sur une phase pratique et une phase th\u00e9orique. L\u2019alternance permet de concilier travail en entreprise et formation th\u00e9orique, elle est mat\u00e9rialis\u00e9e par un contrat d\u2019apprentissage conclu entre un employeur, un salari\u00e9 et un CFA. Le [&hellip;]<\/p>\n","protected":false},"author":740,"featured_media":0,"comment_status":"open","ping_status":"open","sticky":false,"template":"","format":"standard","meta":{"footnotes":""},"categories":[1],"tags":[],"class_list":["post-76","post","type-post","status-publish","format-standard","hentry","category-non-classe"],"_links":{"self":[{"href":"https:\/\/blog.fondation-ove.fr\/fpa\/wp-json\/wp\/v2\/posts\/76","targetHints":{"allow":["GET"]}}],"collection":[{"href":"https:\/\/blog.fondation-ove.fr\/fpa\/wp-json\/wp\/v2\/posts"}],"about":[{"href":"https:\/\/blog.fondation-ove.fr\/fpa\/wp-json\/wp\/v2\/types\/post"}],"author":[{"embeddable":true,"href":"https:\/\/blog.fondation-ove.fr\/fpa\/wp-json\/wp\/v2\/users\/740"}],"replies":[{"embeddable":true,"href":"https:\/\/blog.fondation-ove.fr\/fpa\/wp-json\/wp\/v2\/comments?post=76"}],"version-history":[{"count":2,"href":"https:\/\/blog.fondation-ove.fr\/fpa\/wp-json\/wp\/v2\/posts\/76\/revisions"}],"predecessor-version":[{"id":79,"href":"https:\/\/blog.fondation-ove.fr\/fpa\/wp-json\/wp\/v2\/posts\/76\/revisions\/79"}],"wp:attachment":[{"href":"https:\/\/blog.fondation-ove.fr\/fpa\/wp-json\/wp\/v2\/media?parent=76"}],"wp:term":[{"taxonomy":"category","embeddable":true,"href":"https:\/\/blog.fondation-ove.fr\/fpa\/wp-json\/wp\/v2\/categories?post=76"},{"taxonomy":"post_tag","embeddable":true,"href":"https:\/\/blog.fondation-ove.fr\/fpa\/wp-json\/wp\/v2\/tags?post=76"}],"curies":[{"name":"wp","href":"https:\/\/api.w.org\/{rel}","templated":true}]}}