{"id":74,"date":"2024-10-15T09:52:31","date_gmt":"2024-10-15T07:52:31","guid":{"rendered":"https:\/\/blog.fondation-ove.fr\/fpa\/?p=74"},"modified":"2024-10-15T09:52:33","modified_gmt":"2024-10-15T07:52:33","slug":"lobtention-dun-titre-professionnel","status":"publish","type":"post","link":"https:\/\/blog.fondation-ove.fr\/fpa\/2024\/10\/15\/lobtention-dun-titre-professionnel\/","title":{"rendered":"l&rsquo;obtention d&rsquo;un titre professionnel"},"content":{"rendered":"\n<p>Le 14.12.2024<\/p>\n\n\n\n<p>Pascal<\/p>\n\n\n\n<p>Le titre professionnel d\u00e9livr\u00e9 par le minist\u00e8re du Travail s\u2019adresse \u00e0 toute personne (salari\u00e9s, \u00e9tudiants, demandeurs d\u2019emploi, autoentrepreneurs, candidats \u00e0 la reconversion) qui souhaite obtenir une qualification professionnelle reconnue par les employeurs.<\/p>\n\n\n\n<p>Il atteste de comp\u00e9tences qui correspondent \u00e0 des emplois de diff\u00e9rents niveaux de qualification, du CAP au Bac+4, et dans de nombreux secteurs d\u2019activit\u00e9.<\/p>\n\n\n\n<p>Il permet de favoriser le retour \u00e0 l\u2019emploi et l\u2019\u00e9volution de carri\u00e8re.<\/p>\n\n\n\n<p>L\u2019obtention D\u2019un titre professionnel pour un emploi.<\/p>\n\n\n\n<p>Ya trois chemin \u00e0 suivre.&nbsp;<\/p>\n\n\n\n<ul class=\"wp-block-list\">\n<li>La formation\u00a0: je commence ou je suis en formation (formation en continu ou en alternance).<\/li>\n\n\n\n<li>VAE je mets en valeur mon exp\u00e9rience par VAE (validation des acquis de l\u2019exp\u00e9rience.<\/li>\n\n\n\n<li>CCP je valide mes comp\u00e9tences lors d\u2019un parcours progressif capitalisation des CCP (certificat de comp\u00e9tence professionnel)<\/li>\n<\/ul>\n\n\n\n<p>La formation continue<\/p>\n\n\n\n<p>&nbsp;Pour pouvoir vous pr\u00e9senter \u00e0 une session d\u2019examen sur un Titre Professionnel, parmi les diff\u00e9rentes voies d\u2019acc\u00e8s \u00e0 la certification, vous pouvez opter pour une formation.<\/p>\n\n\n\n<p>Ce type de parcours vous permet d\u2019acqu\u00e9rir ou d\u2019actualiser les savoirs, savoir-faire techniques, savoir-faire relationnels et savoir-faire organisationnels de l\u2019ensemble des comp\u00e9tences n\u00e9cessaires \u00e0 l\u2019obtention du titre professionnel vis\u00e9. Le parcours de formation s\u2019effectue dans un centre de formation et comprend une p\u00e9riode en entreprise.<\/p>\n\n\n\n<p>Ces comp\u00e9tences sont accessibles dans le R\u00e9f\u00e9rentiel Emploi Activit\u00e9s et Comp\u00e9tences (REAC) de chaque titre professionnel.<\/p>\n\n\n\n<p>Les modalit\u00e9s de passage de la session d\u2019examen pour un titre professionnel sont r\u00e9glement\u00e9es et consultables dans le R\u00e9f\u00e9rentiel d\u2019Evaluation (RE) de chaque titre professionnel. nouvelles comp\u00e9tences,<\/p>\n\n\n\n<p>se sp\u00e9cialiser, se reconvertir.<\/p>\n\n\n\n<p>Il est d\u00e9livr\u00e9 :<\/p>\n\n\n\n<ul class=\"wp-block-list\">\n<li>apr\u00e8s une session unique d\u2019examen ;<\/li>\n\n\n\n<li>ou pas \u00e0 pas, apr\u00e8s plusieurs sessions d\u2019examen, en capitalisant les certificats de comp\u00e9tences professionnelles.<\/li>\n<\/ul>\n\n\n\n\n\n<p>Vous ne pouvez pas vous inscrire seul \u00e0 une session d\u2019examen pour l\u2019obtention d\u2019un titre professionnel.&nbsp; C\u2019est le centre de formation qui proc\u00e8de \u00e0 votre inscription \u00e0 l\u2019issue d\u2019un parcours de formation. La notion de candidat libre n\u2019existe pas pour le passage d\u2019un titre professionnel.<\/p>\n\n\n\n<h2 class=\"wp-block-heading\">VAE La<strong> Validation des Acquis de l\u2019Exp\u00e9rience<\/strong><\/h2>\n\n\n\n<p><strong>Faites reconnaitre votre exp\u00e9rience par un dipl\u00f4me !<\/strong> La VAE est la troisi\u00e8me voie d\u2019acc\u00e8s au titre professionnel depuis 2002.<\/p>\n\n\n\n<p>Vous souhaitez :<\/p>\n\n\n\n<ul class=\"wp-block-list\">\n<li>Faire reconnaitre vos exp\u00e9riences<\/li>\n\n\n\n<li>Pr\u00e9parer une reconversion professionnelle<\/li>\n\n\n\n<li>Faire \u00e9voluer votre carri\u00e8re<\/li>\n<\/ul>\n\n\n\n<p>La VAE s\u2019offre \u00e0 vous !<\/p>\n\n\n\n<h3 class=\"wp-block-heading\">De plus, vous avez la possibilit\u00e9 d\u2019obtenir votre dipl\u00f4me sans avoir \u00e0 interrompre votre activit\u00e9 professionnelle.<strong> Valorisez votre exp\u00e9rience sans revenir en formation !<\/strong><\/h3>\n\n\n\n<p>Cette certification peut \u00eatre un titre professionnel, un dipl\u00f4me ou un certificat de qualification professionnelle, celle-ci doit \u00eatre inscrite au RNCP (R\u00e9pertoire National des Certifications Professionnelles).<\/p>\n\n\n\n<p>Faites valoir l\u2019ensemble de vos activit\u00e9s pass\u00e9es en rapport avec le dipl\u00f4me vis\u00e9, elles peuvent toutes \u00eatre prises en compte : b\u00e9n\u00e9volat, exp\u00e9riences professionnelles, activit\u00e9s sportives de haut niveau, etc.<\/p>\n\n\n\n<p>Le dispositif de VAE est accessible \u00e0 toute personne ayant des comp\u00e9tences li\u00e9es au dipl\u00f4me vis\u00e9. Peuvent en b\u00e9n\u00e9ficier les salari\u00e9s travaillant dans le secteur priv\u00e9 ou public, demandeurs d\u2019emploi, volontaires et b\u00e9n\u00e9voles, \u00e9lus et responsables syndicaux, proches aidants, \u00e9tudiants, etc.<\/p>\n\n\n\n<p>Une plateforme unique est \u00e0 votre disposition pour l\u2019ensemble des informations qui concernent la VAE, il s\u2019agit du :<\/p>\n\n\n\n<p><a href=\"https:\/\/vae.gouv.fr\/\" target=\"_blank\" rel=\"noreferrer noopener\">Portail de la VAE<\/a><\/p>\n\n\n\n<p>Rendez-vous sur le portail pour tous renseignements et pour d\u00e9buter votre parcours.<\/p>\n\n\n\n<p><strong>La capitalisation des CCP <\/strong>Une des voies possibles d\u2019acquisition d\u2019un titre professionnel est le parcours d\u2019acc\u00e8s progressif ou discontinu au titre professionnel par capitalisation des Certificats de Comp\u00e9tences Professionnelles (CCP) qui constituent le titre professionnel.<\/p>\n\n\n\n<p>Ce type de parcours vous permet d\u2019acqu\u00e9rir ou d\u2019actualiser les savoirs, savoir-faire techniques, savoir-faire relationnels et savoir-faire organisationnels de l\u2019ensemble des comp\u00e9tences n\u00e9cessaires \u00e0 chacun des Certificats de Comp\u00e9tences Professionnelles (CCP) constitutifs du titre professionnel vis\u00e9.<\/p>\n\n\n\n<p>Vous devrez ainsi satisfaire aux \u00e9preuves correspondant \u00e0 chacun des CPP constituant le Titre professionnel vis\u00e9.<\/p>\n\n\n\n<p>Les modalit\u00e9s de passage de la session d\u2019examen du ou des CPP sont r\u00e9glement\u00e9es et consultables dans le R\u00e9f\u00e9rentiel d\u2019Evaluation de chaque titre professionnel.<\/p>\n\n\n\n<p>Une fois les CCP du TP acquis, le candidat doit passer un entretien final avec le jury afin d\u2019obtenir le titre professionnel.<\/p>\n\n\n\n<h3 class=\"wp-block-heading\">Les comp\u00e9tences qui forment les CCP sont accessibles dans le R\u00e9f\u00e9rentiel Emploi Activit\u00e9s et Comp\u00e9tences (REAC) de chaque titre professionnel.<strong> Une nomenclature permet de mesurer l\u2019\u00e9quivalence des certifications en les classant par niveau<\/strong><\/h3>\n\n\n\n<p>Le cadre national des certifications professionnelles a d\u00e9fini des niveaux de qualifications plus lisibles et align\u00e9s sur ceux de l\u2019Europe.<\/p>\n\n\n\n<ul class=\"wp-block-list\">\n<li>Niveau\u202f3 = BEP CAP<\/li>\n\n\n\n<li>Niveau\u202f4 = Bac<\/li>\n\n\n\n<li>Niveau\u202f5 = BTS, DUT \u2013 Bac\u202f+\u202f2<\/li>\n\n\n\n<li>Niveau\u202f6 = Bac +3 ou Bac +4<\/li>\n\n\n\n<li>Niveaux 7 et 8 =\u202fMaster et Doctorat \u2013 Bac + 5 ou Bac + 8<\/li>\n<\/ul>\n","protected":false},"excerpt":{"rendered":"<p>Le 14.12.2024 Pascal Le titre professionnel d\u00e9livr\u00e9 par le minist\u00e8re du Travail s\u2019adresse \u00e0 toute personne (salari\u00e9s, \u00e9tudiants, demandeurs d\u2019emploi, autoentrepreneurs, candidats \u00e0 la reconversion) qui souhaite obtenir une qualification professionnelle reconnue par les employeurs. Il atteste de comp\u00e9tences qui correspondent \u00e0 des emplois de diff\u00e9rents niveaux de qualification, du CAP au Bac+4, et dans [&hellip;]<\/p>\n","protected":false},"author":740,"featured_media":0,"comment_status":"open","ping_status":"open","sticky":false,"template":"","format":"standard","meta":{"footnotes":""},"categories":[1],"tags":[],"class_list":["post-74","post","type-post","status-publish","format-standard","hentry","category-non-classe"],"_links":{"self":[{"href":"https:\/\/blog.fondation-ove.fr\/fpa\/wp-json\/wp\/v2\/posts\/74","targetHints":{"allow":["GET"]}}],"collection":[{"href":"https:\/\/blog.fondation-ove.fr\/fpa\/wp-json\/wp\/v2\/posts"}],"about":[{"href":"https:\/\/blog.fondation-ove.fr\/fpa\/wp-json\/wp\/v2\/types\/post"}],"author":[{"embeddable":true,"href":"https:\/\/blog.fondation-ove.fr\/fpa\/wp-json\/wp\/v2\/users\/740"}],"replies":[{"embeddable":true,"href":"https:\/\/blog.fondation-ove.fr\/fpa\/wp-json\/wp\/v2\/comments?post=74"}],"version-history":[{"count":1,"href":"https:\/\/blog.fondation-ove.fr\/fpa\/wp-json\/wp\/v2\/posts\/74\/revisions"}],"predecessor-version":[{"id":75,"href":"https:\/\/blog.fondation-ove.fr\/fpa\/wp-json\/wp\/v2\/posts\/74\/revisions\/75"}],"wp:attachment":[{"href":"https:\/\/blog.fondation-ove.fr\/fpa\/wp-json\/wp\/v2\/media?parent=74"}],"wp:term":[{"taxonomy":"category","embeddable":true,"href":"https:\/\/blog.fondation-ove.fr\/fpa\/wp-json\/wp\/v2\/categories?post=74"},{"taxonomy":"post_tag","embeddable":true,"href":"https:\/\/blog.fondation-ove.fr\/fpa\/wp-json\/wp\/v2\/tags?post=74"}],"curies":[{"name":"wp","href":"https:\/\/api.w.org\/{rel}","templated":true}]}}