{"id":68,"date":"2024-10-15T09:40:44","date_gmt":"2024-10-15T07:40:44","guid":{"rendered":"https:\/\/blog.fondation-ove.fr\/fpa\/?p=68"},"modified":"2024-10-15T09:40:45","modified_gmt":"2024-10-15T07:40:45","slug":"agefiph","status":"publish","type":"post","link":"https:\/\/blog.fondation-ove.fr\/fpa\/2024\/10\/15\/agefiph\/","title":{"rendered":"Agefiph"},"content":{"rendered":"\n<p><a href=\"https:\/\/www.francebleu.fr\/infos\/politique\/budget-coup-de-rabot-sur-la-dotation-de-l-agefiph-association-d-insertion-professionnelle-des-personnes-handicapees-2073008\">Handicap : la dotation de l&rsquo;Agefiph, charg\u00e9e de l&rsquo;insertion professionnelle des personnes handicap\u00e9es, rabot\u00e9e de 20% &#8211; France Bleu<\/a><\/p>\n\n\n\n<p>petit article Agefiph<\/p>\n","protected":false},"excerpt":{"rendered":"<p>Handicap : la dotation de l&rsquo;Agefiph, charg\u00e9e de l&rsquo;insertion professionnelle des personnes handicap\u00e9es, rabot\u00e9e de 20% &#8211; France Bleu petit article Agefiph<\/p>\n","protected":false},"author":741,"featured_media":0,"comment_status":"open","ping_status":"open","sticky":false,"template":"","format":"standard","meta":{"footnotes":""},"categories":[1],"tags":[],"class_list":["post-68","post","type-post","status-publish","format-standard","hentry","category-non-classe"],"_links":{"self":[{"href":"https:\/\/blog.fondation-ove.fr\/fpa\/wp-json\/wp\/v2\/posts\/68","targetHints":{"allow":["GET"]}}],"collection":[{"href":"https:\/\/blog.fondation-ove.fr\/fpa\/wp-json\/wp\/v2\/posts"}],"about":[{"href":"https:\/\/blog.fondation-ove.fr\/fpa\/wp-json\/wp\/v2\/types\/post"}],"author":[{"embeddable":true,"href":"https:\/\/blog.fondation-ove.fr\/fpa\/wp-json\/wp\/v2\/users\/741"}],"replies":[{"embeddable":true,"href":"https:\/\/blog.fondation-ove.fr\/fpa\/wp-json\/wp\/v2\/comments?post=68"}],"version-history":[{"count":1,"href":"https:\/\/blog.fondation-ove.fr\/fpa\/wp-json\/wp\/v2\/posts\/68\/revisions"}],"predecessor-version":[{"id":71,"href":"https:\/\/blog.fondation-ove.fr\/fpa\/wp-json\/wp\/v2\/posts\/68\/revisions\/71"}],"wp:attachment":[{"href":"https:\/\/blog.fondation-ove.fr\/fpa\/wp-json\/wp\/v2\/media?parent=68"}],"wp:term":[{"taxonomy":"category","embeddable":true,"href":"https:\/\/blog.fondation-ove.fr\/fpa\/wp-json\/wp\/v2\/categories?post=68"},{"taxonomy":"post_tag","embeddable":true,"href":"https:\/\/blog.fondation-ove.fr\/fpa\/wp-json\/wp\/v2\/tags?post=68"}],"curies":[{"name":"wp","href":"https:\/\/api.w.org\/{rel}","templated":true}]}}