{"id":57,"date":"2024-10-15T10:01:06","date_gmt":"2024-10-15T08:01:06","guid":{"rendered":"https:\/\/blog.fondation-ove.fr\/fpa\/?p=57"},"modified":"2024-10-15T10:01:07","modified_gmt":"2024-10-15T08:01:07","slug":"la-veille","status":"publish","type":"post","link":"https:\/\/blog.fondation-ove.fr\/fpa\/2024\/10\/15\/la-veille\/","title":{"rendered":"la veille"},"content":{"rendered":"\n<p>Outils de veille en formation professionnelle : d\u00e9finition, fonctionnement, comment les choisir ?<br>Sommaire de l&rsquo;article<br>Ouvrir la table des mati\u00e8res<br>webinaire-culture-rh<br>Dans le monde en constante \u00e9volution de la formation professionnelle et de sa r\u00e9glementation, il est essentiel de rester \u00e0 la pointe des connaissances et des pratiques. Cependant, avec le flux continuel d\u2019informations, il peut \u00eatre difficile de filtrer les donn\u00e9es pertinentes. L\u2019utilisation d\u2019outils de veille devient donc int\u00e9ressante pour rester inform\u00e9 et comp\u00e9titif dans ce domaine dynamique.<br>Qu\u2019est-ce qu\u2019un outil de veille&nbsp;?<br>Un outil de veille est un logiciel ou une plateforme technologique con\u00e7u pour collecter, analyser et surveiller des informations pertinentes provenant de diverses sources, telles que les m\u00e9dias sociaux et sites Web. L\u2019objectif principal de ces outils est de fournir en continu des informations actualis\u00e9es et pertinentes sur un sujet sp\u00e9cifique, une entreprise, un march\u00e9 ou tout autre domaine d\u2019int\u00e9r\u00eat.<br>Pour les professionnels, ils permettent de surveiller et de suivre les \u00e9volutions dans un domaine sp\u00e9cifique ainsi que les r\u00e9glementations et l\u00e9gislations qui y sont li\u00e9es. Leur utilisation permet ainsi de r\u00e9aliser une veille concurrentielle, mais aussi une veille l\u00e9gale et r\u00e9glementaire.<br>Cette veille l\u00e9gale et r\u00e9glementaire est indispensable pour les acteurs de la formation professionnelle en raison de ses constantes \u00e9volutions. Elle constitue notamment un des crit\u00e8res qualit\u00e9 du r\u00e9f\u00e9rentiel de la certification Qualiopi, sp\u00e9cifique aux prestataires des actions de d\u00e9veloppement des comp\u00e9tences.<br>Comment fonctionnent ces outils ?<br>Ces outils de veille peuvent inclure diverses fonctionnalit\u00e9s, telles que la collecte automatique d\u2019informations \u00e0 partir de sources multiples que sont les sites web, les bases de donn\u00e9es, les forums, les brevets, les publications acad\u00e9miques, \u2026 Cela permet d\u2019actualiser et de filtrer les informations pertinentes selon notre int\u00e9r\u00eat.<br>Les informations surveill\u00e9es peuvent inclure des mises \u00e0 jour sur les tendances du march\u00e9, les innovations technologiques, les pratiques commerciales concurrentielles, les \u00e9volutions des r\u00e9glementations gouvernementales.<br>Ils peuvent \u00e9galement fournir des analyses, des rapports personnalis\u00e9s, des alertes en temps r\u00e9el et des fonctionnalit\u00e9s de gestion de l\u2019information pour aider les utilisateurs \u00e0 prendre des d\u00e9cisions \u00e9clair\u00e9es et rester conformes aux r\u00e9glementations en vigueur.<br>En utilisant ces outils, les entreprises peuvent ainsi anticiper les changements, \u00e9valuer les risques et identifier les opportunit\u00e9s, ce qui peut les aider \u00e0 rester comp\u00e9titives et \u00e0 \u00e9viter les probl\u00e8mes de non-conformit\u00e9.<br>Pourquoi les utiliser dans le domaine de la formation&nbsp;?<br>Le domaine de la formation professionnelle est intrins\u00e8quement li\u00e9 au march\u00e9 du travail et \u00e0 l\u2019\u00e9volution des comp\u00e9tences. Il doit r\u00e9pondre aux besoins de formation des individus et s\u2019adapter en cons\u00e9quence, y compris en termes d\u2019\u00e9volutions technologiques et des m\u00e9thodes d\u2019apprentissage.<br>Par ailleurs, c\u2019est un secteur en plein essor&nbsp;: il se cr\u00e9e de l\u2019ordre de 10&nbsp;000 organismes de formation chaque ann\u00e9e. Il s\u2019agit donc d\u2019un domaine dynamique pour lequel la r\u00e9glementation doit, elle aussi, \u00e9voluer et s\u2019adapter constamment.<br>Si l\u2019on associe \u00e0 cela le nombre important et croissant de sources d\u2019informations disponibles, rester inform\u00e9 sur les actualit\u00e9s du secteur peut se r\u00e9v\u00e9ler \u00eatre un v\u00e9ritable d\u00e9fi. C\u2019est pourquoi les outils de veille ont leur importance, que ce soit pour rester proactif et comp\u00e9titif faces aux tendances, innovations, et changements dans le secteur de la formation, ou pour maintenir sa conformit\u00e9 r\u00e9glementaire.<br>A lire \u00e9galement :<\/p>\n","protected":false},"excerpt":{"rendered":"<p>Outils de veille en formation professionnelle : d\u00e9finition, fonctionnement, comment les choisir ?Sommaire de l&rsquo;articleOuvrir la table des mati\u00e8reswebinaire-culture-rhDans le monde en constante \u00e9volution de la formation professionnelle et de sa r\u00e9glementation, il est essentiel de rester \u00e0 la pointe des connaissances et des pratiques. Cependant, avec le flux continuel d\u2019informations, il peut \u00eatre difficile [&hellip;]<\/p>\n","protected":false},"author":743,"featured_media":0,"comment_status":"open","ping_status":"open","sticky":false,"template":"","format":"standard","meta":{"footnotes":""},"categories":[1],"tags":[],"class_list":["post-57","post","type-post","status-publish","format-standard","hentry","category-non-classe"],"_links":{"self":[{"href":"https:\/\/blog.fondation-ove.fr\/fpa\/wp-json\/wp\/v2\/posts\/57","targetHints":{"allow":["GET"]}}],"collection":[{"href":"https:\/\/blog.fondation-ove.fr\/fpa\/wp-json\/wp\/v2\/posts"}],"about":[{"href":"https:\/\/blog.fondation-ove.fr\/fpa\/wp-json\/wp\/v2\/types\/post"}],"author":[{"embeddable":true,"href":"https:\/\/blog.fondation-ove.fr\/fpa\/wp-json\/wp\/v2\/users\/743"}],"replies":[{"embeddable":true,"href":"https:\/\/blog.fondation-ove.fr\/fpa\/wp-json\/wp\/v2\/comments?post=57"}],"version-history":[{"count":1,"href":"https:\/\/blog.fondation-ove.fr\/fpa\/wp-json\/wp\/v2\/posts\/57\/revisions"}],"predecessor-version":[{"id":77,"href":"https:\/\/blog.fondation-ove.fr\/fpa\/wp-json\/wp\/v2\/posts\/57\/revisions\/77"}],"wp:attachment":[{"href":"https:\/\/blog.fondation-ove.fr\/fpa\/wp-json\/wp\/v2\/media?parent=57"}],"wp:term":[{"taxonomy":"category","embeddable":true,"href":"https:\/\/blog.fondation-ove.fr\/fpa\/wp-json\/wp\/v2\/categories?post=57"},{"taxonomy":"post_tag","embeddable":true,"href":"https:\/\/blog.fondation-ove.fr\/fpa\/wp-json\/wp\/v2\/tags?post=57"}],"curies":[{"name":"wp","href":"https:\/\/api.w.org\/{rel}","templated":true}]}}