{"id":95,"date":"2021-07-13T09:26:35","date_gmt":"2021-07-13T07:26:35","guid":{"rendered":"https:\/\/blog.fondation-ove.fr\/curieuxrencarts\/?p=95"},"modified":"2021-07-13T15:36:53","modified_gmt":"2021-07-13T13:36:53","slug":"en-coulisses","status":"publish","type":"post","link":"https:\/\/blog.fondation-ove.fr\/curieuxrencarts\/2021\/07\/13\/en-coulisses\/","title":{"rendered":"En coulisses"},"content":{"rendered":"\n<p class=\"has-medium-font-size\">Mais au fait&#8230; Comment sont n\u00e9s ces Curieux renc&rsquo;Arts ? <\/p>\n\n\n\n<p class=\"has-medium-font-size\">Ces rendez-vous sont le fruit d&rsquo;une <strong>collaboration entre \u00e9tablissements m\u00e9dico-sociaux <\/strong>de la Fondation OVE r\u00e9unis autour d&rsquo;envies artistiques partag\u00e9es, ils sont accompagn\u00e9s depuis 2020 par <strong>ARTCHIPE<\/strong>L, p\u00f4le-ressources Culture de la Fondation, et <strong>Tadaa<\/strong>, coop\u00e9rative sp\u00e9cialis\u00e9e dans l&rsquo;accompagnement de d\u00e9marches collaboratives et l&rsquo;information didactique (partenaire de la Fondation depuis plusieurs ann\u00e9es). <\/p>\n\n\n\n<figure class=\"wp-block-gallery columns-3 wp-block-gallery-1 is-layout-flex wp-block-gallery-is-layout-flex\"><ul class=\"blocks-gallery-grid\"><li class=\"blocks-gallery-item\"><figure><img loading=\"lazy\" decoding=\"async\" width=\"300\" height=\"276\" src=\"http:\/\/blog.fondation-ove.fr\/curieuxrencarts\/wp-content\/uploads\/sites\/77\/2021\/06\/Logo_fondation-ove.jpg\" alt=\"\" data-id=\"48\" data-full-url=\"http:\/\/blog.fondation-ove.fr\/curieuxrencarts\/wp-content\/uploads\/sites\/77\/2021\/06\/Logo_fondation-ove.jpg\" data-link=\"https:\/\/blog.fondation-ove.fr\/curieuxrencarts\/?attachment_id=48\" class=\"wp-image-48\" \/><\/figure><\/li><li class=\"blocks-gallery-item\"><figure><img loading=\"lazy\" decoding=\"async\" width=\"796\" height=\"675\" src=\"http:\/\/blog.fondation-ove.fr\/curieuxrencarts\/wp-content\/uploads\/sites\/77\/2021\/07\/ae.png\" alt=\"\" data-id=\"121\" data-full-url=\"http:\/\/blog.fondation-ove.fr\/curieuxrencarts\/wp-content\/uploads\/sites\/77\/2021\/07\/ae.png\" data-link=\"https:\/\/blog.fondation-ove.fr\/curieuxrencarts\/ae\/\" class=\"wp-image-121\" srcset=\"https:\/\/blog.fondation-ove.fr\/curieuxrencarts\/wp-content\/uploads\/sites\/77\/2021\/07\/ae.png 796w, https:\/\/blog.fondation-ove.fr\/curieuxrencarts\/wp-content\/uploads\/sites\/77\/2021\/07\/ae-300x254.png 300w, https:\/\/blog.fondation-ove.fr\/curieuxrencarts\/wp-content\/uploads\/sites\/77\/2021\/07\/ae-768x651.png 768w\" sizes=\"auto, (max-width: 796px) 100vw, 796px\" \/><\/figure><\/li><li class=\"blocks-gallery-item\"><figure><img loading=\"lazy\" decoding=\"async\" width=\"200\" height=\"200\" src=\"http:\/\/blog.fondation-ove.fr\/curieuxrencarts\/wp-content\/uploads\/sites\/77\/2021\/07\/tadaa.png\" alt=\"\" data-id=\"118\" data-full-url=\"http:\/\/blog.fondation-ove.fr\/curieuxrencarts\/wp-content\/uploads\/sites\/77\/2021\/07\/tadaa.png\" data-link=\"https:\/\/blog.fondation-ove.fr\/curieuxrencarts\/tadaa\/\" class=\"wp-image-118\" srcset=\"https:\/\/blog.fondation-ove.fr\/curieuxrencarts\/wp-content\/uploads\/sites\/77\/2021\/07\/tadaa.png 200w, https:\/\/blog.fondation-ove.fr\/curieuxrencarts\/wp-content\/uploads\/sites\/77\/2021\/07\/tadaa-150x150.png 150w\" sizes=\"auto, (max-width: 200px) 100vw, 200px\" \/><\/figure><\/li><\/ul><\/figure>\n\n\n\n<p><\/p>\n\n\n\n<p class=\"has-medium-font-size\">Suite \u00e0 un <strong>appel \u00e0 manifestation d&rsquo;int\u00e9ret <\/strong>(AMI) lanc\u00e9 en 2020, une quinzaine de r\u00e9f\u00e9rents culture de la Fondation ont r\u00e9pondu pr\u00e9sent et se sont embarqu\u00e9s dans l&rsquo;\u00e9laboration de cet \u00e9v\u00e8nement convivial.<\/p>\n\n\n\n<p class=\"has-medium-font-size\">Pour les appuyer dans cette d\u00e9marche, des <strong>permanences <\/strong>ont \u00e9t\u00e9 propos\u00e9es par ARTCHIPEL tous les mardis d&rsquo;avril et mai 2021 entre midi et deux.<\/p>\n\n\n\n<div class=\"wp-block-image\"><figure class=\"aligncenter size-large\"><img loading=\"lazy\" decoding=\"async\" width=\"285\" height=\"177\" src=\"https:\/\/blog.fondation-ove.fr\/curieuxrencarts\/wp-content\/uploads\/sites\/77\/2021\/07\/atelier.png\" alt=\"\" class=\"wp-image-123\" \/><\/figure><\/div>\n\n\n\n<p class=\"has-medium-font-size\">Essaim\u00e9s sur les diff\u00e9rents territoires, en Ile de France, dans la Loire, dans le Rh\u00f4ne ou en Is\u00e8re, ces <strong>rendez-vous crois\u00e9s<\/strong> permettent aux r\u00e9f\u00e9rents de poursuivre leur engagement en mati\u00e8re culturelle tout en nouant des <strong>liens avec des \u00e9tablissements voisins<\/strong>, complices de ces d\u00e9couvertes.<\/p>\n\n\n\n<p class=\"has-medium-font-size\">Un travail progressif, collaboratif, partant des envies de chacun : de quoi motiver \u00e0 impulser des projets crois\u00e9s plus souvent !<\/p>\n","protected":false},"excerpt":{"rendered":"<p>Mais au fait&#8230; Comment sont n\u00e9s ces Curieux renc&rsquo;Arts ? Ces rendez-vous sont le fruit d&rsquo;une collaboration entre \u00e9tablissements m\u00e9dico-sociaux de la Fondation OVE r\u00e9unis autour d&rsquo;envies artistiques partag\u00e9es, ils sont accompagn\u00e9s depuis 2020 par ARTCHIPEL, p\u00f4le-ressources Culture de la Fondation, et Tadaa, coop\u00e9rative sp\u00e9cialis\u00e9e dans l&rsquo;accompagnement de d\u00e9marches collaboratives&hellip; <\/p>\n","protected":false},"author":492,"featured_media":96,"comment_status":"closed","ping_status":"closed","sticky":true,"template":"","format":"standard","meta":{"ngg_post_thumbnail":0,"footnotes":""},"categories":[1],"tags":[],"class_list":["post-95","post","type-post","status-publish","format-standard","has-post-thumbnail","hentry","category-non-classe"],"_links":{"self":[{"href":"https:\/\/blog.fondation-ove.fr\/curieuxrencarts\/wp-json\/wp\/v2\/posts\/95","targetHints":{"allow":["GET"]}}],"collection":[{"href":"https:\/\/blog.fondation-ove.fr\/curieuxrencarts\/wp-json\/wp\/v2\/posts"}],"about":[{"href":"https:\/\/blog.fondation-ove.fr\/curieuxrencarts\/wp-json\/wp\/v2\/types\/post"}],"author":[{"embeddable":true,"href":"https:\/\/blog.fondation-ove.fr\/curieuxrencarts\/wp-json\/wp\/v2\/users\/492"}],"replies":[{"embeddable":true,"href":"https:\/\/blog.fondation-ove.fr\/curieuxrencarts\/wp-json\/wp\/v2\/comments?post=95"}],"version-history":[{"count":7,"href":"https:\/\/blog.fondation-ove.fr\/curieuxrencarts\/wp-json\/wp\/v2\/posts\/95\/revisions"}],"predecessor-version":[{"id":131,"href":"https:\/\/blog.fondation-ove.fr\/curieuxrencarts\/wp-json\/wp\/v2\/posts\/95\/revisions\/131"}],"wp:featuredmedia":[{"embeddable":true,"href":"https:\/\/blog.fondation-ove.fr\/curieuxrencarts\/wp-json\/wp\/v2\/media\/96"}],"wp:attachment":[{"href":"https:\/\/blog.fondation-ove.fr\/curieuxrencarts\/wp-json\/wp\/v2\/media?parent=95"}],"wp:term":[{"taxonomy":"category","embeddable":true,"href":"https:\/\/blog.fondation-ove.fr\/curieuxrencarts\/wp-json\/wp\/v2\/categories?post=95"},{"taxonomy":"post_tag","embeddable":true,"href":"https:\/\/blog.fondation-ove.fr\/curieuxrencarts\/wp-json\/wp\/v2\/tags?post=95"}],"curies":[{"name":"wp","href":"https:\/\/api.w.org\/{rel}","templated":true}]}}