{"id":529,"date":"2021-10-27T15:29:39","date_gmt":"2021-10-27T13:29:39","guid":{"rendered":"https:\/\/blog.fondation-ove.fr\/curieuxrencarts\/?p=529"},"modified":"2021-10-27T15:29:40","modified_gmt":"2021-10-27T13:29:40","slug":"bienvenue-2","status":"publish","type":"post","link":"https:\/\/blog.fondation-ove.fr\/curieuxrencarts\/2021\/10\/27\/bienvenue-2\/","title":{"rendered":"Bienvenue"},"content":{"rendered":"\n<p class=\"has-medium-font-size\">Du 1er au 30 septembre, des \u00e9tablissements de la Fondation se donnent rendez-vous autour de propositions artistiques \u00e0 partager. <\/p>\n\n\n\n<p class=\"has-medium-font-size\">Ces rencontres imagin\u00e9es avec le r\u00e9seau des r\u00e9f\u00e9rents Culture, et des artistes et lieux culturels complices de nos structures, sont autant d\u2019occasions pour relancer les \u00e9changes et les envies en cette rentr\u00e9e culturelle. <\/p>\n\n\n\n<p class=\"has-medium-font-size\">Chaque renc\u2019art s\u2019envisage comme une invitation audacieuse \u00e0 la d\u00e9couverte : se balader dans un lieu insolite, d\u00e9couvrir un outil ou une pratique, \u00e9changer avec des inconnus, approcher des tr\u00e9sors cach\u00e9s dans nos murs\u2026 avec un fil rouge radiophonique.<\/p>\n\n\n\n<p class=\"has-medium-font-size\"> Ces moments capt\u00e9s notamment par nos apprentis reporters seront rassembl\u00e9s sur les ondes de notre radio \u00e9ph\u00e9m\u00e8re \u00e0 d\u00e9couvrir d\u00e9but octobre !<\/p>\n","protected":false},"excerpt":{"rendered":"<p>Du 1er au 30 septembre, des \u00e9tablissements de la Fondation se donnent rendez-vous autour de propositions artistiques \u00e0 partager. Ces rencontres imagin\u00e9es avec le r\u00e9seau des r\u00e9f\u00e9rents Culture, et des artistes et lieux culturels complices de nos structures, sont autant d\u2019occasions pour relancer les \u00e9changes et les envies en cette&hellip; <\/p>\n","protected":false},"author":492,"featured_media":0,"comment_status":"closed","ping_status":"closed","sticky":true,"template":"","format":"standard","meta":{"ngg_post_thumbnail":0,"footnotes":""},"categories":[1],"tags":[],"class_list":["post-529","post","type-post","status-publish","format-standard","hentry","category-non-classe"],"_links":{"self":[{"href":"https:\/\/blog.fondation-ove.fr\/curieuxrencarts\/wp-json\/wp\/v2\/posts\/529","targetHints":{"allow":["GET"]}}],"collection":[{"href":"https:\/\/blog.fondation-ove.fr\/curieuxrencarts\/wp-json\/wp\/v2\/posts"}],"about":[{"href":"https:\/\/blog.fondation-ove.fr\/curieuxrencarts\/wp-json\/wp\/v2\/types\/post"}],"author":[{"embeddable":true,"href":"https:\/\/blog.fondation-ove.fr\/curieuxrencarts\/wp-json\/wp\/v2\/users\/492"}],"replies":[{"embeddable":true,"href":"https:\/\/blog.fondation-ove.fr\/curieuxrencarts\/wp-json\/wp\/v2\/comments?post=529"}],"version-history":[{"count":1,"href":"https:\/\/blog.fondation-ove.fr\/curieuxrencarts\/wp-json\/wp\/v2\/posts\/529\/revisions"}],"predecessor-version":[{"id":530,"href":"https:\/\/blog.fondation-ove.fr\/curieuxrencarts\/wp-json\/wp\/v2\/posts\/529\/revisions\/530"}],"wp:attachment":[{"href":"https:\/\/blog.fondation-ove.fr\/curieuxrencarts\/wp-json\/wp\/v2\/media?parent=529"}],"wp:term":[{"taxonomy":"category","embeddable":true,"href":"https:\/\/blog.fondation-ove.fr\/curieuxrencarts\/wp-json\/wp\/v2\/categories?post=529"},{"taxonomy":"post_tag","embeddable":true,"href":"https:\/\/blog.fondation-ove.fr\/curieuxrencarts\/wp-json\/wp\/v2\/tags?post=529"}],"curies":[{"name":"wp","href":"https:\/\/api.w.org\/{rel}","templated":true}]}}