{"id":471,"date":"2021-10-27T11:30:16","date_gmt":"2021-10-27T09:30:16","guid":{"rendered":"https:\/\/blog.fondation-ove.fr\/curieuxrencarts\/?p=471"},"modified":"2021-11-12T11:11:24","modified_gmt":"2021-11-12T10:11:24","slug":"direct-radio","status":"publish","type":"post","link":"https:\/\/blog.fondation-ove.fr\/curieuxrencarts\/2021\/10\/27\/direct-radio\/","title":{"rendered":"Direct Radio"},"content":{"rendered":"\n<p>Pour clore ce mois de d\u00e9couvertes ayant mobilis\u00e9 une centaine de personnes, accompagn\u00e9es par la Fondation, professionnels oeuvrant \u00e0 leurs c\u00f4t\u00e9s et \u00e9quipes artistiques partenaires, rendez-vous \u00e9tait donn\u00e9 le <strong>vendredi 1<sup>er<\/sup> octobre \u00e0 11h <\/strong>pour un direct Radio accessible pour tous sur le web. Au programme&nbsp;: reportages, prises de paroles et autres billets sonores pour s\u2019immerger au c\u0153ur de nos renc&rsquo;Arts. <\/p>\n\n\n\n<p>L\u2019id\u00e9e du direct?<strong> Se rassembler et partager<\/strong>, m\u00eame \u00e0 distance, autour d&rsquo;un dernier temps fort. <strong>La Radio<\/strong> offre en effet une diversit\u00e9 de formats possibles pour restituer les propositions culturelles v\u00e9cues tout au long du mois de septembre. <\/p>\n\n\n\n<p>Les personnes que nous accompagnons ont \u00e9t\u00e9 mises aussi \u00e0 contribution : en qualit\u00e9 de preneurs de son, d&rsquo;intervieweurs ou d&rsquo;interview\u00e9s, ils nous ont aid\u00e9s \u00e0 concocter une \u00e9mission \u00e9pique !<\/p>\n\n\n\n<p><\/p>\n\n\n\n<p><strong><em>Comment s\u2019est d\u00e9roul\u00e9e cette matin\u00e9e du 1er octobre ?<\/em><\/strong><\/p>\n\n\n\n<p>Les documentaristes Marc-Antoine Granier et Mathilde Billaud sont arriv\u00e9s t\u00f4t ce matin-l\u00e0, \u00e0 la Direction G\u00e9n\u00e9rale \u00e0 Vaulx-en-Velin. L\u2019\u00e9quipe d\u2019ARTCHIPEL, le p\u00f4le-ressources culture de la Fondation OVE, \u00e9tions \u00e0 leurs c\u00f4t\u00e9s pour donner un coup de main aux derniers pr\u00e9paratifs. Et la radio a beau \u00eatre un m\u00e9dia l\u00e9ger et modulabe, ce n\u2019est pas si facile \u00e0 pr\u00e9parer ! Deux heures ont \u00e9t\u00e9 n\u00e9cessaires pour installer les \u00e9quipements, tester les prises de son et liaisons avec les diff\u00e9rents intervenants pr\u00e9vus, installer les supports de communication dans le b\u00e2timent pour inviter les \u00e9quipes \u00e0 \u00e9couter un bout d\u2019\u00e9mission en matin\u00e9e, et revoir ensemble le fil conducteur.<\/p>\n\n\n\n<figure class=\"wp-block-gallery columns-2 is-cropped wp-block-gallery-1 is-layout-flex wp-block-gallery-is-layout-flex\"><ul class=\"blocks-gallery-grid\"><li class=\"blocks-gallery-item\"><figure><img loading=\"lazy\" decoding=\"async\" width=\"768\" height=\"1024\" src=\"https:\/\/blog.fondation-ove.fr\/curieuxrencarts\/wp-content\/uploads\/sites\/77\/2021\/10\/IMG_20211001_102452-768x1024.jpg\" alt=\"\" data-id=\"472\" data-full-url=\"https:\/\/blog.fondation-ove.fr\/curieuxrencarts\/wp-content\/uploads\/sites\/77\/2021\/10\/IMG_20211001_102452-scaled.jpg\" data-link=\"https:\/\/blog.fondation-ove.fr\/curieuxrencarts\/?attachment_id=472\" class=\"wp-image-472\" srcset=\"https:\/\/blog.fondation-ove.fr\/curieuxrencarts\/wp-content\/uploads\/sites\/77\/2021\/10\/IMG_20211001_102452-768x1024.jpg 768w, https:\/\/blog.fondation-ove.fr\/curieuxrencarts\/wp-content\/uploads\/sites\/77\/2021\/10\/IMG_20211001_102452-225x300.jpg 225w, https:\/\/blog.fondation-ove.fr\/curieuxrencarts\/wp-content\/uploads\/sites\/77\/2021\/10\/IMG_20211001_102452-1152x1536.jpg 1152w, https:\/\/blog.fondation-ove.fr\/curieuxrencarts\/wp-content\/uploads\/sites\/77\/2021\/10\/IMG_20211001_102452-1536x2048.jpg 1536w, https:\/\/blog.fondation-ove.fr\/curieuxrencarts\/wp-content\/uploads\/sites\/77\/2021\/10\/IMG_20211001_102452-scaled.jpg 1920w\" sizes=\"auto, (max-width: 768px) 100vw, 768px\" \/><\/figure><\/li><li class=\"blocks-gallery-item\"><figure><img loading=\"lazy\" decoding=\"async\" width=\"768\" height=\"1024\" src=\"https:\/\/blog.fondation-ove.fr\/curieuxrencarts\/wp-content\/uploads\/sites\/77\/2021\/10\/IMG_20211001_102543-768x1024.jpg\" alt=\"\" data-id=\"473\" data-full-url=\"https:\/\/blog.fondation-ove.fr\/curieuxrencarts\/wp-content\/uploads\/sites\/77\/2021\/10\/IMG_20211001_102543-scaled.jpg\" data-link=\"https:\/\/blog.fondation-ove.fr\/curieuxrencarts\/?attachment_id=473\" class=\"wp-image-473\" srcset=\"https:\/\/blog.fondation-ove.fr\/curieuxrencarts\/wp-content\/uploads\/sites\/77\/2021\/10\/IMG_20211001_102543-768x1024.jpg 768w, https:\/\/blog.fondation-ove.fr\/curieuxrencarts\/wp-content\/uploads\/sites\/77\/2021\/10\/IMG_20211001_102543-225x300.jpg 225w, https:\/\/blog.fondation-ove.fr\/curieuxrencarts\/wp-content\/uploads\/sites\/77\/2021\/10\/IMG_20211001_102543-1152x1536.jpg 1152w, https:\/\/blog.fondation-ove.fr\/curieuxrencarts\/wp-content\/uploads\/sites\/77\/2021\/10\/IMG_20211001_102543-1536x2048.jpg 1536w, https:\/\/blog.fondation-ove.fr\/curieuxrencarts\/wp-content\/uploads\/sites\/77\/2021\/10\/IMG_20211001_102543-scaled.jpg 1920w\" sizes=\"auto, (max-width: 768px) 100vw, 768px\" \/><\/figure><\/li><\/ul><\/figure>\n\n\n\n<p>L\u2019\u00e9mission, retransmise en ligne sur la WebRadio des Curieux renc\u2019Arts (accessible depuis le blog), a \u00e9t\u00e9 diffus\u00e9e de 11h \u00e0 12h30. Avec quelques frissons (al\u00e9as du direct oblige !), mais aussi beaucoup de rires et d&rsquo;\u00e9motions.<\/p>\n\n\n\n<figure class=\"wp-block-gallery columns-3 is-cropped wp-block-gallery-2 is-layout-flex wp-block-gallery-is-layout-flex\"><ul class=\"blocks-gallery-grid\"><li class=\"blocks-gallery-item\"><figure><img loading=\"lazy\" decoding=\"async\" width=\"1024\" height=\"768\" src=\"http:\/\/blog.fondation-ove.fr\/curieuxrencarts\/wp-content\/uploads\/sites\/77\/2021\/10\/20211001-OVE-DirectRadio-CurieuxRencArts-00009-1024x768.jpg\" alt=\"\" data-id=\"497\" data-full-url=\"http:\/\/blog.fondation-ove.fr\/curieuxrencarts\/wp-content\/uploads\/sites\/77\/2021\/10\/20211001-OVE-DirectRadio-CurieuxRencArts-00009.jpg\" data-link=\"https:\/\/blog.fondation-ove.fr\/curieuxrencarts\/20211001-ove-directradio-curieuxrencarts-00009\/\" class=\"wp-image-497\" srcset=\"https:\/\/blog.fondation-ove.fr\/curieuxrencarts\/wp-content\/uploads\/sites\/77\/2021\/10\/20211001-OVE-DirectRadio-CurieuxRencArts-00009-1024x768.jpg 1024w, https:\/\/blog.fondation-ove.fr\/curieuxrencarts\/wp-content\/uploads\/sites\/77\/2021\/10\/20211001-OVE-DirectRadio-CurieuxRencArts-00009-300x225.jpg 300w, https:\/\/blog.fondation-ove.fr\/curieuxrencarts\/wp-content\/uploads\/sites\/77\/2021\/10\/20211001-OVE-DirectRadio-CurieuxRencArts-00009-768x576.jpg 768w, https:\/\/blog.fondation-ove.fr\/curieuxrencarts\/wp-content\/uploads\/sites\/77\/2021\/10\/20211001-OVE-DirectRadio-CurieuxRencArts-00009-1536x1151.jpg 1536w, https:\/\/blog.fondation-ove.fr\/curieuxrencarts\/wp-content\/uploads\/sites\/77\/2021\/10\/20211001-OVE-DirectRadio-CurieuxRencArts-00009-2048x1535.jpg 2048w\" sizes=\"auto, (max-width: 1024px) 100vw, 1024px\" \/><\/figure><\/li><li class=\"blocks-gallery-item\"><figure><img loading=\"lazy\" decoding=\"async\" width=\"1024\" height=\"768\" src=\"http:\/\/blog.fondation-ove.fr\/curieuxrencarts\/wp-content\/uploads\/sites\/77\/2021\/10\/20211001-OVE-DirectRadio-CurieuxRencArts-00001-1024x768.jpg\" alt=\"\" data-id=\"493\" data-full-url=\"http:\/\/blog.fondation-ove.fr\/curieuxrencarts\/wp-content\/uploads\/sites\/77\/2021\/10\/20211001-OVE-DirectRadio-CurieuxRencArts-00001.jpg\" data-link=\"https:\/\/blog.fondation-ove.fr\/curieuxrencarts\/20211001-ove-directradio-curieuxrencarts-00001\/\" class=\"wp-image-493\" srcset=\"https:\/\/blog.fondation-ove.fr\/curieuxrencarts\/wp-content\/uploads\/sites\/77\/2021\/10\/20211001-OVE-DirectRadio-CurieuxRencArts-00001-1024x768.jpg 1024w, https:\/\/blog.fondation-ove.fr\/curieuxrencarts\/wp-content\/uploads\/sites\/77\/2021\/10\/20211001-OVE-DirectRadio-CurieuxRencArts-00001-300x225.jpg 300w, https:\/\/blog.fondation-ove.fr\/curieuxrencarts\/wp-content\/uploads\/sites\/77\/2021\/10\/20211001-OVE-DirectRadio-CurieuxRencArts-00001-768x576.jpg 768w, https:\/\/blog.fondation-ove.fr\/curieuxrencarts\/wp-content\/uploads\/sites\/77\/2021\/10\/20211001-OVE-DirectRadio-CurieuxRencArts-00001-1536x1152.jpg 1536w, https:\/\/blog.fondation-ove.fr\/curieuxrencarts\/wp-content\/uploads\/sites\/77\/2021\/10\/20211001-OVE-DirectRadio-CurieuxRencArts-00001-2048x1536.jpg 2048w\" sizes=\"auto, (max-width: 1024px) 100vw, 1024px\" \/><\/figure><\/li><li class=\"blocks-gallery-item\"><figure><img loading=\"lazy\" decoding=\"async\" width=\"1024\" height=\"768\" src=\"http:\/\/blog.fondation-ove.fr\/curieuxrencarts\/wp-content\/uploads\/sites\/77\/2021\/10\/20211001-OVE-DirectRadio-CurieuxRencArts-00011-1024x768.jpg\" alt=\"\" data-id=\"499\" data-full-url=\"http:\/\/blog.fondation-ove.fr\/curieuxrencarts\/wp-content\/uploads\/sites\/77\/2021\/10\/20211001-OVE-DirectRadio-CurieuxRencArts-00011.jpg\" data-link=\"https:\/\/blog.fondation-ove.fr\/curieuxrencarts\/20211001-ove-directradio-curieuxrencarts-00011\/\" class=\"wp-image-499\" srcset=\"https:\/\/blog.fondation-ove.fr\/curieuxrencarts\/wp-content\/uploads\/sites\/77\/2021\/10\/20211001-OVE-DirectRadio-CurieuxRencArts-00011-1024x768.jpg 1024w, https:\/\/blog.fondation-ove.fr\/curieuxrencarts\/wp-content\/uploads\/sites\/77\/2021\/10\/20211001-OVE-DirectRadio-CurieuxRencArts-00011-300x225.jpg 300w, https:\/\/blog.fondation-ove.fr\/curieuxrencarts\/wp-content\/uploads\/sites\/77\/2021\/10\/20211001-OVE-DirectRadio-CurieuxRencArts-00011-768x576.jpg 768w, https:\/\/blog.fondation-ove.fr\/curieuxrencarts\/wp-content\/uploads\/sites\/77\/2021\/10\/20211001-OVE-DirectRadio-CurieuxRencArts-00011-1536x1152.jpg 1536w, https:\/\/blog.fondation-ove.fr\/curieuxrencarts\/wp-content\/uploads\/sites\/77\/2021\/10\/20211001-OVE-DirectRadio-CurieuxRencArts-00011-2048x1536.jpg 2048w\" sizes=\"auto, (max-width: 1024px) 100vw, 1024px\" \/><\/figure><\/li><\/ul><figcaption class=\"blocks-gallery-caption\">Photos <a href=\"https:\/\/bertrandparo.photo\/\" target=\"_blank\" rel=\"noreferrer noopener\">\u00a9Bertrand Paris-Romaskevich<\/a> \/ Tadaa. Licence libre <a rel=\"noreferrer noopener\" href=\"https:\/\/creativecommons.org\/licenses\/by-sa\/3.0\/deed.fr\" target=\"_blank\">CC BY-SA<\/a>. <\/figcaption><\/figure>\n\n\n\n<p>Entre les reportages et temps d\u2019\u00e9coute, plusieurs participants aux renc\u2019Arts sont en effet venus t\u00e9moigner sur les ondes de leur exp\u00e9rience&nbsp;: Cheikhou, stagiaire du centre Forja, revenu sur son r\u00f4le de reporter pour un dr\u00f4le de renc&rsquo;Art, la d\u00e9couverte d&rsquo;une expo photo sans utiliser ses yeux peut-\u00eatre mais avec l&rsquo;oreille et le c\u0153ur grands ouverts ; Nuvan, r\u00e9sident au Centre de Vie PasserAile d\u2019Herblay, et Laetitia, \u00e9ducatrice et r\u00e9f\u00e9rente culture au Centre de Vie PasserAile de Magny, qui sont revenus sur deux mani\u00e8res de se rencontrer et de se rapprocher autour de la danse et de la photographie\u2026 Et le directeur du p\u00f4le-ressources pour clore ce temps fort et mettre en perspective ces t\u00e9moignages autour de la culture comme n\u00e9cessit\u00e9 pour chacun et chacune.<\/p>\n\n\n\n<figure class=\"wp-block-gallery columns-2 is-cropped wp-block-gallery-3 is-layout-flex wp-block-gallery-is-layout-flex\"><ul class=\"blocks-gallery-grid\"><li class=\"blocks-gallery-item\"><figure><img loading=\"lazy\" decoding=\"async\" width=\"1024\" height=\"768\" src=\"http:\/\/blog.fondation-ove.fr\/curieuxrencarts\/wp-content\/uploads\/sites\/77\/2021\/10\/20211001-OVE-DirectRadio-CurieuxRencArts-00008-1024x768.jpg\" alt=\"\" data-id=\"498\" data-full-url=\"http:\/\/blog.fondation-ove.fr\/curieuxrencarts\/wp-content\/uploads\/sites\/77\/2021\/10\/20211001-OVE-DirectRadio-CurieuxRencArts-00008.jpg\" data-link=\"https:\/\/blog.fondation-ove.fr\/curieuxrencarts\/20211001-ove-directradio-curieuxrencarts-00008\/\" class=\"wp-image-498\" srcset=\"https:\/\/blog.fondation-ove.fr\/curieuxrencarts\/wp-content\/uploads\/sites\/77\/2021\/10\/20211001-OVE-DirectRadio-CurieuxRencArts-00008-1024x768.jpg 1024w, https:\/\/blog.fondation-ove.fr\/curieuxrencarts\/wp-content\/uploads\/sites\/77\/2021\/10\/20211001-OVE-DirectRadio-CurieuxRencArts-00008-300x225.jpg 300w, https:\/\/blog.fondation-ove.fr\/curieuxrencarts\/wp-content\/uploads\/sites\/77\/2021\/10\/20211001-OVE-DirectRadio-CurieuxRencArts-00008-768x576.jpg 768w, https:\/\/blog.fondation-ove.fr\/curieuxrencarts\/wp-content\/uploads\/sites\/77\/2021\/10\/20211001-OVE-DirectRadio-CurieuxRencArts-00008-1536x1152.jpg 1536w, https:\/\/blog.fondation-ove.fr\/curieuxrencarts\/wp-content\/uploads\/sites\/77\/2021\/10\/20211001-OVE-DirectRadio-CurieuxRencArts-00008-2048x1536.jpg 2048w\" sizes=\"auto, (max-width: 1024px) 100vw, 1024px\" \/><\/figure><\/li><li class=\"blocks-gallery-item\"><figure><img loading=\"lazy\" decoding=\"async\" width=\"1024\" height=\"768\" src=\"http:\/\/blog.fondation-ove.fr\/curieuxrencarts\/wp-content\/uploads\/sites\/77\/2021\/10\/IMG_20211001_143125-1024x768.jpg\" alt=\"\" data-id=\"475\" data-full-url=\"http:\/\/blog.fondation-ove.fr\/curieuxrencarts\/wp-content\/uploads\/sites\/77\/2021\/10\/IMG_20211001_143125-scaled.jpg\" data-link=\"https:\/\/blog.fondation-ove.fr\/curieuxrencarts\/?attachment_id=475\" class=\"wp-image-475\" srcset=\"https:\/\/blog.fondation-ove.fr\/curieuxrencarts\/wp-content\/uploads\/sites\/77\/2021\/10\/IMG_20211001_143125-1024x768.jpg 1024w, https:\/\/blog.fondation-ove.fr\/curieuxrencarts\/wp-content\/uploads\/sites\/77\/2021\/10\/IMG_20211001_143125-300x225.jpg 300w, https:\/\/blog.fondation-ove.fr\/curieuxrencarts\/wp-content\/uploads\/sites\/77\/2021\/10\/IMG_20211001_143125-768x576.jpg 768w, https:\/\/blog.fondation-ove.fr\/curieuxrencarts\/wp-content\/uploads\/sites\/77\/2021\/10\/IMG_20211001_143125-1536x1152.jpg 1536w, https:\/\/blog.fondation-ove.fr\/curieuxrencarts\/wp-content\/uploads\/sites\/77\/2021\/10\/IMG_20211001_143125-2048x1536.jpg 2048w\" sizes=\"auto, (max-width: 1024px) 100vw, 1024px\" \/><\/figure><\/li><\/ul><\/figure>\n\n\n\n<p>En bilan&nbsp;: des intervenants ravis d\u2019avoir pu t\u00e9moigner de leur aventure, une \u00e9mission riche d&rsquo;une mati\u00e8re sonore vari\u00e9e et de qualit\u00e9, et un beau support de valorisation avec l\u2019enregistrement disponible sous forme de podcast.<\/p>\n\n\n\n<p class=\"has-text-align-center has-vivid-cyan-blue-color has-text-color has-huge-font-size\">Pour acc\u00e9der au <a rel=\"noreferrer noopener\" href=\"https:\/\/audioblog.arteradio.com\/blog\/168976\/podcast\/173340\/curieux-renc-arts-la-radio#\" target=\"_blank\">replay<\/a>, c&rsquo;est juste ici !<\/p>\n\n\n\n<div class=\"wp-block-image\"><figure class=\"aligncenter size-full is-resized\"><a href=\"https:\/\/audioblog.arteradio.com\/blog\/168976\/podcast\/173340\/curieux-renc-arts-la-radio#\" target=\"_blank\" rel=\"noopener\"><img loading=\"lazy\" decoding=\"async\" src=\"https:\/\/blog.fondation-ove.fr\/curieuxrencarts\/wp-content\/uploads\/sites\/77\/2021\/10\/audioblog-radio.png\" alt=\"\" class=\"wp-image-504\" width=\"425\" height=\"116\" srcset=\"https:\/\/blog.fondation-ove.fr\/curieuxrencarts\/wp-content\/uploads\/sites\/77\/2021\/10\/audioblog-radio.png 537w, https:\/\/blog.fondation-ove.fr\/curieuxrencarts\/wp-content\/uploads\/sites\/77\/2021\/10\/audioblog-radio-300x82.png 300w\" sizes=\"auto, (max-width: 425px) 100vw, 425px\" \/><\/a><\/figure><\/div>\n\n\n\n<p>Le replay de l&rsquo;\u00e9mission est \u00e9galement directement <a rel=\"noreferrer noopener\" href=\"http:\/\/blog.fondation-ove.fr\/curieuxrencarts\/wp-content\/uploads\/sites\/77\/2021\/11\/Direct_Curieux_MASTER-256.mp3\" data-type=\"URL\" data-id=\"http:\/\/blog.fondation-ove.fr\/curieuxrencarts\/wp-content\/uploads\/sites\/77\/2021\/11\/Direct_Curieux_MASTER-256.mp3\" target=\"_blank\">t\u00e9l\u00e9chargeable sur votre t\u00e9l\u00e9phone ou votre PC.<\/a> <\/p>\n\n\n\n<p>Et pour celles et ceux qui souhaiteraient d\u00e9couvrir le podcast par petites touches, elle est aussi <strong>t\u00e9l\u00e9chargeable<\/strong> <strong>en quatre parties pour \u00e9coute libre<\/strong>, par exemple depuis votre t\u00e9l\u00e9phone : <a rel=\"noreferrer noopener\" href=\"http:\/\/blog.fondation-ove.fr\/curieuxrencarts\/wp-content\/uploads\/sites\/77\/2021\/10\/Direct_Curieux_Part-1_microfolies.mp3\" target=\"_blank\">Partie 1<\/a>, <a rel=\"noreferrer noopener\" href=\"http:\/\/blog.fondation-ove.fr\/curieuxrencarts\/wp-content\/uploads\/sites\/77\/2021\/10\/Direct_Curieux_Part-2_CRD.mp3\" target=\"_blank\">Partie 2<\/a>, <a rel=\"noreferrer noopener\" href=\"http:\/\/blog.fondation-ove.fr\/curieuxrencarts\/wp-content\/uploads\/sites\/77\/2021\/10\/Direct_Curieux_Part-3_Au-travail_Jolies-rencontres.mp3\" target=\"_blank\">Partie 3<\/a>, <a rel=\"noreferrer noopener\" href=\"http:\/\/blog.fondation-ove.fr\/curieuxrencarts\/wp-content\/uploads\/sites\/77\/2021\/10\/Direct_Curieux_Part-4.mp3\" target=\"_blank\">Partie 4 <\/a>.<\/p>\n","protected":false},"excerpt":{"rendered":"<p>Pour clore ce mois de d\u00e9couvertes ayant mobilis\u00e9 une centaine de personnes, accompagn\u00e9es par la Fondation, professionnels oeuvrant \u00e0 leurs c\u00f4t\u00e9s et \u00e9quipes artistiques partenaires, rendez-vous \u00e9tait donn\u00e9 le vendredi 1er octobre \u00e0 11h pour un direct Radio accessible pour tous sur le web. Au programme&nbsp;: reportages, prises de paroles&hellip; <\/p>\n","protected":false},"author":492,"featured_media":35,"comment_status":"closed","ping_status":"closed","sticky":true,"template":"","format":"standard","meta":{"ngg_post_thumbnail":0,"footnotes":""},"categories":[1],"tags":[],"class_list":["post-471","post","type-post","status-publish","format-standard","has-post-thumbnail","hentry","category-non-classe"],"_links":{"self":[{"href":"https:\/\/blog.fondation-ove.fr\/curieuxrencarts\/wp-json\/wp\/v2\/posts\/471","targetHints":{"allow":["GET"]}}],"collection":[{"href":"https:\/\/blog.fondation-ove.fr\/curieuxrencarts\/wp-json\/wp\/v2\/posts"}],"about":[{"href":"https:\/\/blog.fondation-ove.fr\/curieuxrencarts\/wp-json\/wp\/v2\/types\/post"}],"author":[{"embeddable":true,"href":"https:\/\/blog.fondation-ove.fr\/curieuxrencarts\/wp-json\/wp\/v2\/users\/492"}],"replies":[{"embeddable":true,"href":"https:\/\/blog.fondation-ove.fr\/curieuxrencarts\/wp-json\/wp\/v2\/comments?post=471"}],"version-history":[{"count":22,"href":"https:\/\/blog.fondation-ove.fr\/curieuxrencarts\/wp-json\/wp\/v2\/posts\/471\/revisions"}],"predecessor-version":[{"id":555,"href":"https:\/\/blog.fondation-ove.fr\/curieuxrencarts\/wp-json\/wp\/v2\/posts\/471\/revisions\/555"}],"wp:featuredmedia":[{"embeddable":true,"href":"https:\/\/blog.fondation-ove.fr\/curieuxrencarts\/wp-json\/wp\/v2\/media\/35"}],"wp:attachment":[{"href":"https:\/\/blog.fondation-ove.fr\/curieuxrencarts\/wp-json\/wp\/v2\/media?parent=471"}],"wp:term":[{"taxonomy":"category","embeddable":true,"href":"https:\/\/blog.fondation-ove.fr\/curieuxrencarts\/wp-json\/wp\/v2\/categories?post=471"},{"taxonomy":"post_tag","embeddable":true,"href":"https:\/\/blog.fondation-ove.fr\/curieuxrencarts\/wp-json\/wp\/v2\/tags?post=471"}],"curies":[{"name":"wp","href":"https:\/\/api.w.org\/{rel}","templated":true}]}}