{"id":450,"date":"2021-10-12T14:43:08","date_gmt":"2021-10-12T12:43:08","guid":{"rendered":"https:\/\/blog.fondation-ove.fr\/curieuxrencarts\/?p=450"},"modified":"2021-10-27T14:02:12","modified_gmt":"2021-10-27T12:02:12","slug":"les-arts-passent-murailles-2","status":"publish","type":"post","link":"https:\/\/blog.fondation-ove.fr\/curieuxrencarts\/2021\/10\/12\/les-arts-passent-murailles-2\/","title":{"rendered":"Les arts passent murailles #2"},"content":{"rendered":"\n<p>Mardi 21 septembre apr\u00e8s-midi, le Centre Robert Doisneau (structure parisienne comprenant diff\u00e9rents \u00e9tablissements : un IME, un <a href=\"https:\/\/www.fondation-ove.fr\/etablissements\/ove-sessad-centre-robert-doisneau\/\" target=\"_blank\" rel=\"noreferrer noopener\">SESSAD<\/a>, un <a href=\"https:\/\/www.fondation-ove.fr\/etablissements\/ove-ehpad-centre-robert-doisneau\/\" target=\"_blank\" rel=\"noreferrer noopener\">EHPAD<\/a>, une <a href=\"https:\/\/www.fondation-ove.fr\/etablissements\/ove-mas-centre-robert-doisneau\/\" target=\"_blank\" rel=\"noreferrer noopener\">MAS<\/a>, un <a href=\"https:\/\/www.fondation-ove.fr\/etablissements\/ove-fam-centre-robert-doisneau\/\" target=\"_blank\" rel=\"noreferrer noopener\">FAM<\/a> et un <a href=\"https:\/\/www.fondation-ove.fr\/etablissements\/ove-cajm-centre-robert-doisneau\/\" target=\"_blank\" rel=\"noreferrer noopener\">CAJM<\/a>), accueillait nos camarades et complices du <a rel=\"noreferrer noopener\" href=\"https:\/\/www.fondation-ove.fr\/etablissements\/ove-fam-romain-jacob\/\" target=\"_blank\">Foyer d\u2019Accueil M\u00e9dicalis\u00e9 Romain Jacob<\/a>&nbsp;; que nous avions rencontr\u00e9 la semaine pr\u00e9c\u00e9dente dans leur \u00e9tablissement dans le cadre d\u2019un Curieux renc\u2019Art autour du Street-Art. Aujourd\u2019hui, ce sont donc eux qui nous rejoignent pour nous faire d\u00e9couvrir ce qui se cache en leurs murs. Au programme&nbsp;: la d\u00e9couverte des \u0153uvres du c\u00e9l\u00e8bre photographe Doisneau par le biais d\u2019une visite comment\u00e9e par les r\u00e9sidents du CRD et document\u00e9e par l\u2019<a href=\"https:\/\/www.robert-doisneau.com\/fr\/\">Atelier Doisneau<\/a>.<\/p>\n\n\n\n<p class=\"has-medium-font-size\"><strong><em>Robert Doisneau\u2026 c\u2019est qui&nbsp;?<\/em><\/strong><\/p>\n\n\n\n<div class=\"wp-block-image\"><figure class=\"alignright size-full is-resized\"><img loading=\"lazy\" decoding=\"async\" src=\"https:\/\/blog.fondation-ove.fr\/curieuxrencarts\/wp-content\/uploads\/sites\/77\/2021\/10\/photo-robert-doisneau-patineur-solitaire-1969.jpg\" alt=\"\" class=\"wp-image-451\" width=\"202\" height=\"283\" srcset=\"https:\/\/blog.fondation-ove.fr\/curieuxrencarts\/wp-content\/uploads\/sites\/77\/2021\/10\/photo-robert-doisneau-patineur-solitaire-1969.jpg 450w, https:\/\/blog.fondation-ove.fr\/curieuxrencarts\/wp-content\/uploads\/sites\/77\/2021\/10\/photo-robert-doisneau-patineur-solitaire-1969-214x300.jpg 214w\" sizes=\"auto, (max-width: 202px) 100vw, 202px\" \/><figcaption>Robert Doisneau, patineur solitaire<\/figcaption><\/figure><\/div>\n\n\n\n<p class=\"has-normal-font-size\">N\u00e9 en 1912, il s\u2019agit d\u2019un des maitres de la photographie humaniste. Son \u0153uvre la plus connue est \u00ab&nbsp;le baiser de l\u2019h\u00f4tel de ville&nbsp;\u00bb, mais l\u2019\u00e9tendue de son \u0153uvre est reconnue jusqu\u2019\u00e0 l\u2019\u00e9chelle internationale.<\/p>\n\n\n\n<p>Notamment dans l\u2019apr\u00e8s-guerre, il accumule les images qui feront son succ\u00e8s, circulant obstin\u00e9ment \u00ab&nbsp;l\u00e0 o\u00f9 il n&rsquo;y a rien \u00e0 voir&nbsp;\u00bb, privil\u00e9giant les moments furtifs, les bonheurs minuscules \u00e9clair\u00e9s par les rayons du soleil sur le bitume des villes.<\/p>\n\n\n\n<figure class=\"wp-block-pullquote is-style-solid-color\"><blockquote class=\"has-text-color\" style=\"color:#eb0ee0\"><p><\/p><p>\u00ab\u00a0Toute ma vie je me suis amus\u00e9, je me suis fabriqu\u00e9 mon petit th\u00e9\u00e2tre\u00a0\u00bb<\/p><cite>&#8211; Robert Doisneau<\/cite><\/blockquote><\/figure>\n\n\n\n<p>Quand il meurt en avril 1994, il laisse derri\u00e8re lui quelques 450&nbsp;000 n\u00e9gatifs qui racontent son \u00e9poque avec un amusement tendre et bienveillant qui ne doit toutefois pas masquer la profondeur de la r\u00e9flexion, la r\u00e9elle insolence face au pouvoir et \u00e0 l&rsquo;autorit\u00e9 et l&rsquo;irr\u00e9ductible esprit d&rsquo;ind\u00e9pendance.<\/p>\n\n\n\n<p class=\"has-medium-font-size\"><strong><em>Concr\u00e8tement, comment s\u2019est pass\u00e9 l\u2019apr\u00e8s-midi&nbsp;?<\/em><\/strong><\/p>\n\n\n\n<p>La visite a \u00e9t\u00e9 une belle r\u00e9ussite, ponctu\u00e9e de jolies surprises : apr\u00e8s un accueil chaleureux, nous avons d\u00e9couvert les clich\u00e9s affich\u00e9s sur les murs de l\u2019\u00e9tablissement, comment\u00e9s par les r\u00e9sidents des diff\u00e9rents \u00e9tages.<\/p>\n\n\n\n<figure class=\"wp-block-gallery columns-2 is-cropped wp-block-gallery-1 is-layout-flex wp-block-gallery-is-layout-flex\"><ul class=\"blocks-gallery-grid\"><li class=\"blocks-gallery-item\"><figure><img loading=\"lazy\" decoding=\"async\" width=\"1024\" height=\"768\" src=\"https:\/\/blog.fondation-ove.fr\/curieuxrencarts\/wp-content\/uploads\/sites\/77\/2021\/10\/IMG_20210921_143951-1024x768.jpg\" alt=\"\" data-id=\"453\" data-full-url=\"https:\/\/blog.fondation-ove.fr\/curieuxrencarts\/wp-content\/uploads\/sites\/77\/2021\/10\/IMG_20210921_143951-scaled.jpg\" data-link=\"https:\/\/blog.fondation-ove.fr\/curieuxrencarts\/?attachment_id=453\" class=\"wp-image-453\" srcset=\"https:\/\/blog.fondation-ove.fr\/curieuxrencarts\/wp-content\/uploads\/sites\/77\/2021\/10\/IMG_20210921_143951-1024x768.jpg 1024w, https:\/\/blog.fondation-ove.fr\/curieuxrencarts\/wp-content\/uploads\/sites\/77\/2021\/10\/IMG_20210921_143951-300x225.jpg 300w, https:\/\/blog.fondation-ove.fr\/curieuxrencarts\/wp-content\/uploads\/sites\/77\/2021\/10\/IMG_20210921_143951-768x576.jpg 768w, https:\/\/blog.fondation-ove.fr\/curieuxrencarts\/wp-content\/uploads\/sites\/77\/2021\/10\/IMG_20210921_143951-1536x1152.jpg 1536w, https:\/\/blog.fondation-ove.fr\/curieuxrencarts\/wp-content\/uploads\/sites\/77\/2021\/10\/IMG_20210921_143951-2048x1536.jpg 2048w\" sizes=\"auto, (max-width: 1024px) 100vw, 1024px\" \/><\/figure><\/li><li class=\"blocks-gallery-item\"><figure><img loading=\"lazy\" decoding=\"async\" width=\"1024\" height=\"768\" src=\"https:\/\/blog.fondation-ove.fr\/curieuxrencarts\/wp-content\/uploads\/sites\/77\/2021\/10\/IMG_20210921_144111-1024x768.jpg\" alt=\"\" data-id=\"455\" data-full-url=\"https:\/\/blog.fondation-ove.fr\/curieuxrencarts\/wp-content\/uploads\/sites\/77\/2021\/10\/IMG_20210921_144111-scaled.jpg\" data-link=\"https:\/\/blog.fondation-ove.fr\/curieuxrencarts\/?attachment_id=455\" class=\"wp-image-455\" srcset=\"https:\/\/blog.fondation-ove.fr\/curieuxrencarts\/wp-content\/uploads\/sites\/77\/2021\/10\/IMG_20210921_144111-1024x768.jpg 1024w, https:\/\/blog.fondation-ove.fr\/curieuxrencarts\/wp-content\/uploads\/sites\/77\/2021\/10\/IMG_20210921_144111-300x225.jpg 300w, https:\/\/blog.fondation-ove.fr\/curieuxrencarts\/wp-content\/uploads\/sites\/77\/2021\/10\/IMG_20210921_144111-768x576.jpg 768w, https:\/\/blog.fondation-ove.fr\/curieuxrencarts\/wp-content\/uploads\/sites\/77\/2021\/10\/IMG_20210921_144111-1536x1152.jpg 1536w, https:\/\/blog.fondation-ove.fr\/curieuxrencarts\/wp-content\/uploads\/sites\/77\/2021\/10\/IMG_20210921_144111-2048x1536.jpg 2048w\" sizes=\"auto, (max-width: 1024px) 100vw, 1024px\" \/><\/figure><\/li><\/ul><\/figure>\n\n\n\n<p>Les r\u00e9sidents du FAM ont aim\u00e9 visiter un autre lieu de vie et voir d&rsquo;autres r\u00e9sidents s&rsquo;impliquer personnellement dans cette visite. Cela a sembl\u00e9 avoir un effet b\u00e9n\u00e9fique sur certains : l\u2019un d\u2019entre eux a dit qu&rsquo;il pourrait lui aussi s&rsquo;impliquer d&rsquo;une telle mani\u00e8re si nous organisions de nouveau un \u00e9change au foyer (ce qui n&rsquo;\u00e9tait pas vraiment envisageable avant&#8230;) !<\/p>\n\n\n\n<figure class=\"wp-block-gallery columns-3 is-cropped wp-block-gallery-2 is-layout-flex wp-block-gallery-is-layout-flex\"><ul class=\"blocks-gallery-grid\"><li class=\"blocks-gallery-item\"><figure><img loading=\"lazy\" decoding=\"async\" width=\"1024\" height=\"768\" src=\"https:\/\/blog.fondation-ove.fr\/curieuxrencarts\/wp-content\/uploads\/sites\/77\/2021\/10\/IMG_20210921_152459-1024x768.jpg\" alt=\"\" data-id=\"457\" data-full-url=\"https:\/\/blog.fondation-ove.fr\/curieuxrencarts\/wp-content\/uploads\/sites\/77\/2021\/10\/IMG_20210921_152459-scaled.jpg\" data-link=\"https:\/\/blog.fondation-ove.fr\/curieuxrencarts\/?attachment_id=457\" class=\"wp-image-457\" srcset=\"https:\/\/blog.fondation-ove.fr\/curieuxrencarts\/wp-content\/uploads\/sites\/77\/2021\/10\/IMG_20210921_152459-1024x768.jpg 1024w, https:\/\/blog.fondation-ove.fr\/curieuxrencarts\/wp-content\/uploads\/sites\/77\/2021\/10\/IMG_20210921_152459-300x225.jpg 300w, https:\/\/blog.fondation-ove.fr\/curieuxrencarts\/wp-content\/uploads\/sites\/77\/2021\/10\/IMG_20210921_152459-768x576.jpg 768w, https:\/\/blog.fondation-ove.fr\/curieuxrencarts\/wp-content\/uploads\/sites\/77\/2021\/10\/IMG_20210921_152459-1536x1152.jpg 1536w, https:\/\/blog.fondation-ove.fr\/curieuxrencarts\/wp-content\/uploads\/sites\/77\/2021\/10\/IMG_20210921_152459-2048x1536.jpg 2048w\" sizes=\"auto, (max-width: 1024px) 100vw, 1024px\" \/><\/figure><\/li><li class=\"blocks-gallery-item\"><figure><img loading=\"lazy\" decoding=\"async\" width=\"768\" height=\"1024\" src=\"https:\/\/blog.fondation-ove.fr\/curieuxrencarts\/wp-content\/uploads\/sites\/77\/2021\/10\/IMG_20210921_144351-768x1024.jpg\" alt=\"\" data-id=\"456\" data-full-url=\"https:\/\/blog.fondation-ove.fr\/curieuxrencarts\/wp-content\/uploads\/sites\/77\/2021\/10\/IMG_20210921_144351-scaled.jpg\" data-link=\"https:\/\/blog.fondation-ove.fr\/curieuxrencarts\/?attachment_id=456\" class=\"wp-image-456\" srcset=\"https:\/\/blog.fondation-ove.fr\/curieuxrencarts\/wp-content\/uploads\/sites\/77\/2021\/10\/IMG_20210921_144351-768x1024.jpg 768w, https:\/\/blog.fondation-ove.fr\/curieuxrencarts\/wp-content\/uploads\/sites\/77\/2021\/10\/IMG_20210921_144351-225x300.jpg 225w, https:\/\/blog.fondation-ove.fr\/curieuxrencarts\/wp-content\/uploads\/sites\/77\/2021\/10\/IMG_20210921_144351-1152x1536.jpg 1152w, https:\/\/blog.fondation-ove.fr\/curieuxrencarts\/wp-content\/uploads\/sites\/77\/2021\/10\/IMG_20210921_144351-1536x2048.jpg 1536w, https:\/\/blog.fondation-ove.fr\/curieuxrencarts\/wp-content\/uploads\/sites\/77\/2021\/10\/IMG_20210921_144351-scaled.jpg 1920w\" sizes=\"auto, (max-width: 768px) 100vw, 768px\" \/><\/figure><\/li><li class=\"blocks-gallery-item\"><figure><img loading=\"lazy\" decoding=\"async\" width=\"1024\" height=\"768\" src=\"https:\/\/blog.fondation-ove.fr\/curieuxrencarts\/wp-content\/uploads\/sites\/77\/2021\/10\/IMG_20210921_154916-1024x768.jpg\" alt=\"\" data-id=\"458\" data-full-url=\"https:\/\/blog.fondation-ove.fr\/curieuxrencarts\/wp-content\/uploads\/sites\/77\/2021\/10\/IMG_20210921_154916-scaled.jpg\" data-link=\"https:\/\/blog.fondation-ove.fr\/curieuxrencarts\/?attachment_id=458\" class=\"wp-image-458\" srcset=\"https:\/\/blog.fondation-ove.fr\/curieuxrencarts\/wp-content\/uploads\/sites\/77\/2021\/10\/IMG_20210921_154916-1024x768.jpg 1024w, https:\/\/blog.fondation-ove.fr\/curieuxrencarts\/wp-content\/uploads\/sites\/77\/2021\/10\/IMG_20210921_154916-300x225.jpg 300w, https:\/\/blog.fondation-ove.fr\/curieuxrencarts\/wp-content\/uploads\/sites\/77\/2021\/10\/IMG_20210921_154916-768x576.jpg 768w, https:\/\/blog.fondation-ove.fr\/curieuxrencarts\/wp-content\/uploads\/sites\/77\/2021\/10\/IMG_20210921_154916-1536x1152.jpg 1536w, https:\/\/blog.fondation-ove.fr\/curieuxrencarts\/wp-content\/uploads\/sites\/77\/2021\/10\/IMG_20210921_154916-2048x1536.jpg 2048w\" sizes=\"auto, (max-width: 1024px) 100vw, 1024px\" \/><\/figure><\/li><\/ul><\/figure>\n\n\n\n<p>Ces temps d\u2019\u00e9change et de t\u00e9moignage ont \u00e9t\u00e9 suivis par une animation rigolote puis un savoureux go\u00fbter.<\/p>\n\n\n\n<div class=\"wp-block-image\"><figure class=\"aligncenter size-large is-resized\"><img loading=\"lazy\" decoding=\"async\" src=\"https:\/\/blog.fondation-ove.fr\/curieuxrencarts\/wp-content\/uploads\/sites\/77\/2021\/10\/IMG_20210921_163836-1-768x1024.jpg\" alt=\"\" class=\"wp-image-481\" width=\"388\" height=\"518\" srcset=\"https:\/\/blog.fondation-ove.fr\/curieuxrencarts\/wp-content\/uploads\/sites\/77\/2021\/10\/IMG_20210921_163836-1-768x1024.jpg 768w, https:\/\/blog.fondation-ove.fr\/curieuxrencarts\/wp-content\/uploads\/sites\/77\/2021\/10\/IMG_20210921_163836-1-225x300.jpg 225w, https:\/\/blog.fondation-ove.fr\/curieuxrencarts\/wp-content\/uploads\/sites\/77\/2021\/10\/IMG_20210921_163836-1-1152x1536.jpg 1152w, https:\/\/blog.fondation-ove.fr\/curieuxrencarts\/wp-content\/uploads\/sites\/77\/2021\/10\/IMG_20210921_163836-1-1536x2048.jpg 1536w, https:\/\/blog.fondation-ove.fr\/curieuxrencarts\/wp-content\/uploads\/sites\/77\/2021\/10\/IMG_20210921_163836-1-scaled.jpg 1920w\" sizes=\"auto, (max-width: 388px) 100vw, 388px\" \/><\/figure><\/div>\n\n\n\n<p>Les r\u00e9sidents ont visiblement pass\u00e9 un excellent moment tout comme nous, professionnels du FAM Romain Jacob.<\/p>\n\n\n\n<figure class=\"wp-block-pullquote is-style-solid-color\"><blockquote class=\"has-text-color\" style=\"color:#eb0ee0\"><p><\/p><p>\u00ab\u00a0J&rsquo;ai particuli\u00e8rement appr\u00e9ci\u00e9 l&rsquo;implication des r\u00e9sidents<\/p><p>de Doisneau dans la pr\u00e9sentation des \u0153uvres : ils les ont<\/p><p>d\u00e9crites en nous faisant part de ce qu&rsquo;elles leur \u00e9voquaient<\/p><p>personnellement. Ce fut de beaux moments, tr\u00e8s \u00e9mouvants.&nbsp;\u00bb<\/p><cite>&#8211; Delphine Volpoet, coordinatrice et r\u00e9f\u00e9rente <br>culture au FAM Romain Jacob<\/cite><\/blockquote><\/figure>\n\n\n\n<p>De plus, nous avons eu le plaisir de rencontrer Cheikhou, Manouny, Oumar, Marie-No\u00eblle et Jamy, stagiaires du <a rel=\"noreferrer noopener\" href=\"http:\/\/www.centre-forja.fr\/\" target=\"_blank\">Centre Forja<\/a>, institut de formation professionnelle des personnes personnes d\u00e9ficientes visuelles, accompagn\u00e9s par leur formateur Cl\u00e9ment. Dans le cadre de leur atelier journal, ils se sont pr\u00eat\u00e9s \u00e0 l&rsquo;exercice de fabriquer un reportage sur ce Curieux renc&rsquo;Art au Centre Robert Doisneau. Ces apprentis reporters ont donc pass\u00e9 l&rsquo;apr\u00e8s-midi \u00e0 nos c\u00f4t\u00e9s pour recueillir t\u00e9moignages et autres mati\u00e8res sonores, afin de venir nourrir le Direct Radio du 1<sup>er<\/sup> octobre.<\/p>\n\n\n\n<div class=\"wp-block-image\"><figure class=\"aligncenter size-large is-resized\"><img loading=\"lazy\" decoding=\"async\" src=\"https:\/\/blog.fondation-ove.fr\/curieuxrencarts\/wp-content\/uploads\/sites\/77\/2021\/10\/IMG_20210921_152627-768x1024.jpg\" alt=\"\" class=\"wp-image-462\" width=\"247\" height=\"329\" srcset=\"https:\/\/blog.fondation-ove.fr\/curieuxrencarts\/wp-content\/uploads\/sites\/77\/2021\/10\/IMG_20210921_152627-768x1024.jpg 768w, https:\/\/blog.fondation-ove.fr\/curieuxrencarts\/wp-content\/uploads\/sites\/77\/2021\/10\/IMG_20210921_152627-225x300.jpg 225w, https:\/\/blog.fondation-ove.fr\/curieuxrencarts\/wp-content\/uploads\/sites\/77\/2021\/10\/IMG_20210921_152627-1152x1536.jpg 1152w, https:\/\/blog.fondation-ove.fr\/curieuxrencarts\/wp-content\/uploads\/sites\/77\/2021\/10\/IMG_20210921_152627-1536x2048.jpg 1536w, https:\/\/blog.fondation-ove.fr\/curieuxrencarts\/wp-content\/uploads\/sites\/77\/2021\/10\/IMG_20210921_152627-scaled.jpg 1920w\" sizes=\"auto, (max-width: 247px) 100vw, 247px\" \/><\/figure><\/div>\n\n\n\n<p>En bilan de cette journ\u00e9e, que du positif et une belle bouff\u00e9e d&rsquo;oxyg\u00e8ne&#8230;<\/p>\n\n\n\n<figure class=\"wp-block-pullquote is-style-solid-color\"><blockquote class=\"has-text-color\" style=\"color:#eb0ee0\"><p><\/p><p>\u00ab\u00a0Nous avons tous pass\u00e9 un excellent moment<\/p><p>et le projet des Curieux ren&rsquo;Arts a \u00e9t\u00e9 tr\u00e8s agr\u00e9able et<\/p><p>b\u00e9n\u00e9fique pour l&rsquo;ensemble des r\u00e9sidents et professionnels<\/p><p>qui ont pu participer.\u00a0\u00bb<\/p><cite>&#8211; Natacha Berger, charg\u00e9e d\u2019inclusion et <br>r\u00e9f\u00e9rente culture au Centre Robert Doisneau<\/cite><\/blockquote><\/figure>\n\n\n\n<p>Pour celles et ceux int\u00e9ress\u00e9s pour d\u00e9couvrir en replay les <strong>enregistrements et \u00e9changes issus du du Direct Radio<\/strong>, revenant sur cette belle rencontre crois\u00e9e au CRD, c&rsquo;est juste ici : <\/p>\n\n\n\n<figure class=\"wp-block-audio\"><audio controls src=\"http:\/\/blog.fondation-ove.fr\/curieuxrencarts\/wp-content\/uploads\/sites\/77\/2021\/10\/Direct_Curieux_Part-2_CRD.mp3\"><\/audio><\/figure>\n","protected":false},"excerpt":{"rendered":"<p>Mardi 21 septembre apr\u00e8s-midi, le Centre Robert Doisneau (structure parisienne comprenant diff\u00e9rents \u00e9tablissements : un IME, un SESSAD, un EHPAD, une MAS, un FAM et un CAJM), accueillait nos camarades et complices du Foyer d\u2019Accueil M\u00e9dicalis\u00e9 Romain Jacob&nbsp;; que nous avions rencontr\u00e9 la semaine pr\u00e9c\u00e9dente dans leur \u00e9tablissement dans le&hellip; <\/p>\n","protected":false},"author":492,"featured_media":470,"comment_status":"closed","ping_status":"closed","sticky":false,"template":"","format":"standard","meta":{"ngg_post_thumbnail":0,"footnotes":""},"categories":[1],"tags":[],"class_list":["post-450","post","type-post","status-publish","format-standard","has-post-thumbnail","hentry","category-non-classe"],"_links":{"self":[{"href":"https:\/\/blog.fondation-ove.fr\/curieuxrencarts\/wp-json\/wp\/v2\/posts\/450","targetHints":{"allow":["GET"]}}],"collection":[{"href":"https:\/\/blog.fondation-ove.fr\/curieuxrencarts\/wp-json\/wp\/v2\/posts"}],"about":[{"href":"https:\/\/blog.fondation-ove.fr\/curieuxrencarts\/wp-json\/wp\/v2\/types\/post"}],"author":[{"embeddable":true,"href":"https:\/\/blog.fondation-ove.fr\/curieuxrencarts\/wp-json\/wp\/v2\/users\/492"}],"replies":[{"embeddable":true,"href":"https:\/\/blog.fondation-ove.fr\/curieuxrencarts\/wp-json\/wp\/v2\/comments?post=450"}],"version-history":[{"count":19,"href":"https:\/\/blog.fondation-ove.fr\/curieuxrencarts\/wp-json\/wp\/v2\/posts\/450\/revisions"}],"predecessor-version":[{"id":518,"href":"https:\/\/blog.fondation-ove.fr\/curieuxrencarts\/wp-json\/wp\/v2\/posts\/450\/revisions\/518"}],"wp:featuredmedia":[{"embeddable":true,"href":"https:\/\/blog.fondation-ove.fr\/curieuxrencarts\/wp-json\/wp\/v2\/media\/470"}],"wp:attachment":[{"href":"https:\/\/blog.fondation-ove.fr\/curieuxrencarts\/wp-json\/wp\/v2\/media?parent=450"}],"wp:term":[{"taxonomy":"category","embeddable":true,"href":"https:\/\/blog.fondation-ove.fr\/curieuxrencarts\/wp-json\/wp\/v2\/categories?post=450"},{"taxonomy":"post_tag","embeddable":true,"href":"https:\/\/blog.fondation-ove.fr\/curieuxrencarts\/wp-json\/wp\/v2\/tags?post=450"}],"curies":[{"name":"wp","href":"https:\/\/api.w.org\/{rel}","templated":true}]}}