{"id":387,"date":"2021-10-01T10:13:45","date_gmt":"2021-10-01T08:13:45","guid":{"rendered":"https:\/\/blog.fondation-ove.fr\/curieuxrencarts\/?p=387"},"modified":"2021-10-29T08:41:26","modified_gmt":"2021-10-29T06:41:26","slug":"opera-de-haut-en-bas","status":"publish","type":"post","link":"https:\/\/blog.fondation-ove.fr\/curieuxrencarts\/2021\/10\/01\/opera-de-haut-en-bas\/","title":{"rendered":"Op\u00e9ra, de haut en bas"},"content":{"rendered":"\n<p>Dernier \u00ab\u00a0Curieux renc&rsquo;Art\u00a0\u00bb de la s\u00e9rie, avec un apr\u00e8s-midi de d\u00e9couverte \u00e0 <a rel=\"noreferrer noopener\" href=\"https:\/\/opera.saint-etienne.fr\/otse\/\" data-type=\"URL\" data-id=\"https:\/\/opera.saint-etienne.fr\/otse\/\" target=\"_blank\"><span class=\"has-inline-color has-vivid-cyan-blue-color\">l&rsquo;Op\u00e9ra de la Ville de Saint-Etienne<\/span><\/a>. Des jeunes et professionnels du DEAT 42 se sont donn\u00e9s rendez-vous mercredi 29 septembre dans cette Grande Maison des Arts Lyriques situ\u00e9e au c\u0153ur du Jardin de Plantes. Au programme, pratique vocale et visite guid\u00e9e des ateliers de fabrication. C&rsquo;est parti !<\/p>\n\n\n\n<h2 class=\"has-medium-font-size wp-block-heading\"><em>Premi\u00e8re approche : se mettre en voix<\/em><\/h2>\n\n\n\n<p>Nous sommes accueillis chaleureusement au Studio Poulenc &#8211; 4\u00e8me \u00e9tage, par Catherine S\u00e9on, mezzo-soprano dans le Ch\u0153ur Lyrique Saint-Etienne Loire, et Laurent Touche, chef de ch\u0153ur de l&rsquo;Op\u00e9ra o\u00f9 nous nous trouvons. Nous d\u00e9marrons avec un premier morceau du r\u00e9pertoire de Poulenc justement, <em>Les chemins de l&rsquo;amour<\/em>, \u00ab\u00a0perform\u00e9\u00a0\u00bb par Catherine sous les yeux \u00e9bahis de notre petit groupe. M\u00e9dus\u00e9s, on prend alors bien conscience de la puissance d&rsquo;une voix lyrique. Mais pas intimid\u00e9s pour autant, puisque tout le monde (ou presque) se lance \u00e0 sa suite dans des \u00e9chauffements et vocalises. <\/p>\n\n\n\n<p>Chanter, c&rsquo;est avant tout une pratique corporelle. On passe en revue plusieurs muscles et organes essentiels, le diaphragme, la cage thoracique, la bouche, la langue, la glotte&#8230; et les fameuses \u00ab\u00a0cordes vocales\u00a0\u00bb. La n\u00e9cessit\u00e9 aussi de trouver ce d\u00e9licat \u00e9quilibre entre tenue et d\u00e9tente pour que le son sorte comme il faut. <\/p>\n\n\n\n<figure class=\"wp-block-pullquote is-style-solid-color\"><blockquote class=\"has-text-color\" style=\"color:#eb0ee0\"><p><em>\u00ab\u00a0Chanter, \u00e7a fait sortir des choses &#8230; Pour tous<\/em><\/p><p><em>les cris qu&rsquo;on n&rsquo;a pas pu pousser avant\u00a0\u00bb<\/em><\/p><cite>&#8211; Une participante \u00e0 l&rsquo;atelier<\/cite><\/blockquote><\/figure>\n\n\n\n<figure class=\"wp-block-image size-large\"><img loading=\"lazy\" decoding=\"async\" width=\"768\" height=\"1024\" src=\"https:\/\/blog.fondation-ove.fr\/curieuxrencarts\/wp-content\/uploads\/sites\/77\/2021\/09\/IMG_20210930_095720-768x1024.jpg\" alt=\"\" class=\"wp-image-402\" srcset=\"https:\/\/blog.fondation-ove.fr\/curieuxrencarts\/wp-content\/uploads\/sites\/77\/2021\/09\/IMG_20210930_095720-768x1024.jpg 768w, https:\/\/blog.fondation-ove.fr\/curieuxrencarts\/wp-content\/uploads\/sites\/77\/2021\/09\/IMG_20210930_095720-225x300.jpg 225w, https:\/\/blog.fondation-ove.fr\/curieuxrencarts\/wp-content\/uploads\/sites\/77\/2021\/09\/IMG_20210930_095720-1152x1536.jpg 1152w, https:\/\/blog.fondation-ove.fr\/curieuxrencarts\/wp-content\/uploads\/sites\/77\/2021\/09\/IMG_20210930_095720-1536x2048.jpg 1536w, https:\/\/blog.fondation-ove.fr\/curieuxrencarts\/wp-content\/uploads\/sites\/77\/2021\/09\/IMG_20210930_095720-scaled.jpg 1920w\" sizes=\"auto, (max-width: 768px) 100vw, 768px\" \/><\/figure>\n\n\n\n<p>Et puisque nous sommes dans un lieu embl\u00e9matique des Arts lyriques, nous terminons notre petit atelier avec un morceau de choix: <em>Habanera de Carmen<\/em>. On s&rsquo;essaie alors aux diff\u00e9rentes places, entre les solistes et le ch\u0153ur. On cherche aussi se tessiture, qui du c\u00f4t\u00e9 des altos, des mezzo ou des sopranes. Mais surtout on prend du plaisir \u00e0 se lancer, \u00e0 chanter, se mettre les mots en bouche, avec l&rsquo;accompagnement pr\u00e9cieux de Laurent au piano. Car oui \u00e0 l&rsquo;Op\u00e9ra, il y a certes les chanteurs et les chanteuses, mais il y a aussi une myriade d&rsquo;autres artistes et techniciens \u00e0 d\u00e9couvrir, et qui participent de la magie du spectacle.<\/p>\n\n\n\n<h2 class=\"has-medium-font-size wp-block-heading\"><em>Partir en qu\u00eate des coulisses, o\u00f9 fourmillent 30 m\u00e9tiers diff\u00e9rents<\/em><\/h2>\n\n\n\n<p>Premi\u00e8re \u00e9tape de notre visite guid\u00e9e \u00e0 l&rsquo;\u00e9tage au-dessus du studio de chant, avec les ateliers D\u00e9cor. Ici \u00e7a dessine, \u00e7a d\u00e9coupe, \u00e7a ponce&#8230; avec les deux serruriers permanents et les deux menuisiEres, car oui du c\u00f4t\u00e9 de la menuiserie, ce sont deux femmes qui se creusent les m\u00e9ninges aux c\u00f4t\u00e9s du sc\u00e9nographe et du metteur en sc\u00e8ne pour imaginer les installations qui plongeront les spectateurs au c\u0153ur de l&rsquo;histoire. Pour illustrer, on d\u00e9couvre par exemple le petit carnet de maquettes de l&rsquo;Op\u00e9ra Lancelot, et l&rsquo;installation singuli\u00e8re imagin\u00e9e sur un syst\u00e8me de \u00ab\u00a0tournette\u00a0\u00bb pour passer d&rsquo;un angle de vue \u00e0 l&rsquo;autre, au gr\u00e9 des sc\u00e8nes et des actes. <\/p>\n\n\n\n<p>On redescend ensuite d&rsquo;un \u00e9tage pour d\u00e9couvrir l&rsquo;atelier Grand Format des D\u00e9cors. L&rsquo;endroit o\u00f9 ils sont finalis\u00e9s, assembl\u00e9s. On se rend bien compte qu&rsquo;ils ne peuvent passer entre les mains des diff\u00e9rents techniciens par l&rsquo;unique voie de l&rsquo;escalier ou de l\u2019ascenseur, et qu&rsquo;un monte-charge s&rsquo;av\u00e8re indispensable pour faire circuler les \u00e9l\u00e9ments de mains en mains, d&rsquo;atelier en atelier. Autre m\u00e9tier ici aussi essentiel: le machiniste, qui s&rsquo;assurera au fur et \u00e0 mesure, de ces montages et d\u00e9montages. Dans la balade, on aper\u00e7oit encore \u00ab\u00a0un morceau d&rsquo;<em>Hamlet<\/em>\u00ab\u00a0, ou un \u00ab\u00a0socle pour <em>Lancelot\u00a0\u00bb<\/em>. Et oui ces grandes figures sont aussi incarn\u00e9es dans les objets qui les entourent. <\/p>\n\n\n\n<figure class=\"wp-block-gallery columns-3 is-cropped wp-block-gallery-1 is-layout-flex wp-block-gallery-is-layout-flex\"><ul class=\"blocks-gallery-grid\"><li class=\"blocks-gallery-item\"><figure><img loading=\"lazy\" decoding=\"async\" width=\"1024\" height=\"768\" src=\"https:\/\/blog.fondation-ove.fr\/curieuxrencarts\/wp-content\/uploads\/sites\/77\/2021\/09\/IMG_20210929_152651-4-1024x768.jpg\" alt=\"\" data-id=\"425\" data-link=\"https:\/\/blog.fondation-ove.fr\/curieuxrencarts\/?attachment_id=425\" class=\"wp-image-425\" srcset=\"https:\/\/blog.fondation-ove.fr\/curieuxrencarts\/wp-content\/uploads\/sites\/77\/2021\/09\/IMG_20210929_152651-4-1024x768.jpg 1024w, https:\/\/blog.fondation-ove.fr\/curieuxrencarts\/wp-content\/uploads\/sites\/77\/2021\/09\/IMG_20210929_152651-4-300x225.jpg 300w, https:\/\/blog.fondation-ove.fr\/curieuxrencarts\/wp-content\/uploads\/sites\/77\/2021\/09\/IMG_20210929_152651-4-768x576.jpg 768w, https:\/\/blog.fondation-ove.fr\/curieuxrencarts\/wp-content\/uploads\/sites\/77\/2021\/09\/IMG_20210929_152651-4-1536x1152.jpg 1536w, https:\/\/blog.fondation-ove.fr\/curieuxrencarts\/wp-content\/uploads\/sites\/77\/2021\/09\/IMG_20210929_152651-4-2048x1536.jpg 2048w\" sizes=\"auto, (max-width: 1024px) 100vw, 1024px\" \/><\/figure><\/li><li class=\"blocks-gallery-item\"><figure><img loading=\"lazy\" decoding=\"async\" width=\"1024\" height=\"768\" src=\"https:\/\/blog.fondation-ove.fr\/curieuxrencarts\/wp-content\/uploads\/sites\/77\/2021\/09\/IMG_20210929_154604-2-1024x768.jpg\" alt=\"\" data-id=\"426\" data-link=\"https:\/\/blog.fondation-ove.fr\/curieuxrencarts\/?attachment_id=426\" class=\"wp-image-426\" srcset=\"https:\/\/blog.fondation-ove.fr\/curieuxrencarts\/wp-content\/uploads\/sites\/77\/2021\/09\/IMG_20210929_154604-2-1024x768.jpg 1024w, https:\/\/blog.fondation-ove.fr\/curieuxrencarts\/wp-content\/uploads\/sites\/77\/2021\/09\/IMG_20210929_154604-2-300x225.jpg 300w, https:\/\/blog.fondation-ove.fr\/curieuxrencarts\/wp-content\/uploads\/sites\/77\/2021\/09\/IMG_20210929_154604-2-768x576.jpg 768w, https:\/\/blog.fondation-ove.fr\/curieuxrencarts\/wp-content\/uploads\/sites\/77\/2021\/09\/IMG_20210929_154604-2-1536x1152.jpg 1536w, https:\/\/blog.fondation-ove.fr\/curieuxrencarts\/wp-content\/uploads\/sites\/77\/2021\/09\/IMG_20210929_154604-2-2048x1536.jpg 2048w\" sizes=\"auto, (max-width: 1024px) 100vw, 1024px\" \/><\/figure><\/li><li class=\"blocks-gallery-item\"><figure><img loading=\"lazy\" decoding=\"async\" width=\"1024\" height=\"768\" src=\"https:\/\/blog.fondation-ove.fr\/curieuxrencarts\/wp-content\/uploads\/sites\/77\/2021\/09\/IMG_20210929_160027-2-1024x768.jpg\" alt=\"\" data-id=\"427\" data-full-url=\"https:\/\/blog.fondation-ove.fr\/curieuxrencarts\/wp-content\/uploads\/sites\/77\/2021\/09\/IMG_20210929_160027-2-scaled.jpg\" data-link=\"https:\/\/blog.fondation-ove.fr\/curieuxrencarts\/?attachment_id=427\" class=\"wp-image-427\" srcset=\"https:\/\/blog.fondation-ove.fr\/curieuxrencarts\/wp-content\/uploads\/sites\/77\/2021\/09\/IMG_20210929_160027-2-1024x768.jpg 1024w, https:\/\/blog.fondation-ove.fr\/curieuxrencarts\/wp-content\/uploads\/sites\/77\/2021\/09\/IMG_20210929_160027-2-300x225.jpg 300w, https:\/\/blog.fondation-ove.fr\/curieuxrencarts\/wp-content\/uploads\/sites\/77\/2021\/09\/IMG_20210929_160027-2-768x576.jpg 768w, https:\/\/blog.fondation-ove.fr\/curieuxrencarts\/wp-content\/uploads\/sites\/77\/2021\/09\/IMG_20210929_160027-2-1536x1152.jpg 1536w, https:\/\/blog.fondation-ove.fr\/curieuxrencarts\/wp-content\/uploads\/sites\/77\/2021\/09\/IMG_20210929_160027-2-2048x1536.jpg 2048w\" sizes=\"auto, (max-width: 1024px) 100vw, 1024px\" \/><\/figure><\/li><\/ul><\/figure>\n\n\n\n<p>On redescend encore de 2 \u00e9tages, pour rejoindre l&rsquo;atelier des couturi\u00e8res, tr\u00e8s concentr\u00e9es au moment o\u00f9 nous arrivons. Leur salle de travail impressionne de tout son long et de tous les mat\u00e9riaux accumul\u00e9s, au milieu des carnets de croquis, mannequins et patrons. Un atelier situ\u00e9 \u00e0 l&rsquo;\u00e9tage des \u00ab\u00a0derni\u00e8res touches\u00a0\u00bb juste \u00e0 c\u00f4t\u00e9s des loges et de l&rsquo;entr\u00e9e au plateau o\u00f9 nous nous aventurons, avec un peu de timidit\u00e9 puisqu&rsquo;au milieu des fauteuils d&rsquo;orchestre pr\u00eats \u00e0 accueillir le tout premier spectacle de la Saison. Olivier, directeur technique de l&rsquo;Op\u00e9ra, nous donne alors quelques infos compl\u00e9mentaires sur ce qu&rsquo;on voit au-dessus de nous ou sous nos pieds, tous les syst\u00e8mes techniques pour l&rsquo;\u00e9clairage, la d\u00e9pose des d\u00e9cors, les trappes et autres jeux qui participent de l&rsquo;illusion. <\/p>\n\n\n\n<p>On termine notre \u00e9change autour d&rsquo;un sens essentiel ici, et qui boucle la boucle avec notre initiation autour de la voix : <em>le son<\/em>, et le travail d&rsquo;orf\u00e8vre pour proposer des conditions acoustiques id\u00e9ales. Avec l&rsquo;appui des techniciens du genre, des acousticiens aussi parfois. Avec aussi des partis pris de mise en sc\u00e8ne tels que le <em>Ch\u0153ur C\u00e9leste<\/em> &#8211; cette id\u00e9e de placer les chanteurs et chanteuses au c\u0153ur m\u00eame du public pour l&rsquo;entourer de leurs voix. De quoi nous donner envie de revenir pour vivre l&rsquo;exp\u00e9rience&#8230;<\/p>\n\n\n\n<p> Pour celles et ceux int\u00e9ress\u00e9s pour d\u00e9couvrir en replay le <strong>reportage issu du Direct Radio,<\/strong> autour de ce renc&rsquo;Art \u00e0 l&rsquo;Op\u00e9ra : <\/p>\n\n\n\n<figure class=\"wp-block-audio\"><audio controls src=\"http:\/\/blog.fondation-ove.fr\/curieuxrencarts\/wp-content\/uploads\/sites\/77\/2021\/10\/Ope\u2560ura-St-Etienne.mp3\"><\/audio><\/figure>\n","protected":false},"excerpt":{"rendered":"<p>Dernier \u00ab\u00a0Curieux renc&rsquo;Art\u00a0\u00bb de la s\u00e9rie, avec un apr\u00e8s-midi de d\u00e9couverte \u00e0 l&rsquo;Op\u00e9ra de la Ville de Saint-Etienne. Des jeunes et professionnels du DEAT 42 se sont donn\u00e9s rendez-vous mercredi 29 septembre dans cette Grande Maison des Arts Lyriques situ\u00e9e au c\u0153ur du Jardin de Plantes. Au programme, pratique vocale&hellip; <\/p>\n","protected":false},"author":341,"featured_media":449,"comment_status":"closed","ping_status":"closed","sticky":false,"template":"","format":"standard","meta":{"ngg_post_thumbnail":0,"footnotes":""},"categories":[1],"tags":[],"class_list":["post-387","post","type-post","status-publish","format-standard","has-post-thumbnail","hentry","category-non-classe"],"_links":{"self":[{"href":"https:\/\/blog.fondation-ove.fr\/curieuxrencarts\/wp-json\/wp\/v2\/posts\/387","targetHints":{"allow":["GET"]}}],"collection":[{"href":"https:\/\/blog.fondation-ove.fr\/curieuxrencarts\/wp-json\/wp\/v2\/posts"}],"about":[{"href":"https:\/\/blog.fondation-ove.fr\/curieuxrencarts\/wp-json\/wp\/v2\/types\/post"}],"author":[{"embeddable":true,"href":"https:\/\/blog.fondation-ove.fr\/curieuxrencarts\/wp-json\/wp\/v2\/users\/341"}],"replies":[{"embeddable":true,"href":"https:\/\/blog.fondation-ove.fr\/curieuxrencarts\/wp-json\/wp\/v2\/comments?post=387"}],"version-history":[{"count":38,"href":"https:\/\/blog.fondation-ove.fr\/curieuxrencarts\/wp-json\/wp\/v2\/posts\/387\/revisions"}],"predecessor-version":[{"id":543,"href":"https:\/\/blog.fondation-ove.fr\/curieuxrencarts\/wp-json\/wp\/v2\/posts\/387\/revisions\/543"}],"wp:featuredmedia":[{"embeddable":true,"href":"https:\/\/blog.fondation-ove.fr\/curieuxrencarts\/wp-json\/wp\/v2\/media\/449"}],"wp:attachment":[{"href":"https:\/\/blog.fondation-ove.fr\/curieuxrencarts\/wp-json\/wp\/v2\/media?parent=387"}],"wp:term":[{"taxonomy":"category","embeddable":true,"href":"https:\/\/blog.fondation-ove.fr\/curieuxrencarts\/wp-json\/wp\/v2\/categories?post=387"},{"taxonomy":"post_tag","embeddable":true,"href":"https:\/\/blog.fondation-ove.fr\/curieuxrencarts\/wp-json\/wp\/v2\/tags?post=387"}],"curies":[{"name":"wp","href":"https:\/\/api.w.org\/{rel}","templated":true}]}}