{"id":364,"date":"2021-09-27T14:53:29","date_gmt":"2021-09-27T12:53:29","guid":{"rendered":"https:\/\/blog.fondation-ove.fr\/curieuxrencarts\/?p=364"},"modified":"2021-10-29T08:42:30","modified_gmt":"2021-10-29T06:42:30","slug":"au-travail","status":"publish","type":"post","link":"https:\/\/blog.fondation-ove.fr\/curieuxrencarts\/2021\/09\/27\/au-travail\/","title":{"rendered":"Au travail"},"content":{"rendered":"\n<p>Quoi de plus r\u00e9jouissant que de terminer la semaine par un temps de rencontre et de d\u00e9couverte ? Vendredi 24 septembre matin, un groupe de jeunes de l\u2019ESAT Myriade et du SAVS s\u2019est retrouv\u00e9 \u00e0 l\u2019ESAT de Vaulx-en-Velin (69) en la compagnie des artistes <a href=\"https:\/\/www.annemaregiano.com\/\" target=\"_blank\" rel=\"noreferrer noopener\">Anne Maregiano<\/a>, vid\u00e9aste, et <a href=\"https:\/\/www.far-paysagistes.com\/ingrid-saumur-paysagiste-dplg\/\" target=\"_blank\" rel=\"noreferrer noopener\">Ingrid Saumur<\/a>, paysagiste et plasticienne. &nbsp;Au programme&nbsp;: penser collectivement la sc\u00e9nographie de la future exposition du projet \u00ab&nbsp;<a href=\"https:\/\/www.fondation-ove.fr\/projets\/un-corps-ca-travaille\/\">Un corps \u00e7a travaille&nbsp;\u00bb<\/a> . Cette exposition, qui viendra \u00e9galement c\u00e9l\u00e9brer les 20 ans de l\u2019ESAT, sera surtout l\u2019occasion de clore en beaut\u00e9 ce projet au long cours r\u00e9alis\u00e9 sur deux ans, bravant tous les obstacles et al\u00e9as&nbsp;\u00ab&nbsp;covid\u00e9ens&nbsp;\u00bb. D\u2019objets issus de multiples ateliers (vid\u00e9os, sons, c\u00e9ramiques, plastiques), &nbsp;il a fallu de r\u00e9fl\u00e9chir \u00e0 les mettre en sc\u00e8ne dans ce lieu quotidien qu\u2019est l\u2019ESAT, o\u00f9 travaille la majorit\u00e9 des jeunes. De quoi regarder les espaces d\u2019un \u0153il neuf&#8230;.<\/p>\n\n\n\n<p class=\"has-medium-font-size\"><strong><em>Un ESAT, c\u2019est quoi&nbsp;?<\/em><\/strong><\/p>\n\n\n\n<p>Un ESAT est un Etablissement et Service d\u2019Aide par le Travail, qui offre aux personnes handicap\u00e9es des activit\u00e9s diverses \u00e0 caract\u00e8re professionnel et un soutien m\u00e9dico-social et \u00e9ducatif en vue de favoriser leur \u00e9panouissement personnel et social. L\u2019<a href=\"https:\/\/www.fondation-ove.fr\/etablissements\/ove-esat-myriade-vaulx-en-velin\/\">ESAT de Vaulx-en-Velin<\/a>, n\u00e9 en 2001, accueille une soixantaine de travailleurs et propose des activit\u00e9s de sous-traitance industrielle, de reprographie et multim\u00e9dia.<\/p>\n\n\n\n<p class=\"has-medium-font-size\"><strong><em>Concr\u00e8tement, comment s\u2019est pass\u00e9e la matin\u00e9e&nbsp;?<\/em><\/strong><\/p>\n\n\n\n<p>Anne et Ingrid, les artistes ayant travaill\u00e9 sur le projet <em>Un corps \u00e7a travaille<\/em>, nous ont accueillis chaleureusement dans la mezzanine de l\u2019ESAT. Apr\u00e8s s\u2019\u00eatre pr\u00e9sent\u00e9es, elles nous ont expliqu\u00e9 ce qu\u2019est une sc\u00e9nographie, c\u2019est-\u00e0-dire la r\u00e9alisation \u00ab&nbsp;en coulisse&nbsp;\u00bb d\u2019une exposition.<\/p>\n\n\n\n<div class=\"wp-block-image\"><figure class=\"aligncenter size-full is-resized\"><img loading=\"lazy\" decoding=\"async\" src=\"https:\/\/blog.fondation-ove.fr\/curieuxrencarts\/wp-content\/uploads\/sites\/77\/2021\/09\/Image1-1.jpg\" alt=\"\" class=\"wp-image-368\" width=\"328\" height=\"246\" srcset=\"https:\/\/blog.fondation-ove.fr\/curieuxrencarts\/wp-content\/uploads\/sites\/77\/2021\/09\/Image1-1.jpg 533w, https:\/\/blog.fondation-ove.fr\/curieuxrencarts\/wp-content\/uploads\/sites\/77\/2021\/09\/Image1-1-300x225.jpg 300w\" sizes=\"auto, (max-width: 328px) 100vw, 328px\" \/><\/figure><\/div>\n\n\n\n<p>Notre mission, si nous l\u2019acceptons&nbsp;: mettre en valeur (et en sc\u00e8ne&nbsp;!) les 12 sons, 7 objets en c\u00e9ramique, 4 vid\u00e9os et 1 tapis g\u00e9ant en linol\u00e9um (l\u2019archipel du travail&nbsp;: o\u00f9 chaque \u00eele repr\u00e9sente un jeune et son rapport avec le travail, v\u00e9cu, souhait\u00e9, ou id\u00e9al)&nbsp;; tous tir\u00e9s du projet <em>Un corps \u00e7a travaille<\/em>.<\/p>\n\n\n\n<p>Pour cela, petit tour d\u2019horizon des t\u00e2ches \u00e0 accomplir&nbsp;:<\/p>\n\n\n\n<ul class=\"wp-block-list\"><li>Parcourir, observer, \u00e9couter et investir les regarder les espaces identifi\u00e9s destin\u00e9s \u00e0 accueillir l\u2019exposition<\/li><li>Identifier le meilleur espace pour chaque \u0153uvre<\/li><li>Pr\u00e9voir l\u2019\u00e9clairage n\u00e9cessaire \u00e0 chaque objet, et sa disposition<\/li><li>Penser la circulation du public&nbsp;: entr\u00e9e, circuit d\u2019exposition, sortie<\/li><li>Anticiper la signal\u00e9tique (c\u2019est-\u00e0-dire les panneaux d\u2019information, les fl\u00e8ches\u2026) pour pr\u00e9senter le contexte de l\u2019exposition, le sens de visite et la signification de chaque \u0153uvre<\/li><li>\u2026et bien s\u00fbr, identifier pour tout cela le mat\u00e9riel \u00e0 disposition et \u00e0 pr\u00e9voir. L\u2019id\u00e9e \u00e9tant de faire un maximum avec les \u00e9quipements disponibles sur place&nbsp;: draps, chaises, caisses, tables, palettes, lampes d\u2019appoint\u2026 Tout est mati\u00e8re \u00e0 r\u00e9cup\u00e9ration, \u00e0 personnalisation. Place \u00e0 l\u2019imagination&nbsp;!<\/li><\/ul>\n\n\n\n<p>Nous avons donc d\u2019abord commenc\u00e9 par d\u00e9ambuler dans l\u2019ESAT en revisitant les locaux d\u2019un \u0153il neuf&nbsp;: espace disponible, lumi\u00e8re, acoustique&#8230; Nous nous sommes mis dans la peau du public d\u00e8s le hall d\u2019accueil, et commenc\u00e9 \u00e0 r\u00e9fl\u00e9chir au parcours \u00e0 inventer au travers des diff\u00e9rents ateliers. Nous avons remarqu\u00e9 de petits boxes de travail particuli\u00e8rement adapt\u00e9s pour diffuser les vid\u00e9os, dans un coin sombre, ou encore de petites salles o\u00f9 disposer les enregistrements sonores \u00e7a et l\u00e0.<\/p>\n\n\n\n<figure class=\"wp-block-gallery columns-3 is-cropped wp-block-gallery-1 is-layout-flex wp-block-gallery-is-layout-flex\"><ul class=\"blocks-gallery-grid\"><li class=\"blocks-gallery-item\"><figure><img loading=\"lazy\" decoding=\"async\" width=\"479\" height=\"359\" src=\"https:\/\/blog.fondation-ove.fr\/curieuxrencarts\/wp-content\/uploads\/sites\/77\/2021\/09\/Image2.jpg\" alt=\"\" data-id=\"369\" data-full-url=\"https:\/\/blog.fondation-ove.fr\/curieuxrencarts\/wp-content\/uploads\/sites\/77\/2021\/09\/Image2.jpg\" data-link=\"https:\/\/blog.fondation-ove.fr\/curieuxrencarts\/?attachment_id=369\" class=\"wp-image-369\" srcset=\"https:\/\/blog.fondation-ove.fr\/curieuxrencarts\/wp-content\/uploads\/sites\/77\/2021\/09\/Image2.jpg 479w, https:\/\/blog.fondation-ove.fr\/curieuxrencarts\/wp-content\/uploads\/sites\/77\/2021\/09\/Image2-300x225.jpg 300w\" sizes=\"auto, (max-width: 479px) 100vw, 479px\" \/><\/figure><\/li><li class=\"blocks-gallery-item\"><figure><img loading=\"lazy\" decoding=\"async\" width=\"475\" height=\"356\" src=\"https:\/\/blog.fondation-ove.fr\/curieuxrencarts\/wp-content\/uploads\/sites\/77\/2021\/09\/Image3.jpg\" alt=\"\" data-id=\"370\" data-full-url=\"https:\/\/blog.fondation-ove.fr\/curieuxrencarts\/wp-content\/uploads\/sites\/77\/2021\/09\/Image3.jpg\" data-link=\"https:\/\/blog.fondation-ove.fr\/curieuxrencarts\/?attachment_id=370\" class=\"wp-image-370\" srcset=\"https:\/\/blog.fondation-ove.fr\/curieuxrencarts\/wp-content\/uploads\/sites\/77\/2021\/09\/Image3.jpg 475w, https:\/\/blog.fondation-ove.fr\/curieuxrencarts\/wp-content\/uploads\/sites\/77\/2021\/09\/Image3-300x225.jpg 300w\" sizes=\"auto, (max-width: 475px) 100vw, 475px\" \/><\/figure><\/li><li class=\"blocks-gallery-item\"><figure><img loading=\"lazy\" decoding=\"async\" width=\"475\" height=\"356\" src=\"https:\/\/blog.fondation-ove.fr\/curieuxrencarts\/wp-content\/uploads\/sites\/77\/2021\/09\/Image4.jpg\" alt=\"\" data-id=\"371\" data-full-url=\"https:\/\/blog.fondation-ove.fr\/curieuxrencarts\/wp-content\/uploads\/sites\/77\/2021\/09\/Image4.jpg\" data-link=\"https:\/\/blog.fondation-ove.fr\/curieuxrencarts\/?attachment_id=371\" class=\"wp-image-371\" srcset=\"https:\/\/blog.fondation-ove.fr\/curieuxrencarts\/wp-content\/uploads\/sites\/77\/2021\/09\/Image4.jpg 475w, https:\/\/blog.fondation-ove.fr\/curieuxrencarts\/wp-content\/uploads\/sites\/77\/2021\/09\/Image4-300x225.jpg 300w\" sizes=\"auto, (max-width: 475px) 100vw, 475px\" \/><\/figure><\/li><\/ul><\/figure>\n\n\n\n<p>La visite termin\u00e9e, nous nous sommes ensuite divis\u00e9s en deux groupes, l&rsquo;un accompagn\u00e9 par Anne, l&rsquo;autre par Ingrid, avec l\u2019objectif commun de r\u00e9aliser \u00e0 partir du plan du b\u00e2timent l\u2019\u00e9ventuelle future sc\u00e9nographie. Et pour cela, chacun sa m\u00e9thode&nbsp;!<\/p>\n\n\n\n<p>\u2026Du c\u00f4t\u00e9 des gar\u00e7ons et d\u2019Ingrid, c\u2019est dessins \u00e0 main lev\u00e9, post-its, notes et foisonnement d\u2019id\u00e9es. Les \u0153uvres se m\u00e9langent au gr\u00e9 des espaces et des possibilit\u00e9s qu\u2019ils offrent. On est plut\u00f4t sur du \u00ab&nbsp;sketchnoting&nbsp;\u00bb&nbsp;!<\/p>\n\n\n\n<p>\u2026Du c\u00f4t\u00e9 d\u2019Anne et des autres jeunes gens, c\u2019est ordre et organisation&nbsp;: tra\u00e7ages \u00e0 la r\u00e8gle, dimensions, et regroupement des \u0153uvres par espaces.<\/p>\n\n\n\n<figure class=\"wp-block-gallery columns-3 is-cropped wp-block-gallery-2 is-layout-flex wp-block-gallery-is-layout-flex\"><ul class=\"blocks-gallery-grid\"><li class=\"blocks-gallery-item\"><figure><img loading=\"lazy\" decoding=\"async\" width=\"521\" height=\"390\" src=\"https:\/\/blog.fondation-ove.fr\/curieuxrencarts\/wp-content\/uploads\/sites\/77\/2021\/09\/Image5.jpg\" alt=\"\" data-id=\"372\" data-full-url=\"https:\/\/blog.fondation-ove.fr\/curieuxrencarts\/wp-content\/uploads\/sites\/77\/2021\/09\/Image5.jpg\" data-link=\"https:\/\/blog.fondation-ove.fr\/curieuxrencarts\/?attachment_id=372\" class=\"wp-image-372\" srcset=\"https:\/\/blog.fondation-ove.fr\/curieuxrencarts\/wp-content\/uploads\/sites\/77\/2021\/09\/Image5.jpg 521w, https:\/\/blog.fondation-ove.fr\/curieuxrencarts\/wp-content\/uploads\/sites\/77\/2021\/09\/Image5-300x225.jpg 300w\" sizes=\"auto, (max-width: 521px) 100vw, 521px\" \/><\/figure><\/li><li class=\"blocks-gallery-item\"><figure><img loading=\"lazy\" decoding=\"async\" width=\"523\" height=\"391\" src=\"https:\/\/blog.fondation-ove.fr\/curieuxrencarts\/wp-content\/uploads\/sites\/77\/2021\/09\/Image6.jpg\" alt=\"\" data-id=\"373\" data-full-url=\"https:\/\/blog.fondation-ove.fr\/curieuxrencarts\/wp-content\/uploads\/sites\/77\/2021\/09\/Image6.jpg\" data-link=\"https:\/\/blog.fondation-ove.fr\/curieuxrencarts\/?attachment_id=373\" class=\"wp-image-373\" srcset=\"https:\/\/blog.fondation-ove.fr\/curieuxrencarts\/wp-content\/uploads\/sites\/77\/2021\/09\/Image6.jpg 523w, https:\/\/blog.fondation-ove.fr\/curieuxrencarts\/wp-content\/uploads\/sites\/77\/2021\/09\/Image6-300x224.jpg 300w\" sizes=\"auto, (max-width: 523px) 100vw, 523px\" \/><\/figure><\/li><li class=\"blocks-gallery-item\"><figure><img loading=\"lazy\" decoding=\"async\" width=\"520\" height=\"390\" src=\"https:\/\/blog.fondation-ove.fr\/curieuxrencarts\/wp-content\/uploads\/sites\/77\/2021\/09\/Image7.png\" alt=\"\" data-id=\"374\" data-full-url=\"https:\/\/blog.fondation-ove.fr\/curieuxrencarts\/wp-content\/uploads\/sites\/77\/2021\/09\/Image7.png\" data-link=\"https:\/\/blog.fondation-ove.fr\/curieuxrencarts\/?attachment_id=374\" class=\"wp-image-374\" srcset=\"https:\/\/blog.fondation-ove.fr\/curieuxrencarts\/wp-content\/uploads\/sites\/77\/2021\/09\/Image7.png 520w, https:\/\/blog.fondation-ove.fr\/curieuxrencarts\/wp-content\/uploads\/sites\/77\/2021\/09\/Image7-300x225.png 300w\" sizes=\"auto, (max-width: 520px) 100vw, 520px\" \/><\/figure><\/li><\/ul><\/figure>\n\n\n\n<p>Chacun a fait des propositions, puis a dessin\u00e9, comment\u00e9, ajout\u00e9. L\u2019heure d\u2019atelier est pass\u00e9e tr\u00e8s vite, trop vite. Puis est venu le temps de la mise en commun et de la restitution.<\/p>\n\n\n\n<p>Nous nous sommes retrouv\u00e9s dans le hall pour nous raconter tour \u00e0 tour le parcours du visiteur, tel que chaque groupe se l\u2019est imagin\u00e9. Certaines id\u00e9es ont fait consensus, d\u2019autres se sont compl\u00e9t\u00e9es.<\/p>\n\n\n\n<figure class=\"wp-block-gallery columns-2 is-cropped wp-block-gallery-3 is-layout-flex wp-block-gallery-is-layout-flex\"><ul class=\"blocks-gallery-grid\"><li class=\"blocks-gallery-item\"><figure><img loading=\"lazy\" decoding=\"async\" width=\"652\" height=\"489\" src=\"https:\/\/blog.fondation-ove.fr\/curieuxrencarts\/wp-content\/uploads\/sites\/77\/2021\/09\/Image10.jpg\" alt=\"\" data-id=\"376\" data-full-url=\"https:\/\/blog.fondation-ove.fr\/curieuxrencarts\/wp-content\/uploads\/sites\/77\/2021\/09\/Image10.jpg\" data-link=\"https:\/\/blog.fondation-ove.fr\/curieuxrencarts\/?attachment_id=376\" class=\"wp-image-376\" srcset=\"https:\/\/blog.fondation-ove.fr\/curieuxrencarts\/wp-content\/uploads\/sites\/77\/2021\/09\/Image10.jpg 652w, https:\/\/blog.fondation-ove.fr\/curieuxrencarts\/wp-content\/uploads\/sites\/77\/2021\/09\/Image10-300x225.jpg 300w\" sizes=\"auto, (max-width: 652px) 100vw, 652px\" \/><\/figure><\/li><li class=\"blocks-gallery-item\"><figure><img loading=\"lazy\" decoding=\"async\" width=\"660\" height=\"495\" src=\"https:\/\/blog.fondation-ove.fr\/curieuxrencarts\/wp-content\/uploads\/sites\/77\/2021\/09\/Image11.jpg\" alt=\"\" data-id=\"377\" data-full-url=\"https:\/\/blog.fondation-ove.fr\/curieuxrencarts\/wp-content\/uploads\/sites\/77\/2021\/09\/Image11.jpg\" data-link=\"https:\/\/blog.fondation-ove.fr\/curieuxrencarts\/?attachment_id=377\" class=\"wp-image-377\" srcset=\"https:\/\/blog.fondation-ove.fr\/curieuxrencarts\/wp-content\/uploads\/sites\/77\/2021\/09\/Image11.jpg 660w, https:\/\/blog.fondation-ove.fr\/curieuxrencarts\/wp-content\/uploads\/sites\/77\/2021\/09\/Image11-300x225.jpg 300w\" sizes=\"auto, (max-width: 660px) 100vw, 660px\" \/><\/figure><\/li><\/ul><\/figure>\n\n\n\n<p>En bilan&nbsp;de ce rendez-vous&nbsp;: les jeunes se sont tout de suite impliqu\u00e9s dans l\u2019atelier et se sont d\u00e9j\u00e0 projet\u00e9s \u00e0 fond dans l\u2019exposition, en imaginant m\u00eame des dispositifs \u00e0 pr\u00e9parer d\u2019ici le jour J&nbsp;: ajout de photos ici, personnalisation des supports des c\u00e9ramiques l\u00e0&#8230;<\/p>\n\n\n\n<p>Un premier petit groupe va donc se retrouver dans deux semaines pour commencer ensemble la mise en \u0153uvre de la sc\u00e9nographie, chacun ayant h\u00e2te de d\u00e9couvrir le r\u00e9sultat final. Avis donc aux curieux&nbsp;: l\u2019exposition sera \u00e0 d\u00e9couvrir \u00e0 l\u2019ESAT Myriade de Vaulx-en-Velin : rendez-vous \u00e0 la mi-novembre ! <\/p>\n\n\n\n<p> Pour celles et ceux int\u00e9ress\u00e9s pour d\u00e9couvrir en replay les <strong>reportages et \u00e9changes issus du Direct Radio,<\/strong> autour de ce renc&rsquo;Art \u00e0 l&rsquo;ESAT : <\/p>\n\n\n\n<figure class=\"wp-block-audio\"><audio controls src=\"http:\/\/blog.fondation-ove.fr\/curieuxrencarts\/wp-content\/uploads\/sites\/77\/2021\/10\/ESAT_Myriade.mp3\"><\/audio><\/figure>\n","protected":false},"excerpt":{"rendered":"<p>Quoi de plus r\u00e9jouissant que de terminer la semaine par un temps de rencontre et de d\u00e9couverte ? Vendredi 24 septembre matin, un groupe de jeunes de l\u2019ESAT Myriade et du SAVS s\u2019est retrouv\u00e9 \u00e0 l\u2019ESAT de Vaulx-en-Velin (69) en la compagnie des artistes Anne Maregiano, vid\u00e9aste, et Ingrid Saumur,&hellip; <\/p>\n","protected":false},"author":492,"featured_media":366,"comment_status":"closed","ping_status":"closed","sticky":false,"template":"","format":"standard","meta":{"ngg_post_thumbnail":0,"footnotes":""},"categories":[1],"tags":[],"class_list":["post-364","post","type-post","status-publish","format-standard","has-post-thumbnail","hentry","category-non-classe"],"_links":{"self":[{"href":"https:\/\/blog.fondation-ove.fr\/curieuxrencarts\/wp-json\/wp\/v2\/posts\/364","targetHints":{"allow":["GET"]}}],"collection":[{"href":"https:\/\/blog.fondation-ove.fr\/curieuxrencarts\/wp-json\/wp\/v2\/posts"}],"about":[{"href":"https:\/\/blog.fondation-ove.fr\/curieuxrencarts\/wp-json\/wp\/v2\/types\/post"}],"author":[{"embeddable":true,"href":"https:\/\/blog.fondation-ove.fr\/curieuxrencarts\/wp-json\/wp\/v2\/users\/492"}],"replies":[{"embeddable":true,"href":"https:\/\/blog.fondation-ove.fr\/curieuxrencarts\/wp-json\/wp\/v2\/comments?post=364"}],"version-history":[{"count":9,"href":"https:\/\/blog.fondation-ove.fr\/curieuxrencarts\/wp-json\/wp\/v2\/posts\/364\/revisions"}],"predecessor-version":[{"id":544,"href":"https:\/\/blog.fondation-ove.fr\/curieuxrencarts\/wp-json\/wp\/v2\/posts\/364\/revisions\/544"}],"wp:featuredmedia":[{"embeddable":true,"href":"https:\/\/blog.fondation-ove.fr\/curieuxrencarts\/wp-json\/wp\/v2\/media\/366"}],"wp:attachment":[{"href":"https:\/\/blog.fondation-ove.fr\/curieuxrencarts\/wp-json\/wp\/v2\/media?parent=364"}],"wp:term":[{"taxonomy":"category","embeddable":true,"href":"https:\/\/blog.fondation-ove.fr\/curieuxrencarts\/wp-json\/wp\/v2\/categories?post=364"},{"taxonomy":"post_tag","embeddable":true,"href":"https:\/\/blog.fondation-ove.fr\/curieuxrencarts\/wp-json\/wp\/v2\/tags?post=364"}],"curies":[{"name":"wp","href":"https:\/\/api.w.org\/{rel}","templated":true}]}}