{"id":304,"date":"2021-09-20T10:55:07","date_gmt":"2021-09-20T08:55:07","guid":{"rendered":"https:\/\/blog.fondation-ove.fr\/curieuxrencarts\/?p=304"},"modified":"2021-09-20T12:29:45","modified_gmt":"2021-09-20T10:29:45","slug":"les-arts-passent-murailles-1","status":"publish","type":"post","link":"https:\/\/blog.fondation-ove.fr\/curieuxrencarts\/2021\/09\/20\/les-arts-passent-murailles-1\/","title":{"rendered":"Les arts passent murailles #1"},"content":{"rendered":"\n<p>Mardi 14 septembre 2021, ce ne sont pas moins de 40 personnes qui \u00e9taient pr\u00e9sentes au FAM Romain Jacob, \u00e0 Paris (75), pour se pr\u00eater au jeu d\u2019une rencontre particuli\u00e8re&#8230;. Au programme&nbsp;: la d\u00e9couverte du Street-Art et la performance en direct de l\u2019artiste <a href=\"https:\/\/danhoo.fr\/\" target=\"_blank\" rel=\"noreferrer noopener\"><span class=\"has-inline-color has-vivid-cyan-blue-color\">Danh\u00f4o<\/span><\/a>.<\/p>\n\n\n\n<p class=\"has-medium-font-size\"><strong><em>Le street-art, c\u2019est quoi&nbsp;?<\/em><\/strong><\/p>\n\n\n\n<p>Le street-art, ou \u00ab&nbsp;art urbain&nbsp;\u00bb, est un mouvement artistique utilisant l&rsquo;espace public comme champ d&rsquo;intervention. Il englobe diverses techniques telles que le graffiti, le pochoir, la mosa\u00efque, le sticker, l&rsquo;affichage et le collage, la r\u00e9clame ou les installations comme le tricot urbain.<\/p>\n\n\n\n<p class=\"has-medium-font-size\"><strong><em>Comment s\u2019est d\u00e9roul\u00e9 l\u2019apr\u00e8s-midi&nbsp;?<\/em><\/strong><\/p>\n\n\n\n<p>Nous avons \u00e9t\u00e9 accueillis par M. Elmassian, directeur de l\u2019\u00e9tablissement, qui apr\u00e8s un mot de bienvenue, nous a pr\u00e9sent\u00e9 le Foyer d\u2019Accueil M\u00e9dicalis\u00e9 et ses activit\u00e9s. Celui-ci a notamment nou\u00e9 un partenariat avec le <a rel=\"noreferrer noopener\" href=\"https:\/\/www.palaisdetokyo.com\/\" data-type=\"URL\" data-id=\"https:\/\/www.palaisdetokyo.com\/\" target=\"_blank\"><span class=\"has-inline-color has-vivid-cyan-blue-color\">Palais de Tokyo<\/span><\/a> autour de cr\u00e9ations invit\u00e9es \u00e0 habiller les murs de la structure. De quoi donner envie de voir \u00e7a de plus pr\u00e8s&nbsp;!<\/p>\n\n\n\n<p>Place donc \u00e0 la visite. D\u00e8s le hall d&rsquo;entr\u00e9e, les \u0153uvres nous font face. Mais comment sont-elles venues s\u2019int\u00e9grer au sein du FAM&nbsp;? On nous explique que le foyer accueille des oeuvres de deux types&nbsp;: certaines r\u00e9alis\u00e9es par des artistes \u00ab\u00a0dans leur atelier\u00a0\u00bb et l\u00e9gu\u00e9es \u00e0 l\u2019\u00e9tablissement, mais la plupart r\u00e9alis\u00e9es in situ par les cr\u00e9ateurs. Et c\u2019est qu\u2019il y en a eu&nbsp;! Plus de 80 sont pass\u00e9s ici. Et la liste d\u2019attente est encore longue avec plus de 25 artistes en attente pour ajouter leur touche \u00e0 la Collection. Car pour eux, c&rsquo;est carte blanche !<\/p>\n\n\n\n<div class=\"wp-block-image\"><figure class=\"aligncenter size-large is-resized\"><img loading=\"lazy\" decoding=\"async\" src=\"https:\/\/blog.fondation-ove.fr\/curieuxrencarts\/wp-content\/uploads\/sites\/77\/2021\/09\/IMG_20210914_153015-1024x768.jpg\" alt=\"\" class=\"wp-image-305\" width=\"553\" height=\"414\" srcset=\"https:\/\/blog.fondation-ove.fr\/curieuxrencarts\/wp-content\/uploads\/sites\/77\/2021\/09\/IMG_20210914_153015-1024x768.jpg 1024w, https:\/\/blog.fondation-ove.fr\/curieuxrencarts\/wp-content\/uploads\/sites\/77\/2021\/09\/IMG_20210914_153015-300x225.jpg 300w, https:\/\/blog.fondation-ove.fr\/curieuxrencarts\/wp-content\/uploads\/sites\/77\/2021\/09\/IMG_20210914_153015-768x576.jpg 768w, https:\/\/blog.fondation-ove.fr\/curieuxrencarts\/wp-content\/uploads\/sites\/77\/2021\/09\/IMG_20210914_153015-1536x1152.jpg 1536w, https:\/\/blog.fondation-ove.fr\/curieuxrencarts\/wp-content\/uploads\/sites\/77\/2021\/09\/IMG_20210914_153015-2048x1536.jpg 2048w\" sizes=\"auto, (max-width: 553px) 100vw, 553px\" \/><\/figure><\/div>\n\n\n\n<figure class=\"wp-block-pullquote has-background has-white-background-color is-style-solid-color\"><blockquote class=\"has-text-color\" style=\"color:#eb0ee0\"><p>\u00ab\u00a0\u00c7a peut plaire ou pas, l&rsquo;important c&rsquo;est de ne pas laisser indiff\u00e9rent\u00a0\u00bb<\/p><cite>&#8211; Jean-Paul Elmassian, directeur du FAM Romain Jacob<\/cite><\/blockquote><\/figure>\n\n\n\n<p>Parcourant murs et couloirs, nous cheminons au fil des styles. Ici, une \u0153uvre magique de <a rel=\"noreferrer noopener\" href=\"https:\/\/www.combas.com\/\" data-type=\"URL\" data-id=\"https:\/\/www.combas.com\/\" target=\"_blank\">Combas<\/a>, l\u00e0, le dr\u00f4le de tigre color\u00e9 de <a rel=\"noreferrer noopener\" href=\"https:\/\/www.instagram.com\/christianguemy\/?hl=fr\" data-type=\"URL\" data-id=\"https:\/\/www.instagram.com\/christianguemy\/?hl=fr\" target=\"_blank\"><span class=\"has-inline-color has-vivid-cyan-blue-color\">C215<\/span><\/a> qui surveille les all\u00e9es et venues des visiteurs. A chaque \u00e9tage on d\u00e9couvre des dizaines de fresques aux compositions et propos singuliers. Le r\u00e8gne animal y a sa part belle, transformant le Foyer en v\u00e9ritable Arche de No\u00e9. On reconnait des r\u00e9f\u00e9rences \u00e0 l&rsquo;art m\u00e9di\u00e9val tout autant qu&rsquo;aux cultures populaires. Les \u0153uvres nous interpellent sur le monde comme il va (mal aussi parfois), ou nous invitent \u00e0 plus de qui\u00e9tude et de contemplation.<\/p>\n\n\n\n<figure class=\"wp-block-gallery columns-3 is-cropped wp-block-gallery-1 is-layout-flex wp-block-gallery-is-layout-flex\"><ul class=\"blocks-gallery-grid\"><li class=\"blocks-gallery-item\"><figure><img loading=\"lazy\" decoding=\"async\" width=\"1024\" height=\"768\" src=\"http:\/\/blog.fondation-ove.fr\/curieuxrencarts\/wp-content\/uploads\/sites\/77\/2021\/09\/IMG_20210914_154932-1024x768.jpg\" alt=\"\" data-id=\"310\" data-full-url=\"http:\/\/blog.fondation-ove.fr\/curieuxrencarts\/wp-content\/uploads\/sites\/77\/2021\/09\/IMG_20210914_154932-scaled.jpg\" data-link=\"https:\/\/blog.fondation-ove.fr\/curieuxrencarts\/img_20210914_154932\/\" class=\"wp-image-310\" srcset=\"https:\/\/blog.fondation-ove.fr\/curieuxrencarts\/wp-content\/uploads\/sites\/77\/2021\/09\/IMG_20210914_154932-1024x768.jpg 1024w, https:\/\/blog.fondation-ove.fr\/curieuxrencarts\/wp-content\/uploads\/sites\/77\/2021\/09\/IMG_20210914_154932-300x225.jpg 300w, https:\/\/blog.fondation-ove.fr\/curieuxrencarts\/wp-content\/uploads\/sites\/77\/2021\/09\/IMG_20210914_154932-768x576.jpg 768w, https:\/\/blog.fondation-ove.fr\/curieuxrencarts\/wp-content\/uploads\/sites\/77\/2021\/09\/IMG_20210914_154932-1536x1152.jpg 1536w, https:\/\/blog.fondation-ove.fr\/curieuxrencarts\/wp-content\/uploads\/sites\/77\/2021\/09\/IMG_20210914_154932-2048x1536.jpg 2048w\" sizes=\"auto, (max-width: 1024px) 100vw, 1024px\" \/><\/figure><\/li><li class=\"blocks-gallery-item\"><figure><img loading=\"lazy\" decoding=\"async\" width=\"1024\" height=\"768\" src=\"http:\/\/blog.fondation-ove.fr\/curieuxrencarts\/wp-content\/uploads\/sites\/77\/2021\/09\/IMG_20210914_152242-1024x768.jpg\" alt=\"\" data-id=\"314\" data-full-url=\"http:\/\/blog.fondation-ove.fr\/curieuxrencarts\/wp-content\/uploads\/sites\/77\/2021\/09\/IMG_20210914_152242-scaled.jpg\" data-link=\"https:\/\/blog.fondation-ove.fr\/curieuxrencarts\/img_20210914_152242\/\" class=\"wp-image-314\" srcset=\"https:\/\/blog.fondation-ove.fr\/curieuxrencarts\/wp-content\/uploads\/sites\/77\/2021\/09\/IMG_20210914_152242-1024x768.jpg 1024w, https:\/\/blog.fondation-ove.fr\/curieuxrencarts\/wp-content\/uploads\/sites\/77\/2021\/09\/IMG_20210914_152242-300x225.jpg 300w, https:\/\/blog.fondation-ove.fr\/curieuxrencarts\/wp-content\/uploads\/sites\/77\/2021\/09\/IMG_20210914_152242-768x576.jpg 768w, https:\/\/blog.fondation-ove.fr\/curieuxrencarts\/wp-content\/uploads\/sites\/77\/2021\/09\/IMG_20210914_152242-1536x1152.jpg 1536w, https:\/\/blog.fondation-ove.fr\/curieuxrencarts\/wp-content\/uploads\/sites\/77\/2021\/09\/IMG_20210914_152242-2048x1536.jpg 2048w\" sizes=\"auto, (max-width: 1024px) 100vw, 1024px\" \/><\/figure><\/li><li class=\"blocks-gallery-item\"><figure><img loading=\"lazy\" decoding=\"async\" width=\"1024\" height=\"768\" src=\"http:\/\/blog.fondation-ove.fr\/curieuxrencarts\/wp-content\/uploads\/sites\/77\/2021\/09\/IMG_20210914_153605-1024x768.jpg\" alt=\"\" data-id=\"312\" data-full-url=\"http:\/\/blog.fondation-ove.fr\/curieuxrencarts\/wp-content\/uploads\/sites\/77\/2021\/09\/IMG_20210914_153605-scaled.jpg\" data-link=\"https:\/\/blog.fondation-ove.fr\/curieuxrencarts\/img_20210914_153605\/\" class=\"wp-image-312\" srcset=\"https:\/\/blog.fondation-ove.fr\/curieuxrencarts\/wp-content\/uploads\/sites\/77\/2021\/09\/IMG_20210914_153605-1024x768.jpg 1024w, https:\/\/blog.fondation-ove.fr\/curieuxrencarts\/wp-content\/uploads\/sites\/77\/2021\/09\/IMG_20210914_153605-300x225.jpg 300w, https:\/\/blog.fondation-ove.fr\/curieuxrencarts\/wp-content\/uploads\/sites\/77\/2021\/09\/IMG_20210914_153605-768x576.jpg 768w, https:\/\/blog.fondation-ove.fr\/curieuxrencarts\/wp-content\/uploads\/sites\/77\/2021\/09\/IMG_20210914_153605-1536x1152.jpg 1536w, https:\/\/blog.fondation-ove.fr\/curieuxrencarts\/wp-content\/uploads\/sites\/77\/2021\/09\/IMG_20210914_153605-2048x1536.jpg 2048w\" sizes=\"auto, (max-width: 1024px) 100vw, 1024px\" \/><\/figure><\/li><\/ul><\/figure>\n\n\n\n<p>Le choix ici a \u00e9t\u00e9 d&rsquo;\u00eatre repr\u00e9sentatif de la population, qu&rsquo;il s&rsquo;agisse des r\u00e9sidents et r\u00e9sidentes, visiteurs et visiteuses et donc des cr\u00e9ateurs et cr\u00e9atrices invit\u00e9.e.s. Le milieu du Street-Art \u00e9tant tr\u00e8s masculin, une vigilance a donc \u00e9t\u00e9 port\u00e9e pour respecter la parit\u00e9 parmi les artistes invit\u00e9.E.s.<\/p>\n\n\n\n<figure class=\"wp-block-gallery columns-3 is-cropped wp-block-gallery-2 is-layout-flex wp-block-gallery-is-layout-flex\"><ul class=\"blocks-gallery-grid\"><li class=\"blocks-gallery-item\"><figure><img loading=\"lazy\" decoding=\"async\" width=\"1024\" height=\"768\" src=\"http:\/\/blog.fondation-ove.fr\/curieuxrencarts\/wp-content\/uploads\/sites\/77\/2021\/09\/IMG_20210914_152509-1024x768.jpg\" alt=\"\" data-id=\"313\" data-full-url=\"http:\/\/blog.fondation-ove.fr\/curieuxrencarts\/wp-content\/uploads\/sites\/77\/2021\/09\/IMG_20210914_152509-scaled.jpg\" data-link=\"https:\/\/blog.fondation-ove.fr\/curieuxrencarts\/img_20210914_152509\/\" class=\"wp-image-313\" srcset=\"https:\/\/blog.fondation-ove.fr\/curieuxrencarts\/wp-content\/uploads\/sites\/77\/2021\/09\/IMG_20210914_152509-1024x768.jpg 1024w, https:\/\/blog.fondation-ove.fr\/curieuxrencarts\/wp-content\/uploads\/sites\/77\/2021\/09\/IMG_20210914_152509-300x225.jpg 300w, https:\/\/blog.fondation-ove.fr\/curieuxrencarts\/wp-content\/uploads\/sites\/77\/2021\/09\/IMG_20210914_152509-768x576.jpg 768w, https:\/\/blog.fondation-ove.fr\/curieuxrencarts\/wp-content\/uploads\/sites\/77\/2021\/09\/IMG_20210914_152509-1536x1152.jpg 1536w, https:\/\/blog.fondation-ove.fr\/curieuxrencarts\/wp-content\/uploads\/sites\/77\/2021\/09\/IMG_20210914_152509-2048x1536.jpg 2048w\" sizes=\"auto, (max-width: 1024px) 100vw, 1024px\" \/><\/figure><\/li><li class=\"blocks-gallery-item\"><figure><img loading=\"lazy\" decoding=\"async\" width=\"1024\" height=\"768\" src=\"http:\/\/blog.fondation-ove.fr\/curieuxrencarts\/wp-content\/uploads\/sites\/77\/2021\/09\/IMG_20210914_153753-1024x768.jpg\" alt=\"\" data-id=\"311\" data-full-url=\"http:\/\/blog.fondation-ove.fr\/curieuxrencarts\/wp-content\/uploads\/sites\/77\/2021\/09\/IMG_20210914_153753-scaled.jpg\" data-link=\"https:\/\/blog.fondation-ove.fr\/curieuxrencarts\/img_20210914_153753\/\" class=\"wp-image-311\" srcset=\"https:\/\/blog.fondation-ove.fr\/curieuxrencarts\/wp-content\/uploads\/sites\/77\/2021\/09\/IMG_20210914_153753-1024x768.jpg 1024w, https:\/\/blog.fondation-ove.fr\/curieuxrencarts\/wp-content\/uploads\/sites\/77\/2021\/09\/IMG_20210914_153753-300x225.jpg 300w, https:\/\/blog.fondation-ove.fr\/curieuxrencarts\/wp-content\/uploads\/sites\/77\/2021\/09\/IMG_20210914_153753-768x576.jpg 768w, https:\/\/blog.fondation-ove.fr\/curieuxrencarts\/wp-content\/uploads\/sites\/77\/2021\/09\/IMG_20210914_153753-1536x1152.jpg 1536w, https:\/\/blog.fondation-ove.fr\/curieuxrencarts\/wp-content\/uploads\/sites\/77\/2021\/09\/IMG_20210914_153753-2048x1536.jpg 2048w\" sizes=\"auto, (max-width: 1024px) 100vw, 1024px\" \/><\/figure><\/li><li class=\"blocks-gallery-item\"><figure><img loading=\"lazy\" decoding=\"async\" width=\"1024\" height=\"768\" src=\"http:\/\/blog.fondation-ove.fr\/curieuxrencarts\/wp-content\/uploads\/sites\/77\/2021\/09\/IMG_20210914_150609-1024x768.jpg\" alt=\"\" data-id=\"315\" data-full-url=\"http:\/\/blog.fondation-ove.fr\/curieuxrencarts\/wp-content\/uploads\/sites\/77\/2021\/09\/IMG_20210914_150609-scaled.jpg\" data-link=\"https:\/\/blog.fondation-ove.fr\/curieuxrencarts\/img_20210914_150609\/\" class=\"wp-image-315\" srcset=\"https:\/\/blog.fondation-ove.fr\/curieuxrencarts\/wp-content\/uploads\/sites\/77\/2021\/09\/IMG_20210914_150609-1024x768.jpg 1024w, https:\/\/blog.fondation-ove.fr\/curieuxrencarts\/wp-content\/uploads\/sites\/77\/2021\/09\/IMG_20210914_150609-300x225.jpg 300w, https:\/\/blog.fondation-ove.fr\/curieuxrencarts\/wp-content\/uploads\/sites\/77\/2021\/09\/IMG_20210914_150609-768x576.jpg 768w, https:\/\/blog.fondation-ove.fr\/curieuxrencarts\/wp-content\/uploads\/sites\/77\/2021\/09\/IMG_20210914_150609-1536x1152.jpg 1536w, https:\/\/blog.fondation-ove.fr\/curieuxrencarts\/wp-content\/uploads\/sites\/77\/2021\/09\/IMG_20210914_150609-2048x1536.jpg 2048w\" sizes=\"auto, (max-width: 1024px) 100vw, 1024px\" \/><\/figure><\/li><\/ul><\/figure>\n\n\n\n<p>Des \u0153uvres inspirantes, que des personnes peuvent garder en m\u00e9moire pour leurs propres pratiques artistiques comme dans l&rsquo;atelier art-th\u00e9rapie du Foyer. Certaines fresques ont d&rsquo;ailleurs \u00e9t\u00e9 r\u00e9alis\u00e9es de fa\u00e7on collaborative : qu&rsquo;il s&rsquo;agisse de la rencontre entre 2 Streets-Artistes invit\u00e9s \u00e0 partager le mur, ou avec la participation de r\u00e9sidents du Foyer.<\/p>\n\n\n\n<p>Des \u0153uvres aussi \u00ab\u00a0\u00e9volutives\u00a0\u00bb puisque des d\u00e9tails peuvent \u00eatre ajout\u00e9s a posteriori en fonction des id\u00e9es et des d\u00e9sirs des habitants du lieu.<\/p>\n\n\n\n<p class=\"has-medium-font-size\"><strong><em>Et puis&#8230; la performance !<\/em><\/strong><\/p>\n\n\n\n<p>N\u00e9 en 1966, Danho\u00f4 est un artiste fran\u00e7ais d\u2019origine chinoise qui laisse entrevoir dans son travail des caract\u00e8res nous invitant \u00e0 un voyage particulier\u00a0: celui de l\u2019introspection. Nous avons eu la chance de pouvoir non seulement assister, mais aussi participer \u00e0 sa d\u00e9marche de cr\u00e9ation.<\/p>\n\n\n\n<figure class=\"wp-block-gallery columns-2 is-cropped wp-block-gallery-3 is-layout-flex wp-block-gallery-is-layout-flex\"><ul class=\"blocks-gallery-grid\"><li class=\"blocks-gallery-item\"><figure><img loading=\"lazy\" decoding=\"async\" width=\"1024\" height=\"768\" src=\"http:\/\/blog.fondation-ove.fr\/curieuxrencarts\/wp-content\/uploads\/sites\/77\/2021\/09\/IMG_20210914_160235-1024x768.jpg\" alt=\"\" data-id=\"309\" data-full-url=\"http:\/\/blog.fondation-ove.fr\/curieuxrencarts\/wp-content\/uploads\/sites\/77\/2021\/09\/IMG_20210914_160235-scaled.jpg\" data-link=\"https:\/\/blog.fondation-ove.fr\/curieuxrencarts\/img_20210914_160235\/\" class=\"wp-image-309\" srcset=\"https:\/\/blog.fondation-ove.fr\/curieuxrencarts\/wp-content\/uploads\/sites\/77\/2021\/09\/IMG_20210914_160235-1024x768.jpg 1024w, https:\/\/blog.fondation-ove.fr\/curieuxrencarts\/wp-content\/uploads\/sites\/77\/2021\/09\/IMG_20210914_160235-300x225.jpg 300w, https:\/\/blog.fondation-ove.fr\/curieuxrencarts\/wp-content\/uploads\/sites\/77\/2021\/09\/IMG_20210914_160235-768x576.jpg 768w, https:\/\/blog.fondation-ove.fr\/curieuxrencarts\/wp-content\/uploads\/sites\/77\/2021\/09\/IMG_20210914_160235-1536x1152.jpg 1536w, https:\/\/blog.fondation-ove.fr\/curieuxrencarts\/wp-content\/uploads\/sites\/77\/2021\/09\/IMG_20210914_160235-2048x1536.jpg 2048w\" sizes=\"auto, (max-width: 1024px) 100vw, 1024px\" \/><\/figure><\/li><li class=\"blocks-gallery-item\"><figure><img loading=\"lazy\" decoding=\"async\" width=\"1024\" height=\"768\" src=\"http:\/\/blog.fondation-ove.fr\/curieuxrencarts\/wp-content\/uploads\/sites\/77\/2021\/09\/IMG_20210914_1612441-1024x768.jpg\" alt=\"\" data-id=\"308\" data-full-url=\"http:\/\/blog.fondation-ove.fr\/curieuxrencarts\/wp-content\/uploads\/sites\/77\/2021\/09\/IMG_20210914_1612441-scaled.jpg\" data-link=\"https:\/\/blog.fondation-ove.fr\/curieuxrencarts\/img_20210914_1612441\/\" class=\"wp-image-308\" srcset=\"https:\/\/blog.fondation-ove.fr\/curieuxrencarts\/wp-content\/uploads\/sites\/77\/2021\/09\/IMG_20210914_1612441-1024x768.jpg 1024w, https:\/\/blog.fondation-ove.fr\/curieuxrencarts\/wp-content\/uploads\/sites\/77\/2021\/09\/IMG_20210914_1612441-300x225.jpg 300w, https:\/\/blog.fondation-ove.fr\/curieuxrencarts\/wp-content\/uploads\/sites\/77\/2021\/09\/IMG_20210914_1612441-768x576.jpg 768w, https:\/\/blog.fondation-ove.fr\/curieuxrencarts\/wp-content\/uploads\/sites\/77\/2021\/09\/IMG_20210914_1612441-1536x1152.jpg 1536w, https:\/\/blog.fondation-ove.fr\/curieuxrencarts\/wp-content\/uploads\/sites\/77\/2021\/09\/IMG_20210914_1612441-2048x1536.jpg 2048w\" sizes=\"auto, (max-width: 1024px) 100vw, 1024px\" \/><\/figure><\/li><\/ul><\/figure>\n\n\n\n<p>L&rsquo;artiste a d&rsquo;abord repr\u00e9sent\u00e9 un c\u0153ur avec de la peinture acrylique, puis il a dispos\u00e9 de la peinture \u00e0 diff\u00e9rents endroits avant de donner le pinceau aux personnes pr\u00e9sentes. Il y avait diff\u00e9rents nuances de bleu et du noir. Chacun \u00e9tait libre de faire ce qu&rsquo;il voulait (\u00e9crire, dessiner,&#8230;). Tout le monde a pu apporter sa touche personnelle. L\u2019\u0153uvre s&rsquo;est form\u00e9e en une succession de couches, les formes r\u00e9alis\u00e9es se superposant les unes aux autres.\u00a0 <\/p>\n\n\n\n<p><\/p>\n\n\n\n<p class=\"has-medium-font-size\"><strong><em>L&rsquo;heure du bilan&#8230;.<\/em><\/strong><\/p>\n\n\n\n<p>Les participants ont sembl\u00e9 appr\u00e9cier l&rsquo;ambiance, l&rsquo;id\u00e9e de cr\u00e9er une \u0153uvre collective ainsi que le rendu final. Certains sont rest\u00e9s devant pour l&rsquo;observer et en discuter ensemble. L&rsquo;ensemble des personnes ont particip\u00e9, m\u00eame celles qui ne montrent pas particuli\u00e8rement d&rsquo;int\u00e9r\u00eat \u00e0 la peinture habituellement.<\/p>\n\n\n\n<p><br><\/p>\n\n\n\n<figure class=\"wp-block-pullquote is-style-solid-color\"><blockquote class=\"has-text-color\" style=\"color:#ef22ec\"><p>\u00ab\u00a0L&rsquo;artiste est venu au foyer en toute humilit\u00e9 avec<\/p><p> le d\u00e9sir de partager un moment, une cr\u00e9ation,<\/p><p> avec les personnes qu&rsquo;il allait rencontrer, <\/p><p>et on peut dire que c&rsquo;est r\u00e9ussi ! Ce fut une belle<\/p><p> exp\u00e9rience. Recevoir les personnes du Centre Robert<\/p><p> Doisneau \u00e9tait tr\u00e8s agr\u00e9able, \u00e7a fait du bien <\/p><p>de s&rsquo;ouvrir de nouveau \u00e0 l&rsquo;ext\u00e9rieur apr\u00e8s tous <\/p><p>ces mois de repli.\u00a0\u00bb<\/p><cite>Delphine Volpoet, \u00e9ducatrice et r\u00e9f\u00e9rente culture au FAM Romain Jacob<\/cite><\/blockquote><\/figure>\n\n\n\n<p>Enfin, pour terminer cet agr\u00e9able apr\u00e8s-midi, on nous a parl\u00e9 d\u2019un beau projet en perspectives\u00a0: partir avec des r\u00e9sidents du FAM visiter l&rsquo;une des capitales du Street-Art : Berlin\u2026 ou New York ! Pour cela, le Foyer use d&rsquo;ing\u00e9niosit\u00e9 pour r\u00e9unir les fonds n\u00e9cessaires, comme la vente d&rsquo;objets d\u00e9riv\u00e9s tir\u00e9s des \u0153uvres originales de ses murs.<\/p>\n\n\n\n<p>Et puis bien s\u00fbr, quand on parle de regards crois\u00e9s\u2026 Il faut vous le dire : nous avions une artiste parmi les r\u00e9sidents invit\u00e9s du CRD, Mme Diakhat\u00e9&nbsp;: une belle rencontre entre elle et l&rsquo;\u00e9quipe du FAM. Avec peut-\u00eatre l&rsquo;id\u00e9e qu&rsquo;elle vienne cr\u00e9er quelque chose sur l&rsquo;un des (derniers ! ) murs restant&#8230;<\/p>\n\n\n\n<div class=\"wp-block-image is-style-rounded\"><figure class=\"aligncenter size-large is-resized\"><img loading=\"lazy\" decoding=\"async\" src=\"http:\/\/blog.fondation-ove.fr\/curieuxrencarts\/wp-content\/uploads\/sites\/77\/2021\/09\/IMG_20210914_154527-1024x768.jpg\" alt=\"\" class=\"wp-image-316\" width=\"360\" height=\"270\" srcset=\"https:\/\/blog.fondation-ove.fr\/curieuxrencarts\/wp-content\/uploads\/sites\/77\/2021\/09\/IMG_20210914_154527-1024x768.jpg 1024w, https:\/\/blog.fondation-ove.fr\/curieuxrencarts\/wp-content\/uploads\/sites\/77\/2021\/09\/IMG_20210914_154527-300x225.jpg 300w, https:\/\/blog.fondation-ove.fr\/curieuxrencarts\/wp-content\/uploads\/sites\/77\/2021\/09\/IMG_20210914_154527-768x576.jpg 768w, https:\/\/blog.fondation-ove.fr\/curieuxrencarts\/wp-content\/uploads\/sites\/77\/2021\/09\/IMG_20210914_154527-1536x1152.jpg 1536w, https:\/\/blog.fondation-ove.fr\/curieuxrencarts\/wp-content\/uploads\/sites\/77\/2021\/09\/IMG_20210914_154527-2048x1536.jpg 2048w\" sizes=\"auto, (max-width: 360px) 100vw, 360px\" \/><figcaption>Mme Diakhat\u00e9, artiste et r\u00e9sidente du CRD, et Delphine Volpoet, \u00e9ducatrice et r\u00e9f\u00e9rente Culture au FAM Romain Jacob<\/figcaption><\/figure><\/div>\n\n\n\n<figure class=\"wp-block-pullquote is-style-solid-color\"><blockquote class=\"has-text-color\" style=\"color:#ef22ec\"><p>\u00ab\u00a0Nous tenons \u00e0 remercier toute l&rsquo;\u00e9quipe<\/p><p>du FAM Romain Jacob pour ce moment<\/p><p>magique dans leurs locaux\u00a0\u00bb<\/p><cite>Natacha Berger, coordinatrice \u00e9ducative et co-r\u00e9f\u00e9rente culture au Centre Robert Doisneau<\/cite><\/blockquote><\/figure>\n","protected":false},"excerpt":{"rendered":"<p>Mardi 14 septembre 2021, ce ne sont pas moins de 40 personnes qui \u00e9taient pr\u00e9sentes au FAM Romain Jacob, \u00e0 Paris (75), pour se pr\u00eater au jeu d\u2019une rencontre particuli\u00e8re&#8230;. Au programme&nbsp;: la d\u00e9couverte du Street-Art et la performance en direct de l\u2019artiste Danh\u00f4o. Le street-art, c\u2019est quoi&nbsp;? Le street-art,&hellip; <\/p>\n","protected":false},"author":492,"featured_media":321,"comment_status":"closed","ping_status":"closed","sticky":false,"template":"","format":"standard","meta":{"ngg_post_thumbnail":0,"footnotes":""},"categories":[1],"tags":[],"class_list":["post-304","post","type-post","status-publish","format-standard","has-post-thumbnail","hentry","category-non-classe"],"_links":{"self":[{"href":"https:\/\/blog.fondation-ove.fr\/curieuxrencarts\/wp-json\/wp\/v2\/posts\/304","targetHints":{"allow":["GET"]}}],"collection":[{"href":"https:\/\/blog.fondation-ove.fr\/curieuxrencarts\/wp-json\/wp\/v2\/posts"}],"about":[{"href":"https:\/\/blog.fondation-ove.fr\/curieuxrencarts\/wp-json\/wp\/v2\/types\/post"}],"author":[{"embeddable":true,"href":"https:\/\/blog.fondation-ove.fr\/curieuxrencarts\/wp-json\/wp\/v2\/users\/492"}],"replies":[{"embeddable":true,"href":"https:\/\/blog.fondation-ove.fr\/curieuxrencarts\/wp-json\/wp\/v2\/comments?post=304"}],"version-history":[{"count":14,"href":"https:\/\/blog.fondation-ove.fr\/curieuxrencarts\/wp-json\/wp\/v2\/posts\/304\/revisions"}],"predecessor-version":[{"id":347,"href":"https:\/\/blog.fondation-ove.fr\/curieuxrencarts\/wp-json\/wp\/v2\/posts\/304\/revisions\/347"}],"wp:featuredmedia":[{"embeddable":true,"href":"https:\/\/blog.fondation-ove.fr\/curieuxrencarts\/wp-json\/wp\/v2\/media\/321"}],"wp:attachment":[{"href":"https:\/\/blog.fondation-ove.fr\/curieuxrencarts\/wp-json\/wp\/v2\/media?parent=304"}],"wp:term":[{"taxonomy":"category","embeddable":true,"href":"https:\/\/blog.fondation-ove.fr\/curieuxrencarts\/wp-json\/wp\/v2\/categories?post=304"},{"taxonomy":"post_tag","embeddable":true,"href":"https:\/\/blog.fondation-ove.fr\/curieuxrencarts\/wp-json\/wp\/v2\/tags?post=304"}],"curies":[{"name":"wp","href":"https:\/\/api.w.org\/{rel}","templated":true}]}}