{"id":285,"date":"2021-09-17T12:22:03","date_gmt":"2021-09-17T10:22:03","guid":{"rendered":"https:\/\/blog.fondation-ove.fr\/curieuxrencarts\/?p=285"},"modified":"2021-10-27T14:02:37","modified_gmt":"2021-10-27T12:02:37","slug":"balade-en-micro-folie-2","status":"publish","type":"post","link":"https:\/\/blog.fondation-ove.fr\/curieuxrencarts\/2021\/09\/17\/balade-en-micro-folie-2\/","title":{"rendered":"Balade en micro-folie #2"},"content":{"rendered":"\n<p>En ce jeudi 16 septembre apr\u00e8s-midi, rendez-vous \u00e0 la micro-folie de Villeurbanne pour les jeunes des appartements de soutien de Faverges, du Sessad professionnel et de l\u2019ESAT Myriade. Au programme&nbsp;: d\u00e9couverte de la micro-folie et de son fablab.<\/p>\n\n\n\n<p class=\"has-medium-font-size\"><strong><em>Une micro-folie\u2026\u2026 kesako&nbsp;?<\/em><\/strong><\/p>\n\n\n\n<p>C\u2019est une sorte de \u00ab&nbsp;mus\u00e9e num\u00e9rique&nbsp;\u00bb, dont le dispositif est coordonn\u00e9 et soutenu par la Villette \u00e0 Paris. Elle vise \u00e0 offrir \u00e0 tous et sur un maximum de territoires, y compris l\u00e0 o\u00f9 les \u00e9quipements culturels se font rares, un espace de partage autour d\u2019\u0153uvres culturelles et un lieu o\u00f9 d\u00e9velopper sa pratique num\u00e9rique.<\/p>\n\n\n\n<p class=\"has-medium-font-size\"><strong><em>Concr\u00e8tement, comment s\u2019est pass\u00e9 l\u2019apr\u00e8s-midi&nbsp;?<\/em><\/strong><\/p>\n\n\n\n<p>Nous avons \u00e9t\u00e9 accueillis par les jeunes des appartements de soutien de Faverges, venus ce jour-l\u00e0 de Haute-Savoie sp\u00e9cialement pour nous pr\u00e9senter le fruit de leur travail de cette ann\u00e9e. A l\u2019honneur, 3 courts-m\u00e9trages r\u00e9alis\u00e9s \u00e0 partir de textes de Victor Hugo. A leurs c\u00f4t\u00e9s, le com\u00e9dien et r\u00e9alisateur Pierre Grammont, ayant coordonn\u00e9 le projet.<\/p>\n\n\n\n<p>Nous avons tout d\u2019abord visionn\u00e9 le \u00ab&nbsp;making-off&nbsp;\u00bb du film, qui montrait les coulisses de la pr\u00e9paration et du tournage. De quoi nous mettre en app\u00e9tit\u2026 Vite, on voulait voir le r\u00e9sultat&nbsp;!<\/p>\n\n\n\n<p>Apr\u00e8s le visionnage des courts-m\u00e9trages, les jeunes de Faverges comme Pierre Gramont se sont pr\u00eat\u00e9s au jeu des questions-r\u00e9ponses. Musique, effets sp\u00e9ciaux, diff\u00e9rence de ressenti entre th\u00e9\u00e2tre et cin\u00e9ma\u2026 T\u00e9moignages crois\u00e9s des uns et des autres, face \u00e0 un public admiratif de la maitrise des acteurs face \u00e0 la complexit\u00e9 des textes choisis et la justesse de leur jeu d\u2019acteur.<\/p>\n\n\n\n<div class=\"wp-block-image\"><figure class=\"aligncenter size-large is-resized\"><img loading=\"lazy\" decoding=\"async\" src=\"https:\/\/blog.fondation-ove.fr\/curieuxrencarts\/wp-content\/uploads\/sites\/77\/2021\/09\/IMG_20210916_143231-1-1024x768.jpg\" alt=\"\" class=\"wp-image-300\" width=\"395\" height=\"296\" srcset=\"https:\/\/blog.fondation-ove.fr\/curieuxrencarts\/wp-content\/uploads\/sites\/77\/2021\/09\/IMG_20210916_143231-1-1024x768.jpg 1024w, https:\/\/blog.fondation-ove.fr\/curieuxrencarts\/wp-content\/uploads\/sites\/77\/2021\/09\/IMG_20210916_143231-1-300x225.jpg 300w, https:\/\/blog.fondation-ove.fr\/curieuxrencarts\/wp-content\/uploads\/sites\/77\/2021\/09\/IMG_20210916_143231-1-768x576.jpg 768w, https:\/\/blog.fondation-ove.fr\/curieuxrencarts\/wp-content\/uploads\/sites\/77\/2021\/09\/IMG_20210916_143231-1-1536x1152.jpg 1536w, https:\/\/blog.fondation-ove.fr\/curieuxrencarts\/wp-content\/uploads\/sites\/77\/2021\/09\/IMG_20210916_143231-1-2048x1536.jpg 2048w\" sizes=\"auto, (max-width: 395px) 100vw, 395px\" \/><\/figure><\/div>\n\n\n\n<figure class=\"wp-block-pullquote is-style-solid-color\"><blockquote class=\"has-text-color\" style=\"color:#ef22ec\"><p>\u00ab\u00a0C&rsquo;\u00e9tait bien de voir d&rsquo;abord le<\/p><p>making-off et apr\u00e8s les films, \u00e7a <\/p><p>permet de se rendre compte de <\/p><p>tout le travail que \u00e7a repr\u00e9sente !\u00a0\u00bb<\/p><cite>&#8211; Martine Wagner, \u00e9ducatrice du Sessad professionnel<\/cite><\/blockquote><\/figure>\n\n\n\n<p>Direction ensuite le deuxi\u00e8me \u00e9tage pour la deuxi\u00e8me partie de l\u2019apr\u00e8s-midi&nbsp;: l\u2019atelier fablab.<\/p>\n\n\n\n<p class=\"has-medium-font-size\"><strong><em>Un fablab\u2026 c\u2019est quoi&nbsp;?<\/em><\/strong><\/p>\n\n\n\n<p>Fablab ou \u00ab&nbsp;laboratoire de fabrication&nbsp;\u00bb, c\u2019est un espace mettant \u00e0 disposition tout un \u00e9quipement pour r\u00e9aliser librement ou de mani\u00e8re accompagn\u00e9e des projets innovants et cr\u00e9atifs. Les participants de Faverges ayant eu l\u2019occasion d\u2019exp\u00e9rimenter le fablab de la micro-folie de leur ville, ils ont partag\u00e9 avec nous leur exp\u00e9rience face \u00e0 ces curieux outils.<\/p>\n\n\n\n<p>Pendant que certains s\u2019essayaient au stylo 3D (pas si simple au d\u00e9but, mais un tour de main assez vite pris gr\u00e2ce aux conseils de nos camarades)\u2026<\/p>\n\n\n\n<figure class=\"wp-block-gallery columns-3 is-cropped wp-block-gallery-1 is-layout-flex wp-block-gallery-is-layout-flex\"><ul class=\"blocks-gallery-grid\"><li class=\"blocks-gallery-item\"><figure><img loading=\"lazy\" decoding=\"async\" width=\"1024\" height=\"768\" src=\"https:\/\/blog.fondation-ove.fr\/curieuxrencarts\/wp-content\/uploads\/sites\/77\/2021\/09\/IMG_20210916_152342-1024x768.jpg\" alt=\"\" data-id=\"286\" data-full-url=\"https:\/\/blog.fondation-ove.fr\/curieuxrencarts\/wp-content\/uploads\/sites\/77\/2021\/09\/IMG_20210916_152342-scaled.jpg\" data-link=\"https:\/\/blog.fondation-ove.fr\/curieuxrencarts\/?attachment_id=286\" class=\"wp-image-286\" srcset=\"https:\/\/blog.fondation-ove.fr\/curieuxrencarts\/wp-content\/uploads\/sites\/77\/2021\/09\/IMG_20210916_152342-1024x768.jpg 1024w, https:\/\/blog.fondation-ove.fr\/curieuxrencarts\/wp-content\/uploads\/sites\/77\/2021\/09\/IMG_20210916_152342-300x225.jpg 300w, https:\/\/blog.fondation-ove.fr\/curieuxrencarts\/wp-content\/uploads\/sites\/77\/2021\/09\/IMG_20210916_152342-768x576.jpg 768w, https:\/\/blog.fondation-ove.fr\/curieuxrencarts\/wp-content\/uploads\/sites\/77\/2021\/09\/IMG_20210916_152342-1536x1152.jpg 1536w, https:\/\/blog.fondation-ove.fr\/curieuxrencarts\/wp-content\/uploads\/sites\/77\/2021\/09\/IMG_20210916_152342-2048x1536.jpg 2048w\" sizes=\"auto, (max-width: 1024px) 100vw, 1024px\" \/><\/figure><\/li><li class=\"blocks-gallery-item\"><figure><img loading=\"lazy\" decoding=\"async\" width=\"1024\" height=\"768\" src=\"https:\/\/blog.fondation-ove.fr\/curieuxrencarts\/wp-content\/uploads\/sites\/77\/2021\/09\/IMG_20210916_153021-1024x768.jpg\" alt=\"\" data-id=\"287\" data-full-url=\"https:\/\/blog.fondation-ove.fr\/curieuxrencarts\/wp-content\/uploads\/sites\/77\/2021\/09\/IMG_20210916_153021-scaled.jpg\" data-link=\"https:\/\/blog.fondation-ove.fr\/curieuxrencarts\/?attachment_id=287\" class=\"wp-image-287\" srcset=\"https:\/\/blog.fondation-ove.fr\/curieuxrencarts\/wp-content\/uploads\/sites\/77\/2021\/09\/IMG_20210916_153021-1024x768.jpg 1024w, https:\/\/blog.fondation-ove.fr\/curieuxrencarts\/wp-content\/uploads\/sites\/77\/2021\/09\/IMG_20210916_153021-300x225.jpg 300w, https:\/\/blog.fondation-ove.fr\/curieuxrencarts\/wp-content\/uploads\/sites\/77\/2021\/09\/IMG_20210916_153021-768x576.jpg 768w, https:\/\/blog.fondation-ove.fr\/curieuxrencarts\/wp-content\/uploads\/sites\/77\/2021\/09\/IMG_20210916_153021-1536x1152.jpg 1536w, https:\/\/blog.fondation-ove.fr\/curieuxrencarts\/wp-content\/uploads\/sites\/77\/2021\/09\/IMG_20210916_153021-2048x1536.jpg 2048w\" sizes=\"auto, (max-width: 1024px) 100vw, 1024px\" \/><\/figure><\/li><li class=\"blocks-gallery-item\"><figure><img loading=\"lazy\" decoding=\"async\" width=\"1024\" height=\"768\" src=\"https:\/\/blog.fondation-ove.fr\/curieuxrencarts\/wp-content\/uploads\/sites\/77\/2021\/09\/IMG_20210916_153146-1024x768.jpg\" alt=\"\" data-id=\"288\" data-full-url=\"https:\/\/blog.fondation-ove.fr\/curieuxrencarts\/wp-content\/uploads\/sites\/77\/2021\/09\/IMG_20210916_153146-scaled.jpg\" data-link=\"https:\/\/blog.fondation-ove.fr\/curieuxrencarts\/?attachment_id=288\" class=\"wp-image-288\" srcset=\"https:\/\/blog.fondation-ove.fr\/curieuxrencarts\/wp-content\/uploads\/sites\/77\/2021\/09\/IMG_20210916_153146-1024x768.jpg 1024w, https:\/\/blog.fondation-ove.fr\/curieuxrencarts\/wp-content\/uploads\/sites\/77\/2021\/09\/IMG_20210916_153146-300x225.jpg 300w, https:\/\/blog.fondation-ove.fr\/curieuxrencarts\/wp-content\/uploads\/sites\/77\/2021\/09\/IMG_20210916_153146-768x576.jpg 768w, https:\/\/blog.fondation-ove.fr\/curieuxrencarts\/wp-content\/uploads\/sites\/77\/2021\/09\/IMG_20210916_153146-1536x1152.jpg 1536w, https:\/\/blog.fondation-ove.fr\/curieuxrencarts\/wp-content\/uploads\/sites\/77\/2021\/09\/IMG_20210916_153146-2048x1536.jpg 2048w\" sizes=\"auto, (max-width: 1024px) 100vw, 1024px\" \/><\/figure><\/li><\/ul><\/figure>\n\n\n\n<p>\u2026 d\u2019autres \u00e9coutaient les explications du m\u00e9diateur de la micro-folie autour de l\u2019imprimante 3D et de la graveuse, aux mouvements hypnotisants.<\/p>\n\n\n\n<div class=\"wp-block-image\"><figure class=\"aligncenter size-large is-resized\"><img decoding=\"async\" src=\"https:\/\/blog.fondation-ove.fr\/curieuxrencarts\/wp-content\/uploads\/sites\/77\/2021\/09\/IMG_20210916_155138-768x1024.jpg\" alt=\"\" class=\"wp-image-289\" width=\"-463\" height=\"-616\" srcset=\"https:\/\/blog.fondation-ove.fr\/curieuxrencarts\/wp-content\/uploads\/sites\/77\/2021\/09\/IMG_20210916_155138-768x1024.jpg 768w, https:\/\/blog.fondation-ove.fr\/curieuxrencarts\/wp-content\/uploads\/sites\/77\/2021\/09\/IMG_20210916_155138-225x300.jpg 225w, https:\/\/blog.fondation-ove.fr\/curieuxrencarts\/wp-content\/uploads\/sites\/77\/2021\/09\/IMG_20210916_155138-1152x1536.jpg 1152w, https:\/\/blog.fondation-ove.fr\/curieuxrencarts\/wp-content\/uploads\/sites\/77\/2021\/09\/IMG_20210916_155138-1536x2048.jpg 1536w, https:\/\/blog.fondation-ove.fr\/curieuxrencarts\/wp-content\/uploads\/sites\/77\/2021\/09\/IMG_20210916_155138-scaled.jpg 1920w\" sizes=\"(max-width: 768px) 100vw, 768px\" \/><\/figure><\/div>\n\n\n\n<p>En bilan&nbsp;de ce rendez-vous&nbsp;: un beau moment d\u2019\u00e9change, de d\u00e9couvertes et de pratiques, capt\u00e9 par deux documentaristes sonores et deux jeunes apprentis-reporters, pr\u00e9sents pour r\u00e9aliser un petit reportage en vue du Direct Radio final, \u00e0 venir le 1<sup>er<\/sup> octobre pour clore le mois des Curieux renc\u2019Arts.<\/p>\n\n\n\n<div class=\"wp-block-image\"><figure class=\"aligncenter size-large is-resized\"><img loading=\"lazy\" decoding=\"async\" src=\"https:\/\/blog.fondation-ove.fr\/curieuxrencarts\/wp-content\/uploads\/sites\/77\/2021\/09\/IMG_20210916_153519-3-768x1024.jpg\" alt=\"\" class=\"wp-image-295\" width=\"242\" height=\"323\" srcset=\"https:\/\/blog.fondation-ove.fr\/curieuxrencarts\/wp-content\/uploads\/sites\/77\/2021\/09\/IMG_20210916_153519-3-768x1024.jpg 768w, https:\/\/blog.fondation-ove.fr\/curieuxrencarts\/wp-content\/uploads\/sites\/77\/2021\/09\/IMG_20210916_153519-3-225x300.jpg 225w, https:\/\/blog.fondation-ove.fr\/curieuxrencarts\/wp-content\/uploads\/sites\/77\/2021\/09\/IMG_20210916_153519-3-1152x1536.jpg 1152w, https:\/\/blog.fondation-ove.fr\/curieuxrencarts\/wp-content\/uploads\/sites\/77\/2021\/09\/IMG_20210916_153519-3-1536x2048.jpg 1536w, https:\/\/blog.fondation-ove.fr\/curieuxrencarts\/wp-content\/uploads\/sites\/77\/2021\/09\/IMG_20210916_153519-3-scaled.jpg 1920w\" sizes=\"auto, (max-width: 242px) 100vw, 242px\" \/><\/figure><\/div>\n\n\n\n<figure class=\"wp-block-pullquote is-style-solid-color\"><blockquote class=\"has-text-color\" style=\"color:#ef22ec\"><p>\u00ab\u00a0<em>Ce qui nous a marqu\u00e9 dans cette journ\u00e9e,<\/em><\/p><p><em>c&rsquo;est le parc de la micro-folie de Villeurbanne :<\/em><\/p><p><em>un espace partag\u00e9 entre du coworking,<\/em><\/p><p><em>des exp\u00e9rimentations artistiques et des associations.<\/em><\/p><p><em>De quoi susciter la surprise et la curiosit\u00e9 <\/em><\/p><p><em>des personnes accompagn\u00e9es.<\/em>\u00ab\u00a0<\/p><cite>Edith Pecheur, \u00e9ducatrice et r\u00e9f\u00e9rente culture aux Appartements de soutien de Faverges<\/cite><\/blockquote><\/figure>\n\n\n\n<p>Pour celles et ceux int\u00e9ress\u00e9s pour d\u00e9couvrir en replay les <strong>reportages et \u00e9changes issus du Direct Radio,<\/strong> autour des micro-folies :<\/p>\n\n\n\n<figure class=\"wp-block-audio\"><audio controls src=\"http:\/\/blog.fondation-ove.fr\/curieuxrencarts\/wp-content\/uploads\/sites\/77\/2021\/10\/Direct_Curieux_Part-1_microfolies.mp3\"><\/audio><\/figure>\n","protected":false},"excerpt":{"rendered":"<p>En ce jeudi 16 septembre apr\u00e8s-midi, rendez-vous \u00e0 la micro-folie de Villeurbanne pour les jeunes des appartements de soutien de Faverges, du Sessad professionnel et de l\u2019ESAT Myriade. Au programme&nbsp;: d\u00e9couverte de la micro-folie et de son fablab. Une micro-folie\u2026\u2026 kesako&nbsp;? C\u2019est une sorte de \u00ab&nbsp;mus\u00e9e num\u00e9rique&nbsp;\u00bb, dont le dispositif&hellip; <\/p>\n","protected":false},"author":492,"featured_media":297,"comment_status":"closed","ping_status":"closed","sticky":false,"template":"","format":"standard","meta":{"ngg_post_thumbnail":0,"footnotes":""},"categories":[1],"tags":[],"class_list":["post-285","post","type-post","status-publish","format-standard","has-post-thumbnail","hentry","category-non-classe"],"_links":{"self":[{"href":"https:\/\/blog.fondation-ove.fr\/curieuxrencarts\/wp-json\/wp\/v2\/posts\/285","targetHints":{"allow":["GET"]}}],"collection":[{"href":"https:\/\/blog.fondation-ove.fr\/curieuxrencarts\/wp-json\/wp\/v2\/posts"}],"about":[{"href":"https:\/\/blog.fondation-ove.fr\/curieuxrencarts\/wp-json\/wp\/v2\/types\/post"}],"author":[{"embeddable":true,"href":"https:\/\/blog.fondation-ove.fr\/curieuxrencarts\/wp-json\/wp\/v2\/users\/492"}],"replies":[{"embeddable":true,"href":"https:\/\/blog.fondation-ove.fr\/curieuxrencarts\/wp-json\/wp\/v2\/comments?post=285"}],"version-history":[{"count":13,"href":"https:\/\/blog.fondation-ove.fr\/curieuxrencarts\/wp-json\/wp\/v2\/posts\/285\/revisions"}],"predecessor-version":[{"id":519,"href":"https:\/\/blog.fondation-ove.fr\/curieuxrencarts\/wp-json\/wp\/v2\/posts\/285\/revisions\/519"}],"wp:featuredmedia":[{"embeddable":true,"href":"https:\/\/blog.fondation-ove.fr\/curieuxrencarts\/wp-json\/wp\/v2\/media\/297"}],"wp:attachment":[{"href":"https:\/\/blog.fondation-ove.fr\/curieuxrencarts\/wp-json\/wp\/v2\/media?parent=285"}],"wp:term":[{"taxonomy":"category","embeddable":true,"href":"https:\/\/blog.fondation-ove.fr\/curieuxrencarts\/wp-json\/wp\/v2\/categories?post=285"},{"taxonomy":"post_tag","embeddable":true,"href":"https:\/\/blog.fondation-ove.fr\/curieuxrencarts\/wp-json\/wp\/v2\/tags?post=285"}],"curies":[{"name":"wp","href":"https:\/\/api.w.org\/{rel}","templated":true}]}}