{"id":235,"date":"2021-09-16T08:51:56","date_gmt":"2021-09-16T06:51:56","guid":{"rendered":"https:\/\/blog.fondation-ove.fr\/curieuxrencarts\/?p=235"},"modified":"2021-10-27T14:40:41","modified_gmt":"2021-10-27T12:40:41","slug":"de-jolies-rencontres-2","status":"publish","type":"post","link":"https:\/\/blog.fondation-ove.fr\/curieuxrencarts\/2021\/09\/16\/de-jolies-rencontres-2\/","title":{"rendered":"De jolies rencontres #2"},"content":{"rendered":"\n<p>Apr\u00e8s un curieux renc\u2019art <a rel=\"noreferrer noopener\" href=\"https:\/\/blog.fondation-ove.fr\/curieuxrencarts\/2021\/09\/13\/de-jolies-rencontres-1\/\" data-type=\"URL\" data-id=\"https:\/\/blog.fondation-ove.fr\/curieuxrencarts\/2021\/09\/13\/de-jolies-rencontres-1\/\" target=\"_blank\"><span style=\"color:#1500a3\" class=\"has-inline-color\">autour de la danse insclusive<\/span><\/a>, c\u2019est au tour des r\u00e9sidents du Centre de vie PasseRaile Magny d\u2019accueillir le groupe PasseRaile d\u2019Herblay dans leurs murs pour une nouvelle d\u00e9couverte artistique. Au programme de ce lundi 13 septembre apr\u00e8s-midi&nbsp;: un temps d\u2019\u00e9change et de pratique de l\u2019image, et toujours une m\u00eame th\u00e9matique pour point de ralliement, <em>la rencontre<\/em>.<\/p>\n\n\n\n<p>Nous sommes pour cela accompagn\u00e9s de deux photographes professionnels, Adrienne Surprenant et Philippe Somnolet, chacun avec une approche qui lui est propre. Journaliste pour l\u2019une, anthropologue pour l\u2019autre. Tous deux r\u00e9unis au sein du collectif item.<\/p>\n\n\n\n<h2 class=\"has-medium-font-size wp-block-heading\"><strong><em>Le collectif item,<\/em> c<em>\u2019est quoi&nbsp;?<\/em><\/strong><\/h2>\n\n\n\n<figure class=\"wp-block-gallery columns-3 is-cropped wp-block-gallery-1 is-layout-flex wp-block-gallery-is-layout-flex\"><ul class=\"blocks-gallery-grid\"><li class=\"blocks-gallery-item\"><figure><img loading=\"lazy\" decoding=\"async\" width=\"180\" height=\"180\" src=\"https:\/\/blog.fondation-ove.fr\/curieuxrencarts\/wp-content\/uploads\/sites\/77\/2021\/09\/31882952_1732272600151837_4631381982532599808_n.jpg\" alt=\"\" data-id=\"247\" data-link=\"https:\/\/blog.fondation-ove.fr\/curieuxrencarts\/?attachment_id=247\" class=\"wp-image-247\" srcset=\"https:\/\/blog.fondation-ove.fr\/curieuxrencarts\/wp-content\/uploads\/sites\/77\/2021\/09\/31882952_1732272600151837_4631381982532599808_n.jpg 180w, https:\/\/blog.fondation-ove.fr\/curieuxrencarts\/wp-content\/uploads\/sites\/77\/2021\/09\/31882952_1732272600151837_4631381982532599808_n-150x150.jpg 150w\" sizes=\"auto, (max-width: 180px) 100vw, 180px\" \/><\/figure><\/li><li class=\"blocks-gallery-item\"><figure><img loading=\"lazy\" decoding=\"async\" width=\"1024\" height=\"683\" src=\"https:\/\/blog.fondation-ove.fr\/curieuxrencarts\/wp-content\/uploads\/sites\/77\/2021\/09\/10-ruelles-MTL-asBY1A8208-1024x683.jpg\" alt=\"\" data-id=\"248\" data-link=\"https:\/\/blog.fondation-ove.fr\/curieuxrencarts\/?attachment_id=248\" class=\"wp-image-248\" srcset=\"https:\/\/blog.fondation-ove.fr\/curieuxrencarts\/wp-content\/uploads\/sites\/77\/2021\/09\/10-ruelles-MTL-asBY1A8208-1024x683.jpg 1024w, https:\/\/blog.fondation-ove.fr\/curieuxrencarts\/wp-content\/uploads\/sites\/77\/2021\/09\/10-ruelles-MTL-asBY1A8208-300x200.jpg 300w, https:\/\/blog.fondation-ove.fr\/curieuxrencarts\/wp-content\/uploads\/sites\/77\/2021\/09\/10-ruelles-MTL-asBY1A8208-768x512.jpg 768w, https:\/\/blog.fondation-ove.fr\/curieuxrencarts\/wp-content\/uploads\/sites\/77\/2021\/09\/10-ruelles-MTL-asBY1A8208-1536x1024.jpg 1536w, https:\/\/blog.fondation-ove.fr\/curieuxrencarts\/wp-content\/uploads\/sites\/77\/2021\/09\/10-ruelles-MTL-asBY1A8208.jpg 1680w\" sizes=\"auto, (max-width: 1024px) 100vw, 1024px\" \/><figcaption class=\"blocks-gallery-item__caption\">\u00a9 Adrianne Surprenant \/ item<\/figcaption><\/figure><\/li><li class=\"blocks-gallery-item\"><figure><img loading=\"lazy\" decoding=\"async\" width=\"1024\" height=\"683\" src=\"https:\/\/blog.fondation-ove.fr\/curieuxrencarts\/wp-content\/uploads\/sites\/77\/2021\/09\/CM-17042020-T17B9707-1024x683.jpg\" alt=\"\" data-id=\"250\" data-link=\"https:\/\/blog.fondation-ove.fr\/curieuxrencarts\/?attachment_id=250\" class=\"wp-image-250\" srcset=\"https:\/\/blog.fondation-ove.fr\/curieuxrencarts\/wp-content\/uploads\/sites\/77\/2021\/09\/CM-17042020-T17B9707-1024x683.jpg 1024w, https:\/\/blog.fondation-ove.fr\/curieuxrencarts\/wp-content\/uploads\/sites\/77\/2021\/09\/CM-17042020-T17B9707-300x200.jpg 300w, https:\/\/blog.fondation-ove.fr\/curieuxrencarts\/wp-content\/uploads\/sites\/77\/2021\/09\/CM-17042020-T17B9707-768x512.jpg 768w, https:\/\/blog.fondation-ove.fr\/curieuxrencarts\/wp-content\/uploads\/sites\/77\/2021\/09\/CM-17042020-T17B9707-1536x1024.jpg 1536w, https:\/\/blog.fondation-ove.fr\/curieuxrencarts\/wp-content\/uploads\/sites\/77\/2021\/09\/CM-17042020-T17B9707.jpg 1843w\" sizes=\"auto, (max-width: 1024px) 100vw, 1024px\" \/><figcaption class=\"blocks-gallery-item__caption\">\u00a9Cyril Marcilhacy \/ item<\/figcaption><\/figure><\/li><\/ul><\/figure>\n\n\n\n<p><a href=\"http:\/\/www.collectifitem.com\/\" data-type=\"URL\" data-id=\"http:\/\/www.collectifitem.com\/\" target=\"_blank\" rel=\"noreferrer noopener\"><span style=\"color:#1500a3\" class=\"has-inline-color\">Item<\/span> <\/a>ce sont 10 photographes, un graphiste et une r\u00e9alisatrice qui ont d\u00e9cid\u00e9 de se regrouper pour imaginer ensemble une autre mani\u00e8re de travailler et de produire des images, loin de l\u2019unique visuel choc pour faire monter l&rsquo;audimat. Ils souhaitent se donner le temps et les moyens pour construire de v\u00e9ritables sujets, pens\u00e9s comme des r\u00e9cits \u00e0 part enti\u00e8re, soign\u00e9s tant dans leur fabrication que dans leur r\u00e9alisation et mani\u00e8re de le partager avec d\u2019autres. Et se donner le temps de la rencontre pour mieux raconter quelque chose en images, c\u2019est justement ce qu\u2019on a fait ensemble le 13 septembre apr\u00e8s-midi.<\/p>\n\n\n\n<h2 class=\"wp-block-heading\"><strong><em>Au programme&nbsp;: trois heures de conversations, de rires et de mises en pratiques photographiques&nbsp;!<\/em><\/strong><\/h2>\n\n\n\n<p>Premi\u00e8re proposition pour rentrer dans le vif du sujet&nbsp;: se pr\u00e9senter, tout simplement. Enfin, pas si simple en fait. Qu\u2019est-ce qu\u2019on dit de soi \u00e0 des inconnu.e.s (ou presque), par quoi on commence dans la rencontre, qu\u2019est-ce qu\u2019on retient et qu\u2019est-ce qu\u2019on garde \u00e0 l\u2019int\u00e9rieur, dans un 1<sup>er<\/sup> temps.<\/p>\n\n\n\n<p>Nous sommes treize \u00e0 nous pr\u00eater \u00e0 l\u2019exercice&nbsp;: Adrienne, Philippe, Nuvan, David, Thomas, Steven, Laetitia, Julia, Fatia, C\u00e9lia, Liliane, M\u00e9lanie et M\u00e9lanie (deux participantes aux m\u00eames pr\u00e9noms, chacune avec une histoire \u00e0 raconter sur ses go\u00fbts et projets du moment).<\/p>\n\n\n\n<p>Dans le tour de table, des pratiques se partagent&nbsp;: le th\u00e9\u00e2tre a ses amateurs, jouer, mettre en sc\u00e8ne, \u00e9crire, s\u2019inventer un personnage\u2026 On se parle aussi de boccia, de piscine et de sarbacane, de street art, de danse et de cuisine, de chanter sous la douche et d\u2019autres sons qu\u2019on prend plaisir \u00e0 \u00e9couter. On se parle aussi de l\u2019importance d\u2019aller voir ailleurs&nbsp;: faire des activit\u00e9s \u00e0 en dehors des centres, avoir son studio \u00e0 soi \u00e0 l\u2019ext\u00e9rieur.<\/p>\n\n\n\n<p>Certaines dans le groupe sont d\u00e9j\u00e0 photographes. Elles connaissent les outils pour capter les moments importants de l\u2019ann\u00e9e, le plaisir aussi de monter les images en s\u00e9ries.<\/p>\n\n\n\n<figure class=\"wp-block-pullquote is-style-solid-color\"><blockquote class=\"has-text-color\" style=\"color:#ef22ec\"><p>\u00ab\u00a0J\u2019ai toujours mon appareil photo avec moi,<\/p><p>je l\u2019oublie jamais. Je fais des vid\u00e9os ou des<\/p><p>photos pour me souvenir. Je fais aussi des<\/p><p>montages et je les partage.\u00a0\u00bb<\/p><cite>&#8211; M\u00e9lanie Robin, r\u00e9sidente au Centre Passer\u2019 aile Magny (77)<\/cite><\/blockquote><\/figure>\n\n\n\n<p>Place ensuite au visionnage des photographies r\u00e9alis\u00e9es par Adrienne et Philippe. Avec pour fil conducteur : une histoire de rencontre.<\/p>\n\n\n\n<p>On partage ce que notre r\u00e9tine retient en premier, la mani\u00e8re dont l\u2019image est compos\u00e9e, ce qu\u2019elle raconte ou semble raconter. Dans la petite s\u00e9lection photo propos\u00e9e, il y est question de d\u00e9couvertes et de liens qui se tissent avec d\u2019autres \u00eatres, humains, petits, grands, \u00e0 poils longs ou \u00e9cailles. On regarde aussi de plus pr\u00e8s comment ces liens marquent les corps des personnes sur une photographie&nbsp;: un corps qui se plie pour regarder de plus pr\u00e8s, une main qui fr\u00f4le pour peser sa d\u00e9couverte, un \u0153il aimant ou inquiet veillant sur l\u2019autre. On parle aussi de la rencontre qui fonctionne m\u00eame sans parole, m\u00eame sans se regarder. Deux corps qui agissent ensemble dans la m\u00eame direction. \u00ab&nbsp;Est-ce que ce ne serait pas \u00e7a, la symbiose&nbsp;?&nbsp;\u00bb.<\/p>\n\n\n\n<p>Puis c\u2019est au tour de la pratique. Prendre les appareils en main, diff\u00e9rentes tailles, diff\u00e9rents objectifs. On cr\u00e9e des trios et on part en exploration de mises en sc\u00e8nes ou reportages qui pourraient t\u00e9moigner d\u2019une rencontre.<\/p>\n\n\n\n<figure class=\"wp-block-gallery columns-3 is-cropped wp-block-gallery-2 is-layout-flex wp-block-gallery-is-layout-flex\"><ul class=\"blocks-gallery-grid\"><li class=\"blocks-gallery-item\"><figure><img loading=\"lazy\" decoding=\"async\" width=\"768\" height=\"1024\" src=\"https:\/\/blog.fondation-ove.fr\/curieuxrencarts\/wp-content\/uploads\/sites\/77\/2021\/09\/20210913_155916-768x1024.jpg\" alt=\"\" data-id=\"238\" data-link=\"https:\/\/blog.fondation-ove.fr\/curieuxrencarts\/?attachment_id=238\" class=\"wp-image-238\" srcset=\"https:\/\/blog.fondation-ove.fr\/curieuxrencarts\/wp-content\/uploads\/sites\/77\/2021\/09\/20210913_155916-768x1024.jpg 768w, https:\/\/blog.fondation-ove.fr\/curieuxrencarts\/wp-content\/uploads\/sites\/77\/2021\/09\/20210913_155916-225x300.jpg 225w, https:\/\/blog.fondation-ove.fr\/curieuxrencarts\/wp-content\/uploads\/sites\/77\/2021\/09\/20210913_155916-1152x1536.jpg 1152w, https:\/\/blog.fondation-ove.fr\/curieuxrencarts\/wp-content\/uploads\/sites\/77\/2021\/09\/20210913_155916-rotated.jpg 1512w\" sizes=\"auto, (max-width: 768px) 100vw, 768px\" \/><\/figure><\/li><li class=\"blocks-gallery-item\"><figure><img loading=\"lazy\" decoding=\"async\" width=\"768\" height=\"1024\" src=\"https:\/\/blog.fondation-ove.fr\/curieuxrencarts\/wp-content\/uploads\/sites\/77\/2021\/09\/20210913_160246-768x1024.jpg\" alt=\"\" data-id=\"239\" data-link=\"https:\/\/blog.fondation-ove.fr\/curieuxrencarts\/?attachment_id=239\" class=\"wp-image-239\" srcset=\"https:\/\/blog.fondation-ove.fr\/curieuxrencarts\/wp-content\/uploads\/sites\/77\/2021\/09\/20210913_160246-768x1024.jpg 768w, https:\/\/blog.fondation-ove.fr\/curieuxrencarts\/wp-content\/uploads\/sites\/77\/2021\/09\/20210913_160246-225x300.jpg 225w, https:\/\/blog.fondation-ove.fr\/curieuxrencarts\/wp-content\/uploads\/sites\/77\/2021\/09\/20210913_160246-1152x1536.jpg 1152w, https:\/\/blog.fondation-ove.fr\/curieuxrencarts\/wp-content\/uploads\/sites\/77\/2021\/09\/20210913_160246-rotated.jpg 1512w\" sizes=\"auto, (max-width: 768px) 100vw, 768px\" \/><\/figure><\/li><li class=\"blocks-gallery-item\"><figure><img loading=\"lazy\" decoding=\"async\" width=\"1024\" height=\"768\" src=\"https:\/\/blog.fondation-ove.fr\/curieuxrencarts\/wp-content\/uploads\/sites\/77\/2021\/09\/20210913_160358-1024x768.jpg\" alt=\"\" data-id=\"240\" data-link=\"https:\/\/blog.fondation-ove.fr\/curieuxrencarts\/?attachment_id=240\" class=\"wp-image-240\" srcset=\"https:\/\/blog.fondation-ove.fr\/curieuxrencarts\/wp-content\/uploads\/sites\/77\/2021\/09\/20210913_160358-1024x768.jpg 1024w, https:\/\/blog.fondation-ove.fr\/curieuxrencarts\/wp-content\/uploads\/sites\/77\/2021\/09\/20210913_160358-300x225.jpg 300w, https:\/\/blog.fondation-ove.fr\/curieuxrencarts\/wp-content\/uploads\/sites\/77\/2021\/09\/20210913_160358-768x576.jpg 768w, https:\/\/blog.fondation-ove.fr\/curieuxrencarts\/wp-content\/uploads\/sites\/77\/2021\/09\/20210913_160358-1536x1152.jpg 1536w, https:\/\/blog.fondation-ove.fr\/curieuxrencarts\/wp-content\/uploads\/sites\/77\/2021\/09\/20210913_160358.jpg 2016w\" sizes=\"auto, (max-width: 1024px) 100vw, 1024px\" \/><\/figure><\/li><\/ul><\/figure>\n\n\n\n<p>Il y est question des diff\u00e9rentes mani\u00e8res de se saluer, des diff\u00e9rentes \u00e9tapes pour se d\u00e9voiler, mais aussi des diff\u00e9rentes focales, de la distance, plus ou moins proche, quand on avance vers le sujet \u00e0 prendre. Chaque \u00e9quip\u00e9e rep\u00e8re, discute, des espaces ou du rapport \u00e0 l\u2019ombre et \u00e0 la lumi\u00e8re, du champ et du hors champ\u2026 Des id\u00e9es se font jour qu\u2019on aimerait bien prolonger avec un peu plus de temps une prochaine fois.<\/p>\n\n\n\n<figure class=\"wp-block-gallery columns-2 is-cropped wp-block-gallery-3 is-layout-flex wp-block-gallery-is-layout-flex\"><ul class=\"blocks-gallery-grid\"><li class=\"blocks-gallery-item\"><figure><img loading=\"lazy\" decoding=\"async\" width=\"1024\" height=\"512\" src=\"https:\/\/blog.fondation-ove.fr\/curieuxrencarts\/wp-content\/uploads\/sites\/77\/2021\/09\/Dyptique-Melanie-Nuvan_2jpg-1-1024x512.jpg\" alt=\"\" data-id=\"261\" data-full-url=\"https:\/\/blog.fondation-ove.fr\/curieuxrencarts\/wp-content\/uploads\/sites\/77\/2021\/09\/Dyptique-Melanie-Nuvan_2jpg-1-scaled.jpg\" data-link=\"https:\/\/blog.fondation-ove.fr\/curieuxrencarts\/?attachment_id=261\" class=\"wp-image-261\" srcset=\"https:\/\/blog.fondation-ove.fr\/curieuxrencarts\/wp-content\/uploads\/sites\/77\/2021\/09\/Dyptique-Melanie-Nuvan_2jpg-1-1024x512.jpg 1024w, https:\/\/blog.fondation-ove.fr\/curieuxrencarts\/wp-content\/uploads\/sites\/77\/2021\/09\/Dyptique-Melanie-Nuvan_2jpg-1-300x150.jpg 300w, https:\/\/blog.fondation-ove.fr\/curieuxrencarts\/wp-content\/uploads\/sites\/77\/2021\/09\/Dyptique-Melanie-Nuvan_2jpg-1-768x384.jpg 768w, https:\/\/blog.fondation-ove.fr\/curieuxrencarts\/wp-content\/uploads\/sites\/77\/2021\/09\/Dyptique-Melanie-Nuvan_2jpg-1-1536x768.jpg 1536w, https:\/\/blog.fondation-ove.fr\/curieuxrencarts\/wp-content\/uploads\/sites\/77\/2021\/09\/Dyptique-Melanie-Nuvan_2jpg-1-2048x1024.jpg 2048w\" sizes=\"auto, (max-width: 1024px) 100vw, 1024px\" \/><\/figure><\/li><li class=\"blocks-gallery-item\"><figure><img loading=\"lazy\" decoding=\"async\" width=\"1024\" height=\"767\" src=\"https:\/\/blog.fondation-ove.fr\/curieuxrencarts\/wp-content\/uploads\/sites\/77\/2021\/09\/Melanie-Nuvan-Dyptique-rencontre-1-1024x767.jpg\" alt=\"\" data-id=\"262\" data-full-url=\"https:\/\/blog.fondation-ove.fr\/curieuxrencarts\/wp-content\/uploads\/sites\/77\/2021\/09\/Melanie-Nuvan-Dyptique-rencontre-1-scaled.jpg\" data-link=\"https:\/\/blog.fondation-ove.fr\/curieuxrencarts\/?attachment_id=262\" class=\"wp-image-262\" srcset=\"https:\/\/blog.fondation-ove.fr\/curieuxrencarts\/wp-content\/uploads\/sites\/77\/2021\/09\/Melanie-Nuvan-Dyptique-rencontre-1-1024x767.jpg 1024w, https:\/\/blog.fondation-ove.fr\/curieuxrencarts\/wp-content\/uploads\/sites\/77\/2021\/09\/Melanie-Nuvan-Dyptique-rencontre-1-300x225.jpg 300w, https:\/\/blog.fondation-ove.fr\/curieuxrencarts\/wp-content\/uploads\/sites\/77\/2021\/09\/Melanie-Nuvan-Dyptique-rencontre-1-768x575.jpg 768w, https:\/\/blog.fondation-ove.fr\/curieuxrencarts\/wp-content\/uploads\/sites\/77\/2021\/09\/Melanie-Nuvan-Dyptique-rencontre-1-1536x1151.jpg 1536w, https:\/\/blog.fondation-ove.fr\/curieuxrencarts\/wp-content\/uploads\/sites\/77\/2021\/09\/Melanie-Nuvan-Dyptique-rencontre-1-2048x1534.jpg 2048w\" sizes=\"auto, (max-width: 1024px) 100vw, 1024px\" \/><\/figure><\/li><\/ul><\/figure>\n\n\n\n<figure class=\"wp-block-pullquote is-style-solid-color\"><blockquote class=\"has-text-color\" style=\"color:#ef22ec\"><p>\u00ab\u00a0Cette journ\u00e9e \u00e0 \u00e9t\u00e9 riche en d\u00e9couverte,<\/p><p>j&rsquo;aimerais bien que \u00e7a ouvre sur une activit\u00e9<\/p><p>d&rsquo;art photographique.\u00a0\u00bb<\/p><cite> &#8211; M\u00e9lanie Robin, r\u00e9sidente au Centre Passer\u2019aile Magny (77)<\/cite><\/blockquote><\/figure>\n\n\n\n<p>Enfin on se quitte en partageant impressions, id\u00e9es et exp\u00e9riences assez hautes en couleurs et \u00e9motions. Des histoires de rencontres inoubliables, improbables, qu\u2019avec l\u2019image on pourrait bien capter ou remettre en sc\u00e8ne si \u00e7a se trouve&nbsp;?<\/p>\n\n\n\n<figure class=\"wp-block-gallery columns-3 is-cropped wp-block-gallery-4 is-layout-flex wp-block-gallery-is-layout-flex\"><ul class=\"blocks-gallery-grid\"><li class=\"blocks-gallery-item\"><figure><img loading=\"lazy\" decoding=\"async\" width=\"1024\" height=\"683\" src=\"https:\/\/blog.fondation-ove.fr\/curieuxrencarts\/wp-content\/uploads\/sites\/77\/2021\/09\/2109_PS_OVE_curieux-renc-arts_DSCF2426-1024x683.jpg\" alt=\"\" data-id=\"264\" data-full-url=\"https:\/\/blog.fondation-ove.fr\/curieuxrencarts\/wp-content\/uploads\/sites\/77\/2021\/09\/2109_PS_OVE_curieux-renc-arts_DSCF2426-scaled.jpg\" data-link=\"https:\/\/blog.fondation-ove.fr\/curieuxrencarts\/?attachment_id=264\" class=\"wp-image-264\" srcset=\"https:\/\/blog.fondation-ove.fr\/curieuxrencarts\/wp-content\/uploads\/sites\/77\/2021\/09\/2109_PS_OVE_curieux-renc-arts_DSCF2426-1024x683.jpg 1024w, https:\/\/blog.fondation-ove.fr\/curieuxrencarts\/wp-content\/uploads\/sites\/77\/2021\/09\/2109_PS_OVE_curieux-renc-arts_DSCF2426-300x200.jpg 300w, https:\/\/blog.fondation-ove.fr\/curieuxrencarts\/wp-content\/uploads\/sites\/77\/2021\/09\/2109_PS_OVE_curieux-renc-arts_DSCF2426-768x512.jpg 768w, https:\/\/blog.fondation-ove.fr\/curieuxrencarts\/wp-content\/uploads\/sites\/77\/2021\/09\/2109_PS_OVE_curieux-renc-arts_DSCF2426-1536x1024.jpg 1536w, https:\/\/blog.fondation-ove.fr\/curieuxrencarts\/wp-content\/uploads\/sites\/77\/2021\/09\/2109_PS_OVE_curieux-renc-arts_DSCF2426-2048x1365.jpg 2048w\" sizes=\"auto, (max-width: 1024px) 100vw, 1024px\" \/><figcaption class=\"blocks-gallery-item__caption\"> \u00a9 Philippe Somnolet \/ item <\/figcaption><\/figure><\/li><li class=\"blocks-gallery-item\"><figure><img loading=\"lazy\" decoding=\"async\" width=\"1024\" height=\"683\" src=\"https:\/\/blog.fondation-ove.fr\/curieuxrencarts\/wp-content\/uploads\/sites\/77\/2021\/09\/2109_PS_OVE_curieux-renc-arts_DSCF2431-1024x683.jpg\" alt=\"\" data-id=\"265\" data-full-url=\"https:\/\/blog.fondation-ove.fr\/curieuxrencarts\/wp-content\/uploads\/sites\/77\/2021\/09\/2109_PS_OVE_curieux-renc-arts_DSCF2431-scaled.jpg\" data-link=\"https:\/\/blog.fondation-ove.fr\/curieuxrencarts\/?attachment_id=265\" class=\"wp-image-265\" srcset=\"https:\/\/blog.fondation-ove.fr\/curieuxrencarts\/wp-content\/uploads\/sites\/77\/2021\/09\/2109_PS_OVE_curieux-renc-arts_DSCF2431-1024x683.jpg 1024w, https:\/\/blog.fondation-ove.fr\/curieuxrencarts\/wp-content\/uploads\/sites\/77\/2021\/09\/2109_PS_OVE_curieux-renc-arts_DSCF2431-300x200.jpg 300w, https:\/\/blog.fondation-ove.fr\/curieuxrencarts\/wp-content\/uploads\/sites\/77\/2021\/09\/2109_PS_OVE_curieux-renc-arts_DSCF2431-768x512.jpg 768w, https:\/\/blog.fondation-ove.fr\/curieuxrencarts\/wp-content\/uploads\/sites\/77\/2021\/09\/2109_PS_OVE_curieux-renc-arts_DSCF2431-1536x1024.jpg 1536w, https:\/\/blog.fondation-ove.fr\/curieuxrencarts\/wp-content\/uploads\/sites\/77\/2021\/09\/2109_PS_OVE_curieux-renc-arts_DSCF2431-2048x1365.jpg 2048w\" sizes=\"auto, (max-width: 1024px) 100vw, 1024px\" \/><figcaption class=\"blocks-gallery-item__caption\">\u00a9 Philippe Somnolet \/ item<\/figcaption><\/figure><\/li><li class=\"blocks-gallery-item\"><figure><img loading=\"lazy\" decoding=\"async\" width=\"1024\" height=\"683\" src=\"https:\/\/blog.fondation-ove.fr\/curieuxrencarts\/wp-content\/uploads\/sites\/77\/2021\/09\/2109_PS_OVE_curieux-renc-arts_DSCF2443-1024x683.jpg\" alt=\"\" data-id=\"267\" data-full-url=\"https:\/\/blog.fondation-ove.fr\/curieuxrencarts\/wp-content\/uploads\/sites\/77\/2021\/09\/2109_PS_OVE_curieux-renc-arts_DSCF2443-scaled.jpg\" data-link=\"https:\/\/blog.fondation-ove.fr\/curieuxrencarts\/?attachment_id=267\" class=\"wp-image-267\" srcset=\"https:\/\/blog.fondation-ove.fr\/curieuxrencarts\/wp-content\/uploads\/sites\/77\/2021\/09\/2109_PS_OVE_curieux-renc-arts_DSCF2443-1024x683.jpg 1024w, https:\/\/blog.fondation-ove.fr\/curieuxrencarts\/wp-content\/uploads\/sites\/77\/2021\/09\/2109_PS_OVE_curieux-renc-arts_DSCF2443-300x200.jpg 300w, https:\/\/blog.fondation-ove.fr\/curieuxrencarts\/wp-content\/uploads\/sites\/77\/2021\/09\/2109_PS_OVE_curieux-renc-arts_DSCF2443-768x512.jpg 768w, https:\/\/blog.fondation-ove.fr\/curieuxrencarts\/wp-content\/uploads\/sites\/77\/2021\/09\/2109_PS_OVE_curieux-renc-arts_DSCF2443-1536x1024.jpg 1536w, https:\/\/blog.fondation-ove.fr\/curieuxrencarts\/wp-content\/uploads\/sites\/77\/2021\/09\/2109_PS_OVE_curieux-renc-arts_DSCF2443-2048x1365.jpg 2048w\" sizes=\"auto, (max-width: 1024px) 100vw, 1024px\" \/><figcaption class=\"blocks-gallery-item__caption\"> \u00a9 Philippe Somnolet \/ item <\/figcaption><\/figure><\/li><\/ul><\/figure>\n\n\n\n<figure class=\"wp-block-pullquote is-style-solid-color\"><blockquote class=\"has-text-color\" style=\"color:#ef22ec\"><p>\u00ab\u00a0Philippe et Adrienne ont apport\u00e9 leurs regards<\/p><p>et leurs photos avec beaucoup de simplicit\u00e9<\/p><p>et de fluidit\u00e9, ils ont su aborder le sujet et<\/p><p>proposer une exp\u00e9rience joyeuse de mise<\/p><p>en sc\u00e8ne de la premi\u00e8re rencontre.\u00a0\u00bb<\/p><cite> &#8211; Laetitia Le Senechal, r\u00e9f\u00e9rente Culture au Centre Passer\u2019aile Magny (77)<\/cite><\/blockquote><\/figure>\n\n\n\n<p>Pour d\u00e9couvrir le replay des <strong>\u00e9changes et interviews de Nuvan et Philippe issu du Direct Radio,<\/strong> revenant sur ce Curieux renc&rsquo;Art de Magny (aller \u00e0 00:14:36) :<\/p>\n\n\n\n<figure class=\"wp-block-audio\"><audio controls src=\"http:\/\/blog.fondation-ove.fr\/curieuxrencarts\/wp-content\/uploads\/sites\/77\/2021\/10\/Direct_Curieux_Part-3_Au-travail_Jolies-rencontres.mp3\"><\/audio><\/figure>\n","protected":false},"excerpt":{"rendered":"<p>Apr\u00e8s un curieux renc\u2019art autour de la danse insclusive, c\u2019est au tour des r\u00e9sidents du Centre de vie PasseRaile Magny d\u2019accueillir le groupe PasseRaile d\u2019Herblay dans leurs murs pour une nouvelle d\u00e9couverte artistique. Au programme de ce lundi 13 septembre apr\u00e8s-midi&nbsp;: un temps d\u2019\u00e9change et de pratique de l\u2019image, et&hellip; <\/p>\n","protected":false},"author":341,"featured_media":280,"comment_status":"closed","ping_status":"closed","sticky":false,"template":"","format":"standard","meta":{"ngg_post_thumbnail":0,"footnotes":""},"categories":[1],"tags":[],"class_list":["post-235","post","type-post","status-publish","format-standard","has-post-thumbnail","hentry","category-non-classe"],"_links":{"self":[{"href":"https:\/\/blog.fondation-ove.fr\/curieuxrencarts\/wp-json\/wp\/v2\/posts\/235","targetHints":{"allow":["GET"]}}],"collection":[{"href":"https:\/\/blog.fondation-ove.fr\/curieuxrencarts\/wp-json\/wp\/v2\/posts"}],"about":[{"href":"https:\/\/blog.fondation-ove.fr\/curieuxrencarts\/wp-json\/wp\/v2\/types\/post"}],"author":[{"embeddable":true,"href":"https:\/\/blog.fondation-ove.fr\/curieuxrencarts\/wp-json\/wp\/v2\/users\/341"}],"replies":[{"embeddable":true,"href":"https:\/\/blog.fondation-ove.fr\/curieuxrencarts\/wp-json\/wp\/v2\/comments?post=235"}],"version-history":[{"count":33,"href":"https:\/\/blog.fondation-ove.fr\/curieuxrencarts\/wp-json\/wp\/v2\/posts\/235\/revisions"}],"predecessor-version":[{"id":525,"href":"https:\/\/blog.fondation-ove.fr\/curieuxrencarts\/wp-json\/wp\/v2\/posts\/235\/revisions\/525"}],"wp:featuredmedia":[{"embeddable":true,"href":"https:\/\/blog.fondation-ove.fr\/curieuxrencarts\/wp-json\/wp\/v2\/media\/280"}],"wp:attachment":[{"href":"https:\/\/blog.fondation-ove.fr\/curieuxrencarts\/wp-json\/wp\/v2\/media?parent=235"}],"wp:term":[{"taxonomy":"category","embeddable":true,"href":"https:\/\/blog.fondation-ove.fr\/curieuxrencarts\/wp-json\/wp\/v2\/categories?post=235"},{"taxonomy":"post_tag","embeddable":true,"href":"https:\/\/blog.fondation-ove.fr\/curieuxrencarts\/wp-json\/wp\/v2\/tags?post=235"}],"curies":[{"name":"wp","href":"https:\/\/api.w.org\/{rel}","templated":true}]}}