{"id":214,"date":"2021-09-13T09:32:52","date_gmt":"2021-09-13T07:32:52","guid":{"rendered":"https:\/\/blog.fondation-ove.fr\/curieuxrencarts\/?p=214"},"modified":"2021-10-27T14:06:04","modified_gmt":"2021-10-27T12:06:04","slug":"de-jolies-rencontres-1","status":"publish","type":"post","link":"https:\/\/blog.fondation-ove.fr\/curieuxrencarts\/2021\/09\/13\/de-jolies-rencontres-1\/","title":{"rendered":"De jolies rencontres #1"},"content":{"rendered":"\n<p>Rendez-vous \u00e9tait donn\u00e9 ce mercredi 8 septembre apr\u00e8s-midi entre r\u00e9sidents des Centres de vie Passer&rsquo; aile de Magny et d\u2019Herblay. Bravant les bouchons parisiens (1h30 de route tout de m\u00eame !), direction Herblay-sur-Seine avec comme envie de se rencontrer, d\u2019\u00e9prouver le frisson des 1\u00e8res fois\u2026et ce, avec rythme ! En effet au programme : d\u00e9couverte  artistique&nbsp; de la danse inclusive , anim\u00e9e par deux artistes de la <a href=\"https:\/\/www.compagnietatoo.com\/\" target=\"_blank\" rel=\"noreferrer noopener\">Compagnie Tatoo<\/a> Florence MEREGALLI chor\u00e9graphe et&nbsp; Gladys FOGGEA, danseuse.<\/p>\n\n\n\n<p class=\"has-medium-font-size\"><strong><em>La danse inclusive, c\u2019est quoi ?<\/em><\/strong><\/p>\n\n\n\n<p> Ce sont des compagnies de danse qui ouvrent leurs ateliers aux personnes en situation de handicap et produisent des spectacles. Cette d\u00e9marche reste avant tout artistique et non th\u00e9rapeutique. La compagnie Tatoo, cr\u00e9\u00e9e en 1992, accueille dans son \u00e9quipe une danseuse sourde et une danseuse parapl\u00e9gique. Son objectif est d\u2019unir artistiquement la langue des signes (LSF), des textes diffus\u00e9s par une bande son, le handicap moteur, des fauteuils roulants et le travail \u00ab en aveugle \u00bb pour les danseurs, tant dans une recherche de richesse chor\u00e9graphique et humaine que dans un souci de compr\u00e9hension et d\u2019int\u00e9gration d\u2019un plus large public. <\/p>\n\n\n\n<div class=\"wp-block-image\"><figure class=\"aligncenter size-full is-resized\"><img loading=\"lazy\" decoding=\"async\" src=\"https:\/\/blog.fondation-ove.fr\/curieuxrencarts\/wp-content\/uploads\/sites\/77\/2021\/09\/2735584.png\" alt=\"\" class=\"wp-image-215\" width=\"300\" height=\"225\" srcset=\"https:\/\/blog.fondation-ove.fr\/curieuxrencarts\/wp-content\/uploads\/sites\/77\/2021\/09\/2735584.png 605w, https:\/\/blog.fondation-ove.fr\/curieuxrencarts\/wp-content\/uploads\/sites\/77\/2021\/09\/2735584-300x225.png 300w\" sizes=\"auto, (max-width: 300px) 100vw, 300px\" \/><figcaption>\u00a9tatoo<\/figcaption><\/figure><\/div>\n\n\n\n<p class=\"has-medium-font-size\"><strong><em>Concr\u00e8tement, comment s\u2019est pass\u00e9 l\u2019apr\u00e8s-midi ? <\/em><\/strong><\/p>\n\n\n\n<p>La compagnie Tatoo nous a tout d\u2019abord pr\u00e9sent\u00e9 la danse inclusive, son histoire et son \u00e9volution. Nous avons aussi visionn\u00e9 le clip enregistr\u00e9 avec le centre de vie Passer&rsquo;aile Magny. <\/p>\n\n\n\n<div class=\"wp-block-image\"><figure class=\"aligncenter size-large is-resized\"><img loading=\"lazy\" decoding=\"async\" src=\"https:\/\/blog.fondation-ove.fr\/curieuxrencarts\/wp-content\/uploads\/sites\/77\/2021\/09\/IMG_4690-1024x768.jpg\" alt=\"\" class=\"wp-image-216\" width=\"286\" height=\"214\" srcset=\"https:\/\/blog.fondation-ove.fr\/curieuxrencarts\/wp-content\/uploads\/sites\/77\/2021\/09\/IMG_4690-1024x768.jpg 1024w, https:\/\/blog.fondation-ove.fr\/curieuxrencarts\/wp-content\/uploads\/sites\/77\/2021\/09\/IMG_4690-300x225.jpg 300w, https:\/\/blog.fondation-ove.fr\/curieuxrencarts\/wp-content\/uploads\/sites\/77\/2021\/09\/IMG_4690-768x576.jpg 768w, https:\/\/blog.fondation-ove.fr\/curieuxrencarts\/wp-content\/uploads\/sites\/77\/2021\/09\/IMG_4690-1536x1152.jpg 1536w, https:\/\/blog.fondation-ove.fr\/curieuxrencarts\/wp-content\/uploads\/sites\/77\/2021\/09\/IMG_4690-2048x1536.jpg 2048w\" sizes=\"auto, (max-width: 286px) 100vw, 286px\" \/><\/figure><\/div>\n\n\n\n<p>Apr\u00e8s cette pr\u00e9sentation, un long \u00e9change a eu lieu entre professionnels et personnes accompagn\u00e9es sur les difficult\u00e9s des rep\u00e8res dans l&rsquo;espace et la mise en place d\u2019une pratique artistique au sein d\u2019un ESMS. <\/p>\n\n\n\n<p>Un atelier d&rsquo;initiation \u00e0 permis d&rsquo;explorer les possibilit\u00e9s&nbsp;de d\u00e9placement, la r\u00e9sonance de nous \u00e0 l&rsquo;autre au travers de gestes en miroir.&nbsp;<\/p>\n\n\n\n<p><\/p>\n\n\n\n<figure class=\"wp-block-gallery columns-3 is-cropped wp-block-gallery-1 is-layout-flex wp-block-gallery-is-layout-flex\"><ul class=\"blocks-gallery-grid\"><li class=\"blocks-gallery-item\"><figure><img loading=\"lazy\" decoding=\"async\" width=\"1024\" height=\"768\" src=\"http:\/\/blog.fondation-ove.fr\/curieuxrencarts\/wp-content\/uploads\/sites\/77\/2021\/09\/IMG_4711-1024x768.jpg\" alt=\"\" data-id=\"217\" data-full-url=\"http:\/\/blog.fondation-ove.fr\/curieuxrencarts\/wp-content\/uploads\/sites\/77\/2021\/09\/IMG_4711-scaled.jpg\" data-link=\"https:\/\/blog.fondation-ove.fr\/curieuxrencarts\/?attachment_id=217\" class=\"wp-image-217\" srcset=\"https:\/\/blog.fondation-ove.fr\/curieuxrencarts\/wp-content\/uploads\/sites\/77\/2021\/09\/IMG_4711-1024x768.jpg 1024w, https:\/\/blog.fondation-ove.fr\/curieuxrencarts\/wp-content\/uploads\/sites\/77\/2021\/09\/IMG_4711-300x225.jpg 300w, https:\/\/blog.fondation-ove.fr\/curieuxrencarts\/wp-content\/uploads\/sites\/77\/2021\/09\/IMG_4711-768x576.jpg 768w, https:\/\/blog.fondation-ove.fr\/curieuxrencarts\/wp-content\/uploads\/sites\/77\/2021\/09\/IMG_4711-1536x1152.jpg 1536w, https:\/\/blog.fondation-ove.fr\/curieuxrencarts\/wp-content\/uploads\/sites\/77\/2021\/09\/IMG_4711-2048x1536.jpg 2048w\" sizes=\"auto, (max-width: 1024px) 100vw, 1024px\" \/><\/figure><\/li><li class=\"blocks-gallery-item\"><figure><img loading=\"lazy\" decoding=\"async\" width=\"1024\" height=\"768\" src=\"http:\/\/blog.fondation-ove.fr\/curieuxrencarts\/wp-content\/uploads\/sites\/77\/2021\/09\/IMG_4713-1024x768.jpg\" alt=\"\" data-id=\"219\" data-full-url=\"http:\/\/blog.fondation-ove.fr\/curieuxrencarts\/wp-content\/uploads\/sites\/77\/2021\/09\/IMG_4713-scaled.jpg\" data-link=\"https:\/\/blog.fondation-ove.fr\/curieuxrencarts\/img_4713\/\" class=\"wp-image-219\" srcset=\"https:\/\/blog.fondation-ove.fr\/curieuxrencarts\/wp-content\/uploads\/sites\/77\/2021\/09\/IMG_4713-1024x768.jpg 1024w, https:\/\/blog.fondation-ove.fr\/curieuxrencarts\/wp-content\/uploads\/sites\/77\/2021\/09\/IMG_4713-300x225.jpg 300w, https:\/\/blog.fondation-ove.fr\/curieuxrencarts\/wp-content\/uploads\/sites\/77\/2021\/09\/IMG_4713-768x576.jpg 768w, https:\/\/blog.fondation-ove.fr\/curieuxrencarts\/wp-content\/uploads\/sites\/77\/2021\/09\/IMG_4713-1536x1152.jpg 1536w, https:\/\/blog.fondation-ove.fr\/curieuxrencarts\/wp-content\/uploads\/sites\/77\/2021\/09\/IMG_4713-2048x1536.jpg 2048w\" sizes=\"auto, (max-width: 1024px) 100vw, 1024px\" \/><\/figure><\/li><li class=\"blocks-gallery-item\"><figure><img loading=\"lazy\" decoding=\"async\" width=\"1024\" height=\"768\" src=\"http:\/\/blog.fondation-ove.fr\/curieuxrencarts\/wp-content\/uploads\/sites\/77\/2021\/09\/IMG_4716-1024x768.jpg\" alt=\"\" data-id=\"220\" data-full-url=\"http:\/\/blog.fondation-ove.fr\/curieuxrencarts\/wp-content\/uploads\/sites\/77\/2021\/09\/IMG_4716-scaled.jpg\" data-link=\"https:\/\/blog.fondation-ove.fr\/curieuxrencarts\/img_4716\/\" class=\"wp-image-220\" srcset=\"https:\/\/blog.fondation-ove.fr\/curieuxrencarts\/wp-content\/uploads\/sites\/77\/2021\/09\/IMG_4716-1024x768.jpg 1024w, https:\/\/blog.fondation-ove.fr\/curieuxrencarts\/wp-content\/uploads\/sites\/77\/2021\/09\/IMG_4716-300x225.jpg 300w, https:\/\/blog.fondation-ove.fr\/curieuxrencarts\/wp-content\/uploads\/sites\/77\/2021\/09\/IMG_4716-768x576.jpg 768w, https:\/\/blog.fondation-ove.fr\/curieuxrencarts\/wp-content\/uploads\/sites\/77\/2021\/09\/IMG_4716-1536x1152.jpg 1536w, https:\/\/blog.fondation-ove.fr\/curieuxrencarts\/wp-content\/uploads\/sites\/77\/2021\/09\/IMG_4716-2048x1536.jpg 2048w\" sizes=\"auto, (max-width: 1024px) 100vw, 1024px\" \/><\/figure><\/li><\/ul><\/figure>\n\n\n\n<figure class=\"wp-block-pullquote is-style-solid-color\"><blockquote class=\"has-text-color\" style=\"color:#ef22ec\"><p>\u00ab La danse permet d&rsquo;exprimer des \u00e9motions,<\/p><p>il s&rsquo;agit aussi d&rsquo;un travail de coordination,<\/p><p>de regard et d&rsquo;\u00e9coute. Le plaisir partag\u00e9<\/p><p>est tr\u00e8s&nbsp;certainement celui de pouvoir<\/p><p>d\u00e9passer des limites avec des danseurs<\/p><p>valides, c&rsquo;est un d\u00e9fi toujours relev\u00e9 \u00bb<\/p><cite>Laetitia Le Senechal, r\u00e9f\u00e9rente culture au Centre de Vie Passer&rsquo; aile Magny (77)<\/cite><\/blockquote><\/figure>\n\n\n\n<figure class=\"wp-block-video aligncenter\"><video controls src=\"http:\/\/blog.fondation-ove.fr\/curieuxrencarts\/wp-content\/uploads\/sites\/77\/2021\/09\/IMG_4730.mov\"><\/video><\/figure>\n\n\n\n<p> Pour celles et ceux int\u00e9ress\u00e9s pour d\u00e9couvrir en replay le <strong>reportage et les \u00e9changes issus du Direct Radio,<\/strong> autour de ces \u00ab\u00a0Jolies rencontres\u00a0\u00bb (d\u00e9but \u00e0 00:09:00) :  <\/p>\n\n\n\n<figure class=\"wp-block-audio\"><audio controls src=\"http:\/\/blog.fondation-ove.fr\/curieuxrencarts\/wp-content\/uploads\/sites\/77\/2021\/10\/Direct_Curieux_Part-3_Au-travail_Jolies-rencontres.mp3\"><\/audio><\/figure>\n","protected":false},"excerpt":{"rendered":"<p>Rendez-vous \u00e9tait donn\u00e9 ce mercredi 8 septembre apr\u00e8s-midi entre r\u00e9sidents des Centres de vie Passer&rsquo; aile de Magny et d\u2019Herblay. Bravant les bouchons parisiens (1h30 de route tout de m\u00eame !), direction Herblay-sur-Seine avec comme envie de se rencontrer, d\u2019\u00e9prouver le frisson des 1\u00e8res fois\u2026et ce, avec rythme ! En&hellip; <\/p>\n","protected":false},"author":492,"featured_media":232,"comment_status":"closed","ping_status":"closed","sticky":false,"template":"","format":"standard","meta":{"ngg_post_thumbnail":0,"footnotes":""},"categories":[1],"tags":[],"class_list":["post-214","post","type-post","status-publish","format-standard","has-post-thumbnail","hentry","category-non-classe"],"_links":{"self":[{"href":"https:\/\/blog.fondation-ove.fr\/curieuxrencarts\/wp-json\/wp\/v2\/posts\/214","targetHints":{"allow":["GET"]}}],"collection":[{"href":"https:\/\/blog.fondation-ove.fr\/curieuxrencarts\/wp-json\/wp\/v2\/posts"}],"about":[{"href":"https:\/\/blog.fondation-ove.fr\/curieuxrencarts\/wp-json\/wp\/v2\/types\/post"}],"author":[{"embeddable":true,"href":"https:\/\/blog.fondation-ove.fr\/curieuxrencarts\/wp-json\/wp\/v2\/users\/492"}],"replies":[{"embeddable":true,"href":"https:\/\/blog.fondation-ove.fr\/curieuxrencarts\/wp-json\/wp\/v2\/comments?post=214"}],"version-history":[{"count":9,"href":"https:\/\/blog.fondation-ove.fr\/curieuxrencarts\/wp-json\/wp\/v2\/posts\/214\/revisions"}],"predecessor-version":[{"id":522,"href":"https:\/\/blog.fondation-ove.fr\/curieuxrencarts\/wp-json\/wp\/v2\/posts\/214\/revisions\/522"}],"wp:featuredmedia":[{"embeddable":true,"href":"https:\/\/blog.fondation-ove.fr\/curieuxrencarts\/wp-json\/wp\/v2\/media\/232"}],"wp:attachment":[{"href":"https:\/\/blog.fondation-ove.fr\/curieuxrencarts\/wp-json\/wp\/v2\/media?parent=214"}],"wp:term":[{"taxonomy":"category","embeddable":true,"href":"https:\/\/blog.fondation-ove.fr\/curieuxrencarts\/wp-json\/wp\/v2\/categories?post=214"},{"taxonomy":"post_tag","embeddable":true,"href":"https:\/\/blog.fondation-ove.fr\/curieuxrencarts\/wp-json\/wp\/v2\/tags?post=214"}],"curies":[{"name":"wp","href":"https:\/\/api.w.org\/{rel}","templated":true}]}}