{"id":192,"date":"2021-09-10T08:30:00","date_gmt":"2021-09-10T06:30:00","guid":{"rendered":"https:\/\/blog.fondation-ove.fr\/curieuxrencarts\/?p=192"},"modified":"2021-09-20T10:23:23","modified_gmt":"2021-09-20T08:23:23","slug":"rendez-vous-en-micro-folie-1","status":"publish","type":"post","link":"https:\/\/blog.fondation-ove.fr\/curieuxrencarts\/2021\/09\/10\/rendez-vous-en-micro-folie-1\/","title":{"rendered":"Balade en micro-folie #1"},"content":{"rendered":"\n<p>Rendez-vous \u00e9tait donn\u00e9 ce mercredi 8 septembre apr\u00e8s-midi \u00e0 des jeunes des Appartements de soutien de Faverges, du Sessad de Tullins et de l\u2019ESAT des Ateliers du Plantau. Direction le tiers-lieu num\u00e9rique de St Marcellin, en Is\u00e8re (38), avec au programme&nbsp;: d\u00e9couverte de la micro-folie et de son fablab.<\/p>\n\n\n\n<div class=\"wp-block-image\"><figure class=\"aligncenter size-large is-resized\"><img loading=\"lazy\" decoding=\"async\" src=\"http:\/\/blog.fondation-ove.fr\/curieuxrencarts\/wp-content\/uploads\/sites\/77\/2021\/09\/IMG_20210908_135849-1024x768.jpg\" alt=\"\" class=\"wp-image-186\" width=\"361\" height=\"271\" srcset=\"https:\/\/blog.fondation-ove.fr\/curieuxrencarts\/wp-content\/uploads\/sites\/77\/2021\/09\/IMG_20210908_135849-1024x768.jpg 1024w, https:\/\/blog.fondation-ove.fr\/curieuxrencarts\/wp-content\/uploads\/sites\/77\/2021\/09\/IMG_20210908_135849-300x225.jpg 300w, https:\/\/blog.fondation-ove.fr\/curieuxrencarts\/wp-content\/uploads\/sites\/77\/2021\/09\/IMG_20210908_135849-768x576.jpg 768w, https:\/\/blog.fondation-ove.fr\/curieuxrencarts\/wp-content\/uploads\/sites\/77\/2021\/09\/IMG_20210908_135849-1536x1152.jpg 1536w, https:\/\/blog.fondation-ove.fr\/curieuxrencarts\/wp-content\/uploads\/sites\/77\/2021\/09\/IMG_20210908_135849-2048x1536.jpg 2048w\" sizes=\"auto, (max-width: 361px) 100vw, 361px\" \/><\/figure><\/div>\n\n\n\n<p class=\"has-medium-font-size\"><em><strong>Une micro-folie\u2026\u2026 kesako&nbsp;?<\/strong><\/em><\/p>\n\n\n\n<p>C\u2019est une sorte de \u00ab&nbsp;mus\u00e9e num\u00e9rique&nbsp;\u00bb, dont le dispositif est coordonn\u00e9 et soutenu par la Villette \u00e0 Paris. Elle vise \u00e0 offrir \u00e0 tous et sur un maximum de territoires, y compris l\u00e0 o\u00f9 les \u00e9quipements culturels se font rares, un espace de partage autour d\u2019\u0153uvres culturelles et un lieu o\u00f9 d\u00e9velopper sa pratique num\u00e9rique.<\/p>\n\n\n\n<p><\/p>\n\n\n\n<p class=\"has-medium-font-size\"><em><strong>Concr\u00e8tement, comment s\u2019est pass\u00e9 l\u2019apr\u00e8s-midi&nbsp;?<\/strong><\/em><\/p>\n\n\n\n<p>Les jeunes des appartements de soutien de Faverges, en Haute Savoie, sont venus partager avec nous le fruit de leur travail cette ann\u00e9e&nbsp;: la r\u00e9alisation de trois courts-m\u00e9trages, bas\u00e9s sur des textes de Victor Hugo. Apr\u00e8s le visionnage des films et de son making-off, sont venus le temps des questions&nbsp;: qu\u2019ont-il aim\u00e9, moins aim\u00e9, o\u00f9 \u00e9taient les lieux de tournage ou encore \u2026 le projet a-t-il fait na\u00eetre des vocations&nbsp;? En tout cas, on a pu entendre dans le public enthousiaste une approbation collective pour l\u2019inscription au festival de Cannes&nbsp;!<\/p>\n\n\n\n<div class=\"wp-block-image\"><figure class=\"aligncenter size-large is-resized\"><img loading=\"lazy\" decoding=\"async\" src=\"http:\/\/blog.fondation-ove.fr\/curieuxrencarts\/wp-content\/uploads\/sites\/77\/2021\/09\/IMG_20210908_142455-1024x768.jpg\" alt=\"\" class=\"wp-image-187\" width=\"385\" height=\"288\" srcset=\"https:\/\/blog.fondation-ove.fr\/curieuxrencarts\/wp-content\/uploads\/sites\/77\/2021\/09\/IMG_20210908_142455-1024x768.jpg 1024w, https:\/\/blog.fondation-ove.fr\/curieuxrencarts\/wp-content\/uploads\/sites\/77\/2021\/09\/IMG_20210908_142455-300x225.jpg 300w, https:\/\/blog.fondation-ove.fr\/curieuxrencarts\/wp-content\/uploads\/sites\/77\/2021\/09\/IMG_20210908_142455-768x576.jpg 768w, https:\/\/blog.fondation-ove.fr\/curieuxrencarts\/wp-content\/uploads\/sites\/77\/2021\/09\/IMG_20210908_142455-1536x1152.jpg 1536w, https:\/\/blog.fondation-ove.fr\/curieuxrencarts\/wp-content\/uploads\/sites\/77\/2021\/09\/IMG_20210908_142455-2048x1536.jpg 2048w\" sizes=\"auto, (max-width: 385px) 100vw, 385px\" \/><\/figure><\/div>\n\n\n\n<p>Apr\u00e8s le temps de visionnage, place \u00e0 la d\u00e9couverte avec la deuxi\u00e8me partie de l\u2019apr\u00e8s-midi&nbsp;: l\u2019atelier fablab<\/p>\n\n\n\n<p class=\"has-medium-font-size\"><em><strong>Un fablab\u2026 c\u2019est quoi&nbsp;?<\/strong><\/em><\/p>\n\n\n\n<p>Fablab ou \u00ab&nbsp;laboratoire de fabrication&nbsp;\u00bb, c\u2019est un espace mettant \u00e0 disposition tout un \u00e9quipement pour r\u00e9aliser librement ou de mani\u00e8re accompagn\u00e9e des projets innovants et cr\u00e9atifs. Les participants de Faverges ayant eu l\u2019occasion d\u2019exp\u00e9rimenter le fablab de la micro-folie de leur ville, ils ont partag\u00e9 avec nous leur exp\u00e9rience face \u00e0 ces curieux outils que sont les stylos 3D, la d\u00e9coupeuse papier ou encore la scie \u00e0 champ tourn\u00e9\u2026 Avec l\u2019assurance que tout le monde, malgr\u00e9 l\u2019aspect impressionnant des machines, \u00e9tait encore pourvu de ses dix doigts&nbsp;!<\/p>\n\n\n\n<p>Nous sommes donc mont\u00e9s d\u00e9couvrir l\u2019atelier, accompagn\u00e9s par le directeur du tiers-lieu num\u00e9rique et la m\u00e9diatrice du fablab.<\/p>\n\n\n\n<p>L\u2019imprimante 3D a suscit\u00e9 la curiosit\u00e9 de tous, surtout avec la d\u00e9monstration lanc\u00e9e pour l\u2019occasion. De quoi frustrer certains, car l\u2019impression d\u2019un petit objet est extr\u00eamement longue et minutieuse&nbsp;: plus de dix heures pour notre petite pi\u00e8ce de dix centim\u00e8tres de long&nbsp;!<\/p>\n\n\n\n<p>En attendant, petits et grands ont zieut\u00e9 le fonctionnement hypnotisant de la machine, mais aussi d\u00e9couvert le logiciel assez simple et gratuit qui commande l\u2019imprimante. Sur une table, une multitude de petits objets plastiques n\u00e9s des ateliers successifs.<\/p>\n\n\n\n<p>Sur d\u2019autres tables, une multitude d\u2019activit\u00e9s pratiques et num\u00e9riques&nbsp;: cr\u00e9ations d\u2019autocollants \u00e0 imprimer, d\u2019impression textile sur des t-shirts, ou de petites cl\u00e9s USB personnalisables.<\/p>\n\n\n\n<figure class=\"wp-block-gallery columns-3 is-cropped wp-block-gallery-1 is-layout-flex wp-block-gallery-is-layout-flex\"><ul class=\"blocks-gallery-grid\"><li class=\"blocks-gallery-item\"><figure><img loading=\"lazy\" decoding=\"async\" width=\"1024\" height=\"768\" src=\"http:\/\/blog.fondation-ove.fr\/curieuxrencarts\/wp-content\/uploads\/sites\/77\/2021\/09\/IMG_20210908_151308-1024x768.jpg\" alt=\"\" data-id=\"188\" data-full-url=\"http:\/\/blog.fondation-ove.fr\/curieuxrencarts\/wp-content\/uploads\/sites\/77\/2021\/09\/IMG_20210908_151308-scaled.jpg\" data-link=\"https:\/\/blog.fondation-ove.fr\/curieuxrencarts\/smart-3\/\" class=\"wp-image-188\" srcset=\"https:\/\/blog.fondation-ove.fr\/curieuxrencarts\/wp-content\/uploads\/sites\/77\/2021\/09\/IMG_20210908_151308-1024x768.jpg 1024w, https:\/\/blog.fondation-ove.fr\/curieuxrencarts\/wp-content\/uploads\/sites\/77\/2021\/09\/IMG_20210908_151308-300x225.jpg 300w, https:\/\/blog.fondation-ove.fr\/curieuxrencarts\/wp-content\/uploads\/sites\/77\/2021\/09\/IMG_20210908_151308-768x576.jpg 768w, https:\/\/blog.fondation-ove.fr\/curieuxrencarts\/wp-content\/uploads\/sites\/77\/2021\/09\/IMG_20210908_151308-1536x1152.jpg 1536w, https:\/\/blog.fondation-ove.fr\/curieuxrencarts\/wp-content\/uploads\/sites\/77\/2021\/09\/IMG_20210908_151308-2048x1536.jpg 2048w\" sizes=\"auto, (max-width: 1024px) 100vw, 1024px\" \/><\/figure><\/li><li class=\"blocks-gallery-item\"><figure><img loading=\"lazy\" decoding=\"async\" width=\"1024\" height=\"768\" src=\"http:\/\/blog.fondation-ove.fr\/curieuxrencarts\/wp-content\/uploads\/sites\/77\/2021\/09\/IMG_20210908_151355-1024x768.jpg\" alt=\"\" data-id=\"189\" data-full-url=\"http:\/\/blog.fondation-ove.fr\/curieuxrencarts\/wp-content\/uploads\/sites\/77\/2021\/09\/IMG_20210908_151355-scaled.jpg\" data-link=\"https:\/\/blog.fondation-ove.fr\/curieuxrencarts\/smart-4\/\" class=\"wp-image-189\" srcset=\"https:\/\/blog.fondation-ove.fr\/curieuxrencarts\/wp-content\/uploads\/sites\/77\/2021\/09\/IMG_20210908_151355-1024x768.jpg 1024w, https:\/\/blog.fondation-ove.fr\/curieuxrencarts\/wp-content\/uploads\/sites\/77\/2021\/09\/IMG_20210908_151355-300x225.jpg 300w, https:\/\/blog.fondation-ove.fr\/curieuxrencarts\/wp-content\/uploads\/sites\/77\/2021\/09\/IMG_20210908_151355-768x576.jpg 768w, https:\/\/blog.fondation-ove.fr\/curieuxrencarts\/wp-content\/uploads\/sites\/77\/2021\/09\/IMG_20210908_151355-1536x1152.jpg 1536w, https:\/\/blog.fondation-ove.fr\/curieuxrencarts\/wp-content\/uploads\/sites\/77\/2021\/09\/IMG_20210908_151355-2048x1536.jpg 2048w\" sizes=\"auto, (max-width: 1024px) 100vw, 1024px\" \/><\/figure><\/li><li class=\"blocks-gallery-item\"><figure><img loading=\"lazy\" decoding=\"async\" width=\"1024\" height=\"768\" src=\"http:\/\/blog.fondation-ove.fr\/curieuxrencarts\/wp-content\/uploads\/sites\/77\/2021\/09\/IMG_20210908_151655-1024x768.jpg\" alt=\"\" data-id=\"190\" data-full-url=\"http:\/\/blog.fondation-ove.fr\/curieuxrencarts\/wp-content\/uploads\/sites\/77\/2021\/09\/IMG_20210908_151655-scaled.jpg\" data-link=\"https:\/\/blog.fondation-ove.fr\/curieuxrencarts\/smart-5\/\" class=\"wp-image-190\" srcset=\"https:\/\/blog.fondation-ove.fr\/curieuxrencarts\/wp-content\/uploads\/sites\/77\/2021\/09\/IMG_20210908_151655-1024x768.jpg 1024w, https:\/\/blog.fondation-ove.fr\/curieuxrencarts\/wp-content\/uploads\/sites\/77\/2021\/09\/IMG_20210908_151655-300x225.jpg 300w, https:\/\/blog.fondation-ove.fr\/curieuxrencarts\/wp-content\/uploads\/sites\/77\/2021\/09\/IMG_20210908_151655-768x576.jpg 768w, https:\/\/blog.fondation-ove.fr\/curieuxrencarts\/wp-content\/uploads\/sites\/77\/2021\/09\/IMG_20210908_151655-1536x1152.jpg 1536w, https:\/\/blog.fondation-ove.fr\/curieuxrencarts\/wp-content\/uploads\/sites\/77\/2021\/09\/IMG_20210908_151655-2048x1536.jpg 2048w\" sizes=\"auto, (max-width: 1024px) 100vw, 1024px\" \/><\/figure><\/li><\/ul><\/figure>\n\n\n\n<p>Pour clore l\u2019apr\u00e8s-midi, et sur demande de son public conquis, les jeunes de Faverges ont d\u00e9dicac\u00e9 l\u2019affiche de leur film.<\/p>\n\n\n\n<div class=\"wp-block-image\"><figure class=\"aligncenter size-large is-resized\"><img loading=\"lazy\" decoding=\"async\" src=\"http:\/\/blog.fondation-ove.fr\/curieuxrencarts\/wp-content\/uploads\/sites\/77\/2021\/09\/IMG_20210908_153618-Copie-1024x568.jpg\" alt=\"\" class=\"wp-image-191\" width=\"625\" height=\"346\" srcset=\"https:\/\/blog.fondation-ove.fr\/curieuxrencarts\/wp-content\/uploads\/sites\/77\/2021\/09\/IMG_20210908_153618-Copie-1024x568.jpg 1024w, https:\/\/blog.fondation-ove.fr\/curieuxrencarts\/wp-content\/uploads\/sites\/77\/2021\/09\/IMG_20210908_153618-Copie-300x167.jpg 300w, https:\/\/blog.fondation-ove.fr\/curieuxrencarts\/wp-content\/uploads\/sites\/77\/2021\/09\/IMG_20210908_153618-Copie-768x426.jpg 768w, https:\/\/blog.fondation-ove.fr\/curieuxrencarts\/wp-content\/uploads\/sites\/77\/2021\/09\/IMG_20210908_153618-Copie-1536x853.jpg 1536w, https:\/\/blog.fondation-ove.fr\/curieuxrencarts\/wp-content\/uploads\/sites\/77\/2021\/09\/IMG_20210908_153618-Copie-2048x1137.jpg 2048w\" sizes=\"auto, (max-width: 625px) 100vw, 625px\" \/><\/figure><\/div>\n\n\n\n<p>En bilan&nbsp;de ce rendez-vous&nbsp;: de beaux \u00e9changes entre participants, une irr\u00e9pressible envie de rester \u00ab&nbsp;bidouiller&nbsp;\u00bb au fablab (des ateliers d\u2019ors et d\u00e9j\u00e0 programm\u00e9s pour l\u2019ESAT&nbsp;!) , et un engouement autour du projet cin\u00e9matographique r\u00e9alis\u00e9 en lien avec la micro-folie&nbsp;: une piste qui va peut-\u00eatre essaimer aupr\u00e8s d&rsquo;autres \u00e9tablissements, qui sait\u2026<\/p>\n\n\n\n<figure class=\"wp-block-pullquote is-style-solid-color\"><blockquote class=\"has-text-color\" style=\"color:#ef22ec\"><p>\u00ab\u00a0De notre c\u00f4t\u00e9, les usagers sont ravis<\/p><p>d&rsquo;avoir pu pr\u00e9senter leur film et d\u00e9couvrir<\/p><p>de nouveaux outils au fablab, avec d\u00e9j\u00e0 de<\/p><p>nouvelles id\u00e9es de projet \u00e0 faire avec la<\/p><p>micro-folie de Faverges qui va investir<\/p><p>dans ces outils.\u00a0\u00bb <\/p><cite>Edith Pecheur, responsable de site et r\u00e9f\u00e9rente culture aux Appartements de soutien de Faverges<\/cite><\/blockquote><\/figure>\n","protected":false},"excerpt":{"rendered":"<p>Rendez-vous \u00e9tait donn\u00e9 ce mercredi 8 septembre apr\u00e8s-midi \u00e0 des jeunes des Appartements de soutien de Faverges, du Sessad de Tullins et de l\u2019ESAT des Ateliers du Plantau. Direction le tiers-lieu num\u00e9rique de St Marcellin, en Is\u00e8re (38), avec au programme&nbsp;: d\u00e9couverte de la micro-folie et de son fablab. Une&hellip; <\/p>\n","protected":false},"author":492,"featured_media":231,"comment_status":"closed","ping_status":"closed","sticky":false,"template":"","format":"standard","meta":{"ngg_post_thumbnail":0,"footnotes":""},"categories":[1],"tags":[],"class_list":["post-192","post","type-post","status-publish","format-standard","has-post-thumbnail","hentry","category-non-classe"],"_links":{"self":[{"href":"https:\/\/blog.fondation-ove.fr\/curieuxrencarts\/wp-json\/wp\/v2\/posts\/192","targetHints":{"allow":["GET"]}}],"collection":[{"href":"https:\/\/blog.fondation-ove.fr\/curieuxrencarts\/wp-json\/wp\/v2\/posts"}],"about":[{"href":"https:\/\/blog.fondation-ove.fr\/curieuxrencarts\/wp-json\/wp\/v2\/types\/post"}],"author":[{"embeddable":true,"href":"https:\/\/blog.fondation-ove.fr\/curieuxrencarts\/wp-json\/wp\/v2\/users\/492"}],"replies":[{"embeddable":true,"href":"https:\/\/blog.fondation-ove.fr\/curieuxrencarts\/wp-json\/wp\/v2\/comments?post=192"}],"version-history":[{"count":12,"href":"https:\/\/blog.fondation-ove.fr\/curieuxrencarts\/wp-json\/wp\/v2\/posts\/192\/revisions"}],"predecessor-version":[{"id":337,"href":"https:\/\/blog.fondation-ove.fr\/curieuxrencarts\/wp-json\/wp\/v2\/posts\/192\/revisions\/337"}],"wp:featuredmedia":[{"embeddable":true,"href":"https:\/\/blog.fondation-ove.fr\/curieuxrencarts\/wp-json\/wp\/v2\/media\/231"}],"wp:attachment":[{"href":"https:\/\/blog.fondation-ove.fr\/curieuxrencarts\/wp-json\/wp\/v2\/media?parent=192"}],"wp:term":[{"taxonomy":"category","embeddable":true,"href":"https:\/\/blog.fondation-ove.fr\/curieuxrencarts\/wp-json\/wp\/v2\/categories?post=192"},{"taxonomy":"post_tag","embeddable":true,"href":"https:\/\/blog.fondation-ove.fr\/curieuxrencarts\/wp-json\/wp\/v2\/tags?post=192"}],"curies":[{"name":"wp","href":"https:\/\/api.w.org\/{rel}","templated":true}]}}