{"id":171,"date":"2021-09-02T12:00:28","date_gmt":"2021-09-02T10:00:28","guid":{"rendered":"https:\/\/blog.fondation-ove.fr\/curieuxrencarts\/?p=171"},"modified":"2021-09-13T09:36:35","modified_gmt":"2021-09-13T07:36:35","slug":"top-depart-a-la-decouverte-du-programme-et-rappel-des-consignes-sanitaires","status":"publish","type":"post","link":"https:\/\/blog.fondation-ove.fr\/curieuxrencarts\/2021\/09\/02\/top-depart-a-la-decouverte-du-programme-et-rappel-des-consignes-sanitaires\/","title":{"rendered":"Top d\u00e9part ! A la d\u00e9couverte du programme et rappel des consignes sanitaires"},"content":{"rendered":"\n<p>Voici venu septembre, mois de d\u00e9couvertes culturelles de la Fondation OVE&nbsp;! Les <em>Curieux renc&rsquo;Arts<\/em> vont d\u00e9buter tr\u00e8s prochainement, avec pas moins de <strong>8 rendez-vous crois\u00e9s<\/strong> entre \u00e9tablissements de la Fondation, \u00e0 l\u2019\u00e9chelle des diff\u00e9rents territoires.<\/p>\n\n\n\n<div class=\"wp-block-image\"><figure class=\"aligncenter size-large is-resized\"><img loading=\"lazy\" decoding=\"async\" src=\"http:\/\/blog.fondation-ove.fr\/curieuxrencarts\/wp-content\/uploads\/sites\/77\/2021\/07\/Curieux-rencart_visuel-V3-1024x727.png\" alt=\"\" class=\"wp-image-64\" width=\"624\" height=\"443\" srcset=\"https:\/\/blog.fondation-ove.fr\/curieuxrencarts\/wp-content\/uploads\/sites\/77\/2021\/07\/Curieux-rencart_visuel-V3-1024x727.png 1024w, https:\/\/blog.fondation-ove.fr\/curieuxrencarts\/wp-content\/uploads\/sites\/77\/2021\/07\/Curieux-rencart_visuel-V3-300x213.png 300w, https:\/\/blog.fondation-ove.fr\/curieuxrencarts\/wp-content\/uploads\/sites\/77\/2021\/07\/Curieux-rencart_visuel-V3-768x545.png 768w, https:\/\/blog.fondation-ove.fr\/curieuxrencarts\/wp-content\/uploads\/sites\/77\/2021\/07\/Curieux-rencart_visuel-V3-1536x1091.png 1536w, https:\/\/blog.fondation-ove.fr\/curieuxrencarts\/wp-content\/uploads\/sites\/77\/2021\/07\/Curieux-rencart_visuel-V3-2048x1454.png 2048w\" sizes=\"auto, (max-width: 624px) 100vw, 624px\" \/><\/figure><\/div>\n\n\n\n<p>C\u2019est avec joie que nous vous invitons \u00e0 d\u00e9couvrir ci-dessous le <strong>programme <\/strong>:<\/p>\n\n\n\n<div class=\"wp-block-image\"><figure class=\"aligncenter size-large\"><img loading=\"lazy\" decoding=\"async\" width=\"1024\" height=\"722\" src=\"http:\/\/blog.fondation-ove.fr\/curieuxrencarts\/wp-content\/uploads\/sites\/77\/2021\/09\/Curieux-rencarts_programme-def-bd-verso-1024x722.jpg\" alt=\"\" class=\"wp-image-181\" srcset=\"https:\/\/blog.fondation-ove.fr\/curieuxrencarts\/wp-content\/uploads\/sites\/77\/2021\/09\/Curieux-rencarts_programme-def-bd-verso-1024x722.jpg 1024w, https:\/\/blog.fondation-ove.fr\/curieuxrencarts\/wp-content\/uploads\/sites\/77\/2021\/09\/Curieux-rencarts_programme-def-bd-verso-300x211.jpg 300w, https:\/\/blog.fondation-ove.fr\/curieuxrencarts\/wp-content\/uploads\/sites\/77\/2021\/09\/Curieux-rencarts_programme-def-bd-verso-768x541.jpg 768w, https:\/\/blog.fondation-ove.fr\/curieuxrencarts\/wp-content\/uploads\/sites\/77\/2021\/09\/Curieux-rencarts_programme-def-bd-verso-1536x1083.jpg 1536w, https:\/\/blog.fondation-ove.fr\/curieuxrencarts\/wp-content\/uploads\/sites\/77\/2021\/09\/Curieux-rencarts_programme-def-bd-verso-2048x1444.jpg 2048w\" sizes=\"auto, (max-width: 1024px) 100vw, 1024px\" \/><\/figure><\/div>\n\n\n\n<p>Ce flyer est <strong>\u00e0 t\u00e9l\u00e9charger librement<\/strong> <strong><a href=\"http:\/\/blog.fondation-ove.fr\/curieuxrencarts\/wp-content\/uploads\/sites\/77\/2021\/09\/Curieux-rencarts_programme-def-bd.pdf\" data-type=\"URL\" data-id=\"http:\/\/blog.fondation-ove.fr\/curieuxrencarts\/wp-content\/uploads\/sites\/77\/2021\/09\/Curieux-rencarts_programme-def-bd.pdf\" target=\"_blank\" rel=\"noreferrer noopener\">ICI<\/a><\/strong> en pdf ; n\u2019h\u00e9sitez pas \u00e0 l\u2019imprimer et le mettre \u00e0 disposition dans votre \u00e9tablissement&nbsp;! Et pour plus d\u2019infos pratiques li\u00e9es \u00e0 chaque rendez-vous (adresse, personne-contact\u2026), direction la <a href=\"https:\/\/blog.fondation-ove.fr\/curieuxrencarts\/2021\/07\/13\/lacartedesevenements\/\">carte des \u00e9v\u00e8nements<\/a>.<\/p>\n\n\n\n<p>Enfin, et afin que ces rencontres se d\u00e9roulent dans la convivialit\u00e9 et le respect de la s\u00e9curit\u00e9 de chacun, rappelons que ce cycle d\u2019\u00e9v\u00e8nements est organis\u00e9 selon les consignes sanitaires en vigueur&nbsp;:<\/p>\n\n\n\n<p>-respect des gestes barri\u00e8res, dont <strong>masque<\/strong> obligatoire<\/p>\n\n\n\n<p>-pour les rendez-vous se d\u00e9roulant au sein d&rsquo;une structure culturelle (<em>Rendez-vous en micro-folie #1<\/em>, <em>Rendez-vous en micro-folie #2<\/em>, <em>L\u2019Op\u00e9ra de haut en bas<\/em>), un <strong>pass sanitaire<\/strong> est requis pour les <strong>+ de 18 ans<\/strong>. Pour rappel, un pass sanitaire est valide si au moins une des 3 options suivante est effective :<\/p>\n\n\n\n<ul class=\"wp-block-list\"><li>un sch\u00e9ma vaccinal complet<\/li><li>un r\u00e9sultat n\u00e9gatif d&rsquo;un test virologique de moins de 72h (examen de d\u00e9pistage RT-PCR, test antig\u00e9nique ou autotest r\u00e9alis\u00e9 sous la supervision d\u2019un professionnel de sant\u00e9)<\/li><li>un certificat de r\u00e9tablissement au covid de moins de 6 mois<\/li><\/ul>\n\n\n\n<p>-afin de respecter les jauges en vigueur, certains rendez-vous sont sur <strong>inscription<\/strong>. Si vous \u00eates interess\u00e9.e, merci de vous manifester aupr\u00e8s de la personne contact que vous retrouverez respectivement sur chaque fiche-\u00e9v\u00e8nement de la <a href=\"https:\/\/blog.fondation-ove.fr\/curieuxrencarts\/2021\/07\/13\/lacartedesevenements\/\">cartographie<\/a>.<\/p>\n\n\n\n<p><\/p>\n","protected":false},"excerpt":{"rendered":"<p>Voici venu septembre, mois de d\u00e9couvertes culturelles de la Fondation OVE&nbsp;! Les Curieux renc&rsquo;Arts vont d\u00e9buter tr\u00e8s prochainement, avec pas moins de 8 rendez-vous crois\u00e9s entre \u00e9tablissements de la Fondation, \u00e0 l\u2019\u00e9chelle des diff\u00e9rents territoires. C\u2019est avec joie que nous vous invitons \u00e0 d\u00e9couvrir ci-dessous le programme : Ce flyer&hellip; <\/p>\n","protected":false},"author":492,"featured_media":227,"comment_status":"closed","ping_status":"closed","sticky":false,"template":"","format":"standard","meta":{"ngg_post_thumbnail":0,"footnotes":""},"categories":[1],"tags":[],"class_list":["post-171","post","type-post","status-publish","format-standard","has-post-thumbnail","hentry","category-non-classe"],"_links":{"self":[{"href":"https:\/\/blog.fondation-ove.fr\/curieuxrencarts\/wp-json\/wp\/v2\/posts\/171","targetHints":{"allow":["GET"]}}],"collection":[{"href":"https:\/\/blog.fondation-ove.fr\/curieuxrencarts\/wp-json\/wp\/v2\/posts"}],"about":[{"href":"https:\/\/blog.fondation-ove.fr\/curieuxrencarts\/wp-json\/wp\/v2\/types\/post"}],"author":[{"embeddable":true,"href":"https:\/\/blog.fondation-ove.fr\/curieuxrencarts\/wp-json\/wp\/v2\/users\/492"}],"replies":[{"embeddable":true,"href":"https:\/\/blog.fondation-ove.fr\/curieuxrencarts\/wp-json\/wp\/v2\/comments?post=171"}],"version-history":[{"count":9,"href":"https:\/\/blog.fondation-ove.fr\/curieuxrencarts\/wp-json\/wp\/v2\/posts\/171\/revisions"}],"predecessor-version":[{"id":228,"href":"https:\/\/blog.fondation-ove.fr\/curieuxrencarts\/wp-json\/wp\/v2\/posts\/171\/revisions\/228"}],"wp:featuredmedia":[{"embeddable":true,"href":"https:\/\/blog.fondation-ove.fr\/curieuxrencarts\/wp-json\/wp\/v2\/media\/227"}],"wp:attachment":[{"href":"https:\/\/blog.fondation-ove.fr\/curieuxrencarts\/wp-json\/wp\/v2\/media?parent=171"}],"wp:term":[{"taxonomy":"category","embeddable":true,"href":"https:\/\/blog.fondation-ove.fr\/curieuxrencarts\/wp-json\/wp\/v2\/categories?post=171"},{"taxonomy":"post_tag","embeddable":true,"href":"https:\/\/blog.fondation-ove.fr\/curieuxrencarts\/wp-json\/wp\/v2\/tags?post=171"}],"curies":[{"name":"wp","href":"https:\/\/api.w.org\/{rel}","templated":true}]}}