{"id":4239,"date":"2021-05-21T10:15:28","date_gmt":"2021-05-21T08:15:28","guid":{"rendered":"https:\/\/blog.fondation-ove.fr\/celadon\/?p=4239"},"modified":"2021-05-21T10:15:29","modified_gmt":"2021-05-21T08:15:29","slug":"stage-en-entretien-de-la-voirie-a-feurs","status":"publish","type":"post","link":"https:\/\/blog.fondation-ove.fr\/celadon\/2021\/05\/21\/stage-en-entretien-de-la-voirie-a-feurs\/","title":{"rendered":"Stage en entretien de la voirie \u00e0 Feurs"},"content":{"rendered":"\n<p>Je suis all\u00e9 en stage \u00e0 la ville de Feurs en entretien de la voirie pour d\u00e9couvrir ce m\u00e9tier, du 26 avril au 14 mai 2021. Je commen\u00e7ais  le travail \u00e0 7h30 et je finissais a 16 h 30 le mardi et le mercredi de 7 h 30 a 15 h.<\/p>\n\n\n\n<p>Je me d\u00e9pla\u00e7ais en bus chaque matin pendant trois semaines pour y aller. Le mardi matin, j&rsquo;ai nettoy\u00e9 les poubelles et les d\u00e9chets. L&rsquo; apr\u00e8s-midi \u00e0 partir de 12 h 50 nous allions au march\u00e9 pour faire le nettoyage. Le mercredi, peinture des places de parking toute la journ\u00e9e. La semaine suivante, j&rsquo;ai fait la tonte de gazon et le nettoyage des d\u00e9chets dans le quartier de la Boissonnette. Le dernier jour, j&rsquo;ai mis l&rsquo;enrob\u00e9 \u00e0 froid sur les trous de la route.<\/p>\n\n\n\n<p>Mon prochain stage sera du 21 juin au 2 juillet en animation \u00e0 la maison de retraite de Montbrison.<\/p>\n\n\n\n<p>Arthur <\/p>\n\n\n\n<p><\/p>\n","protected":false},"excerpt":{"rendered":"<p>Je suis all\u00e9 en stage \u00e0 la ville de Feurs en entretien de la voirie pour d\u00e9couvrir ce m\u00e9tier, du 26 avril au 14 mai 2021. Je commen\u00e7ais le travail \u00e0 7h30 et je finissais a 16 h 30 le &hellip; <a href=\"https:\/\/blog.fondation-ove.fr\/celadon\/2021\/05\/21\/stage-en-entretien-de-la-voirie-a-feurs\/\">Continuer la lecture <span class=\"meta-nav\">&rarr;<\/span><\/a><\/p>\n","protected":false},"author":413,"featured_media":0,"comment_status":"open","ping_status":"open","sticky":true,"template":"","format":"standard","meta":{"ngg_post_thumbnail":0,"footnotes":""},"categories":[1],"tags":[],"class_list":["post-4239","post","type-post","status-publish","format-standard","hentry","category-non-classe"],"_links":{"self":[{"href":"https:\/\/blog.fondation-ove.fr\/celadon\/wp-json\/wp\/v2\/posts\/4239","targetHints":{"allow":["GET"]}}],"collection":[{"href":"https:\/\/blog.fondation-ove.fr\/celadon\/wp-json\/wp\/v2\/posts"}],"about":[{"href":"https:\/\/blog.fondation-ove.fr\/celadon\/wp-json\/wp\/v2\/types\/post"}],"author":[{"embeddable":true,"href":"https:\/\/blog.fondation-ove.fr\/celadon\/wp-json\/wp\/v2\/users\/413"}],"replies":[{"embeddable":true,"href":"https:\/\/blog.fondation-ove.fr\/celadon\/wp-json\/wp\/v2\/comments?post=4239"}],"version-history":[{"count":1,"href":"https:\/\/blog.fondation-ove.fr\/celadon\/wp-json\/wp\/v2\/posts\/4239\/revisions"}],"predecessor-version":[{"id":4245,"href":"https:\/\/blog.fondation-ove.fr\/celadon\/wp-json\/wp\/v2\/posts\/4239\/revisions\/4245"}],"wp:attachment":[{"href":"https:\/\/blog.fondation-ove.fr\/celadon\/wp-json\/wp\/v2\/media?parent=4239"}],"wp:term":[{"taxonomy":"category","embeddable":true,"href":"https:\/\/blog.fondation-ove.fr\/celadon\/wp-json\/wp\/v2\/categories?post=4239"},{"taxonomy":"post_tag","embeddable":true,"href":"https:\/\/blog.fondation-ove.fr\/celadon\/wp-json\/wp\/v2\/tags?post=4239"}],"curies":[{"name":"wp","href":"https:\/\/api.w.org\/{rel}","templated":true}]}}