{"id":4230,"date":"2021-03-12T11:36:03","date_gmt":"2021-03-12T10:36:03","guid":{"rendered":"http:\/\/blog.fondation-ove.fr\/celadon\/?p=4230"},"modified":"2021-03-12T11:36:52","modified_gmt":"2021-03-12T10:36:52","slug":"le-retour-de-furkan","status":"publish","type":"post","link":"https:\/\/blog.fondation-ove.fr\/celadon\/2021\/03\/12\/le-retour-de-furkan\/","title":{"rendered":"Le retour de Furkan"},"content":{"rendered":"\n<p>Je suis parti le mardi 13 octobre \u00e0 Paris \u00e0 l\u2019h\u00f4pital la Piti\u00e9 Salp\u00eatri\u00e8re l&rsquo;apr\u00e8s-midi et le mercredi 14 octobre, j&rsquo;ai eu une op\u00e9ration et je suis rest\u00e9 pendant 4 semaines \u00e0 l\u2019h\u00f4pital. Un mois apr\u00e8s, le vendredi 6 novembre j&rsquo;ai eu une autre op\u00e9ration et je suis rest\u00e9 3 jours a l\u2019h\u00f4pital. Lundi 9 novembre, je suis rentr\u00e9 \u00e0 la maison, et je suis rest\u00e9 allonger sur le canap\u00e9. <\/p>\n\n\n\n<p>J&rsquo;ai mis mon at\u00e8le au genou pendant plusieurs semaines et lundi 18 janvier, j&rsquo;ai eu une nouvelle op\u00e9ration puis je suis rentr\u00e9 a la maison. J&rsquo;ai commenc\u00e9 les s\u00e9ances de kin\u00e9sith\u00e9rapeute tous les mardis et vendredi.  Lundi 1 F\u00e9vrier, je retourne \u00e0 Paris pour mes op\u00e9rations de mon genou.<\/p>\n\n\n\n<p> Lundi 1 mars je suis revenu \u00e0 l&rsquo;IME et je suis content de venir ici. Cela me fait plaisir de revoir les \u00e9ducateurs, le maitre et les jeunes.  <\/p>\n","protected":false},"excerpt":{"rendered":"<p>Je suis parti le mardi 13 octobre \u00e0 Paris \u00e0 l\u2019h\u00f4pital la Piti\u00e9 Salp\u00eatri\u00e8re l&rsquo;apr\u00e8s-midi et le mercredi 14 octobre, j&rsquo;ai eu une op\u00e9ration et je suis rest\u00e9 pendant 4 semaines \u00e0 l\u2019h\u00f4pital. Un mois apr\u00e8s, le vendredi 6 novembre &hellip; <a href=\"https:\/\/blog.fondation-ove.fr\/celadon\/2021\/03\/12\/le-retour-de-furkan\/\">Continuer la lecture <span class=\"meta-nav\">&rarr;<\/span><\/a><\/p>\n","protected":false},"author":413,"featured_media":0,"comment_status":"open","ping_status":"open","sticky":true,"template":"","format":"standard","meta":{"ngg_post_thumbnail":0,"footnotes":""},"categories":[1],"tags":[],"class_list":["post-4230","post","type-post","status-publish","format-standard","hentry","category-non-classe"],"_links":{"self":[{"href":"https:\/\/blog.fondation-ove.fr\/celadon\/wp-json\/wp\/v2\/posts\/4230","targetHints":{"allow":["GET"]}}],"collection":[{"href":"https:\/\/blog.fondation-ove.fr\/celadon\/wp-json\/wp\/v2\/posts"}],"about":[{"href":"https:\/\/blog.fondation-ove.fr\/celadon\/wp-json\/wp\/v2\/types\/post"}],"author":[{"embeddable":true,"href":"https:\/\/blog.fondation-ove.fr\/celadon\/wp-json\/wp\/v2\/users\/413"}],"replies":[{"embeddable":true,"href":"https:\/\/blog.fondation-ove.fr\/celadon\/wp-json\/wp\/v2\/comments?post=4230"}],"version-history":[{"count":1,"href":"https:\/\/blog.fondation-ove.fr\/celadon\/wp-json\/wp\/v2\/posts\/4230\/revisions"}],"predecessor-version":[{"id":4234,"href":"https:\/\/blog.fondation-ove.fr\/celadon\/wp-json\/wp\/v2\/posts\/4230\/revisions\/4234"}],"wp:attachment":[{"href":"https:\/\/blog.fondation-ove.fr\/celadon\/wp-json\/wp\/v2\/media?parent=4230"}],"wp:term":[{"taxonomy":"category","embeddable":true,"href":"https:\/\/blog.fondation-ove.fr\/celadon\/wp-json\/wp\/v2\/categories?post=4230"},{"taxonomy":"post_tag","embeddable":true,"href":"https:\/\/blog.fondation-ove.fr\/celadon\/wp-json\/wp\/v2\/tags?post=4230"}],"curies":[{"name":"wp","href":"https:\/\/api.w.org\/{rel}","templated":true}]}}