{"id":4195,"date":"2020-09-18T09:39:49","date_gmt":"2020-09-18T07:39:49","guid":{"rendered":"http:\/\/blog.fondation-ove.fr\/celadon\/?p=4195"},"modified":"2020-09-18T09:39:50","modified_gmt":"2020-09-18T07:39:50","slug":"une-serre-a-lime","status":"publish","type":"post","link":"https:\/\/blog.fondation-ove.fr\/celadon\/2020\/09\/18\/une-serre-a-lime\/","title":{"rendered":"Une serre a l&rsquo;IME."},"content":{"rendered":"\n<p>Une serre est mont\u00e9e depuis un an dans le terrain \u00e0 c\u00f4t\u00e9 de L&rsquo;IME.<\/p>\n\n\n\n<p>Elle n&rsquo;est pas encore termin\u00e9e, il manque la b\u00e2che.<\/p>\n\n\n\n<figure class=\"wp-block-image size-large\"><img loading=\"lazy\" decoding=\"async\" width=\"1024\" height=\"768\" src=\"https:\/\/blog.fondation-ove.fr\/celadon\/wp-content\/uploads\/sites\/56\/2020\/09\/unnamed-file-1-1024x768.jpg\" alt=\"\" class=\"wp-image-4197\" srcset=\"https:\/\/blog.fondation-ove.fr\/celadon\/wp-content\/uploads\/sites\/56\/2020\/09\/unnamed-file-1-1024x768.jpg 1024w, https:\/\/blog.fondation-ove.fr\/celadon\/wp-content\/uploads\/sites\/56\/2020\/09\/unnamed-file-1-300x225.jpg 300w, https:\/\/blog.fondation-ove.fr\/celadon\/wp-content\/uploads\/sites\/56\/2020\/09\/unnamed-file-1-768x576.jpg 768w, https:\/\/blog.fondation-ove.fr\/celadon\/wp-content\/uploads\/sites\/56\/2020\/09\/unnamed-file-1-1536x1152.jpg 1536w, https:\/\/blog.fondation-ove.fr\/celadon\/wp-content\/uploads\/sites\/56\/2020\/09\/unnamed-file-1-400x300.jpg 400w, https:\/\/blog.fondation-ove.fr\/celadon\/wp-content\/uploads\/sites\/56\/2020\/09\/unnamed-file-1.jpg 1632w\" sizes=\"auto, (max-width: 1024px) 100vw, 1024px\" \/><\/figure>\n\n\n\n<p>Un \u00e9ducateur et des jeunes de l&rsquo; ITEP sont venus monter la structure. <\/p>\n\n\n\n<p>Nous avons pour projet de cultiver des l\u00e9gume, des fruits, des herbes aromatiques et des fleurs. <\/p>\n\n\n\n<p>Ce projet se fera, \u00e0 certains moments, avec des jeunes du lyc\u00e9e du Puits de l&rsquo;Aune et leur enseignante. <\/p>\n\n\n\n<p>Nous esp\u00e9rons que nous pourrons rapidement nous mettre au travail et jardiner ! <\/p>\n","protected":false},"excerpt":{"rendered":"<p>Une serre est mont\u00e9e depuis un an dans le terrain \u00e0 c\u00f4t\u00e9 de L&rsquo;IME. Elle n&rsquo;est pas encore termin\u00e9e, il manque la b\u00e2che. Un \u00e9ducateur et des jeunes de l&rsquo; ITEP sont venus monter la structure. Nous avons pour projet &hellip; <a href=\"https:\/\/blog.fondation-ove.fr\/celadon\/2020\/09\/18\/une-serre-a-lime\/\">Continuer la lecture <span class=\"meta-nav\">&rarr;<\/span><\/a><\/p>\n","protected":false},"author":413,"featured_media":0,"comment_status":"open","ping_status":"open","sticky":true,"template":"","format":"standard","meta":{"ngg_post_thumbnail":0,"footnotes":""},"categories":[1],"tags":[],"class_list":["post-4195","post","type-post","status-publish","format-standard","hentry","category-non-classe"],"_links":{"self":[{"href":"https:\/\/blog.fondation-ove.fr\/celadon\/wp-json\/wp\/v2\/posts\/4195","targetHints":{"allow":["GET"]}}],"collection":[{"href":"https:\/\/blog.fondation-ove.fr\/celadon\/wp-json\/wp\/v2\/posts"}],"about":[{"href":"https:\/\/blog.fondation-ove.fr\/celadon\/wp-json\/wp\/v2\/types\/post"}],"author":[{"embeddable":true,"href":"https:\/\/blog.fondation-ove.fr\/celadon\/wp-json\/wp\/v2\/users\/413"}],"replies":[{"embeddable":true,"href":"https:\/\/blog.fondation-ove.fr\/celadon\/wp-json\/wp\/v2\/comments?post=4195"}],"version-history":[{"count":2,"href":"https:\/\/blog.fondation-ove.fr\/celadon\/wp-json\/wp\/v2\/posts\/4195\/revisions"}],"predecessor-version":[{"id":4198,"href":"https:\/\/blog.fondation-ove.fr\/celadon\/wp-json\/wp\/v2\/posts\/4195\/revisions\/4198"}],"wp:attachment":[{"href":"https:\/\/blog.fondation-ove.fr\/celadon\/wp-json\/wp\/v2\/media?parent=4195"}],"wp:term":[{"taxonomy":"category","embeddable":true,"href":"https:\/\/blog.fondation-ove.fr\/celadon\/wp-json\/wp\/v2\/categories?post=4195"},{"taxonomy":"post_tag","embeddable":true,"href":"https:\/\/blog.fondation-ove.fr\/celadon\/wp-json\/wp\/v2\/tags?post=4195"}],"curies":[{"name":"wp","href":"https:\/\/api.w.org\/{rel}","templated":true}]}}