{"id":2840,"date":"2020-04-20T20:54:12","date_gmt":"2020-04-20T18:54:12","guid":{"rendered":"http:\/\/blog.fondation-ove.fr\/celadon\/?p=2840"},"modified":"2020-04-20T20:56:37","modified_gmt":"2020-04-20T18:56:37","slug":"fondant-au-chocolat","status":"publish","type":"post","link":"https:\/\/blog.fondation-ove.fr\/celadon\/2020\/04\/20\/fondant-au-chocolat\/","title":{"rendered":"Fondant au chocolat  par Corentin"},"content":{"rendered":"\n<p>Bonjour,<\/p>\n\n\n\n<p>Je vous pr\u00e9sente un petit c\u0153ur fondant au chocolat que j&rsquo;ai pr\u00e9par\u00e9 et que je viens de d\u00e9guster, c&rsquo;\u00e9tait d\u00e9licieux.<\/p>\n\n\n\n<div class=\"wp-block-image\"><figure class=\"aligncenter size-large is-resized\"><img loading=\"lazy\" decoding=\"async\" src=\"https:\/\/blog.fondation-ove.fr\/celadon\/wp-content\/uploads\/sites\/56\/2020\/04\/IMG_20200419_180209-576x1024.jpg\" alt=\"\" class=\"wp-image-2841\" width=\"271\" height=\"482\" srcset=\"https:\/\/blog.fondation-ove.fr\/celadon\/wp-content\/uploads\/sites\/56\/2020\/04\/IMG_20200419_180209-576x1024.jpg 576w, https:\/\/blog.fondation-ove.fr\/celadon\/wp-content\/uploads\/sites\/56\/2020\/04\/IMG_20200419_180209-169x300.jpg 169w, https:\/\/blog.fondation-ove.fr\/celadon\/wp-content\/uploads\/sites\/56\/2020\/04\/IMG_20200419_180209-768x1365.jpg 768w, https:\/\/blog.fondation-ove.fr\/celadon\/wp-content\/uploads\/sites\/56\/2020\/04\/IMG_20200419_180209-864x1536.jpg 864w, https:\/\/blog.fondation-ove.fr\/celadon\/wp-content\/uploads\/sites\/56\/2020\/04\/IMG_20200419_180209-1152x2048.jpg 1152w, https:\/\/blog.fondation-ove.fr\/celadon\/wp-content\/uploads\/sites\/56\/2020\/04\/IMG_20200419_180209-scaled.jpg 1440w\" sizes=\"auto, (max-width: 271px) 100vw, 271px\" \/><\/figure><\/div>\n\n\n\n<p>Coco,                                                                              le 19 avril<\/p>\n","protected":false},"excerpt":{"rendered":"<p>Bonjour, Je vous pr\u00e9sente un petit c\u0153ur fondant au chocolat que j&rsquo;ai pr\u00e9par\u00e9 et que je viens de d\u00e9guster, c&rsquo;\u00e9tait d\u00e9licieux. Coco, le 19 avril<\/p>\n","protected":false},"author":413,"featured_media":0,"comment_status":"open","ping_status":"open","sticky":false,"template":"","format":"standard","meta":{"ngg_post_thumbnail":0,"footnotes":""},"categories":[1],"tags":[],"class_list":["post-2840","post","type-post","status-publish","format-standard","hentry","category-non-classe"],"_links":{"self":[{"href":"https:\/\/blog.fondation-ove.fr\/celadon\/wp-json\/wp\/v2\/posts\/2840","targetHints":{"allow":["GET"]}}],"collection":[{"href":"https:\/\/blog.fondation-ove.fr\/celadon\/wp-json\/wp\/v2\/posts"}],"about":[{"href":"https:\/\/blog.fondation-ove.fr\/celadon\/wp-json\/wp\/v2\/types\/post"}],"author":[{"embeddable":true,"href":"https:\/\/blog.fondation-ove.fr\/celadon\/wp-json\/wp\/v2\/users\/413"}],"replies":[{"embeddable":true,"href":"https:\/\/blog.fondation-ove.fr\/celadon\/wp-json\/wp\/v2\/comments?post=2840"}],"version-history":[{"count":2,"href":"https:\/\/blog.fondation-ove.fr\/celadon\/wp-json\/wp\/v2\/posts\/2840\/revisions"}],"predecessor-version":[{"id":2844,"href":"https:\/\/blog.fondation-ove.fr\/celadon\/wp-json\/wp\/v2\/posts\/2840\/revisions\/2844"}],"wp:attachment":[{"href":"https:\/\/blog.fondation-ove.fr\/celadon\/wp-json\/wp\/v2\/media?parent=2840"}],"wp:term":[{"taxonomy":"category","embeddable":true,"href":"https:\/\/blog.fondation-ove.fr\/celadon\/wp-json\/wp\/v2\/categories?post=2840"},{"taxonomy":"post_tag","embeddable":true,"href":"https:\/\/blog.fondation-ove.fr\/celadon\/wp-json\/wp\/v2\/tags?post=2840"}],"curies":[{"name":"wp","href":"https:\/\/api.w.org\/{rel}","templated":true}]}}